{"id":108569,"date":"2022-01-15T08:35:43","date_gmt":"2022-01-15T14:35:43","guid":{"rendered":"https:\/\/www.uv.mx\/prensa\/?p=108569"},"modified":"2022-01-22T20:35:08","modified_gmt":"2022-01-23T02:35:08","slug":"beca-de-fundacion-uv-me-permite-enfocarme-en-mi-carrera-estudiante","status":"publish","type":"post","link":"https:\/\/www.uv.mx\/prensa\/entrevista\/beca-de-fundacion-uv-me-permite-enfocarme-en-mi-carrera-estudiante\/","title":{"rendered":"Beca de la UV me permite enfocarme en mi carrera: estudiante"},"content":{"rendered":"<ul>\n<li data-leveltext=\"\uf0b7\" data-font=\"Symbol\" data-listid=\"5\" data-aria-posinset=\"1\" data-aria-level=\"1\"><i><span data-contrast=\"auto\">Elizabeth Mota cursa el sexto semestre de Ingenier\u00eda en Agronom\u00eda, en la regi\u00f3n Orizaba-C\u00f3rdoba<\/span><\/i><span data-ccp-props=\"{}\">\u00a0<\/span><\/li>\n<li data-leveltext=\"\uf0b7\" data-font=\"Symbol\" data-listid=\"5\" data-aria-posinset=\"2\" data-aria-level=\"1\"><i><span data-contrast=\"auto\">La joven desea ayudar a los campesinos de la regi\u00f3n a mejorar sus cultivos de caf\u00e9, ca\u00f1a y lim\u00f3n<\/span><\/i><span data-ccp-props=\"{}\">\u00a0<\/span><\/li>\n<\/ul>\n<p>&nbsp;<\/p>\n<div id=\"attachment_108515\" style=\"width: 732px\" class=\"wp-caption aligncenter\"><a href=\"https:\/\/www.uv.mx\/prensa\/files\/2022\/01\/150122-Entrevista-Elizabeth-Mota-1.jpg\"><img aria-describedby=\"caption-attachment-108515\" decoding=\"async\" loading=\"lazy\" class=\"size-full wp-image-108515\" src=\"https:\/\/www.uv.mx\/prensa\/files\/2022\/01\/150122-Entrevista-Elizabeth-Mota-1.jpg\" alt=\"\" width=\"722\" height=\"481\" srcset=\"https:\/\/www.uv.mx\/prensa\/files\/2022\/01\/150122-Entrevista-Elizabeth-Mota-1.jpg 722w, https:\/\/www.uv.mx\/prensa\/files\/2022\/01\/150122-Entrevista-Elizabeth-Mota-1-300x200.jpg 300w\" sizes=\"(max-width: 722px) 100vw, 722px\" \/><\/a><p id=\"caption-attachment-108515\" class=\"wp-caption-text\">Elizabeth Mota Rinc\u00f3n<\/p><\/div>\n<p>&nbsp;<\/p>\n<p><b><i><span data-contrast=\"auto\">Carlos Hugo Hermida Rosales<\/span><\/i><\/b><span data-ccp-props=\"{}\">\u00a0<\/span><\/p>\n<p><b><i><span data-contrast=\"auto\">15\/01\/2022, Orizaba, Ver.- <\/span><\/i><\/b><span data-contrast=\"auto\">Elizabeth Mota Rinc\u00f3n, de la localidad Cerro Azul, municipio de Paso del Macho, cursa el sexto semestre del plan de estudios de Ingeniero Agr\u00f3nomo en la Universidad Veracruzana (UV), debido a que desea apoyar a los campesinos de la regi\u00f3n que habita, quienes se dedican al cultivo de caf\u00e9, ca\u00f1a y lim\u00f3n, principalmente.\u00a0<\/span><span data-ccp-props=\"{}\">\u00a0<\/span><\/p>\n<p><span data-contrast=\"auto\">La estudiante de la <a href=\"https:\/\/www.uv.mx\/orizaba\/cba\/\" target=\"_blank\" rel=\"noopener\">Facultad de Ciencias Biol\u00f3gicas y Agropecuarias<\/a> de la regi\u00f3n Orizaba-C\u00f3rdoba se encuentra becada por la UV, apoyo econ\u00f3mico que afirma le brinda tranquilidad para enfocarse en su formaci\u00f3n profesional, ya que gracias a \u00e9l no debe preocuparse por el pago de su colegiatura ni por los gastos de traslado para realizar sus pr\u00e1cticas de campo. <\/span><span data-ccp-props=\"{&quot;335559731&quot;:708}\">\u00a0<\/span><\/p>\n<p><span data-contrast=\"auto\">Estudi\u00f3 por un a\u00f1o la Licenciatura en Derecho, pero la abandon\u00f3 por no ser su verdadera vocaci\u00f3n; asegura que el ingeniero agr\u00f3nomo es un profesionista que tiene una gran responsabilidad a su cargo ya que es el equivalente a un \u201cdoctor del campo\u201d, que se debe enfocar en ver que los cultivos gocen de una adecuada salud.\u00a0\u00a0<\/span><span data-ccp-props=\"{&quot;335559731&quot;:708}\">\u00a0<\/span><\/p>\n<p><span data-contrast=\"auto\">A lo largo de su formaci\u00f3n ha solventado diversos retos, como viajar diariamente un par de horas para llegar a su Facultad, trayecto en el que debe trasbordar autob\u00fas hasta dos veces y que en ocasiones inicia a las cinco de la ma\u00f1ana.\u00a0<\/span><span data-ccp-props=\"{&quot;335559731&quot;:708}\">\u00a0<\/span><\/p>\n<p>&nbsp;<\/p>\n<div id=\"attachment_108516\" style=\"width: 732px\" class=\"wp-caption aligncenter\"><a href=\"https:\/\/www.uv.mx\/prensa\/files\/2022\/01\/150122-Entrevista-Elizabeth-Mota-2.jpg\"><img aria-describedby=\"caption-attachment-108516\" decoding=\"async\" loading=\"lazy\" class=\"size-full wp-image-108516\" src=\"https:\/\/www.uv.mx\/prensa\/files\/2022\/01\/150122-Entrevista-Elizabeth-Mota-2.jpg\" alt=\"\" width=\"722\" height=\"481\" srcset=\"https:\/\/www.uv.mx\/prensa\/files\/2022\/01\/150122-Entrevista-Elizabeth-Mota-2.jpg 722w, https:\/\/www.uv.mx\/prensa\/files\/2022\/01\/150122-Entrevista-Elizabeth-Mota-2-300x200.jpg 300w\" sizes=\"(max-width: 722px) 100vw, 722px\" \/><\/a><p id=\"caption-attachment-108516\" class=\"wp-caption-text\">La estudiante vive en Cerro Azul, localidad que no llega al millar de habitantes<\/p><\/div>\n<p>&nbsp;<\/p>\n<p><span data-contrast=\"auto\">Sus gastos de transporte los solventa con la venta de comida, por lo que alterna sus estudios con la preparaci\u00f3n de antojitos, pambazos y postres, que comercializa entre los poco m\u00e1s de 800 habitantes de su localidad.\u00a0<\/span><span data-ccp-props=\"{&quot;335559731&quot;:708}\">\u00a0<\/span><\/p>\n<p><span data-contrast=\"auto\">Elizabeth Mota en primera instancia solicit\u00f3 una beca de manutenci\u00f3n al gobierno federal, que no le fue otorgada, por lo que se encuentra muy agradecida con la Fundaci\u00f3n UV por haberla apoyado a realizar el tr\u00e1mite que le permite disfrutar del recurso monetario que le brinda el programa de becas propias de la UV. <\/span><span data-ccp-props=\"{&quot;335559731&quot;:708}\">\u00a0<\/span><\/p>\n<p><span data-contrast=\"auto\">Su principal meta al titularse es lograr emplearse en una empresa de la regi\u00f3n para tener la oportunidad de apoyar en sus tiempos libres a los campesinos locales a mejorar la producci\u00f3n de sus cultivos.\u00a0<\/span><span data-ccp-props=\"{&quot;335559731&quot;:708}\">\u00a0<\/span><\/p>\n<p><span data-contrast=\"auto\">En muchas ocasiones los ca\u00f1eros y cafeticultores carecen de la orientaci\u00f3n adecuada para sacar adelante sus cosechas, y ante ello deben traer a un especialista de fuera para solucionar cuestiones como combatir plagas o utilizar un fertilizante apropiado, lo que genera un alto costo.<\/span><span data-ccp-props=\"{&quot;335559731&quot;:708}\">\u00a0<\/span><\/p>\n<p><span data-contrast=\"auto\">La estudiante manifest\u00f3 que con los conocimientos y habilidades que adquiera en su formaci\u00f3n universitaria ayudar\u00e1 a los campesinos a mejorar sus producciones y a superarse, y aprender\u00e1 de la sabidur\u00eda emp\u00edrica que \u00e9stos han concentrado a lo largo del tiempo y de generaci\u00f3n en generaci\u00f3n.<\/span><span data-ccp-props=\"{&quot;335559731&quot;:708}\">\u00a0<\/span><\/p>\n","protected":false},"excerpt":{"rendered":"<p>Elizabeth Mota solicit\u00f3 una beca de manutenci\u00f3n al gobierno federal, pero no le fue otorgada, por lo que est\u00e1 muy agradecida con la Fundaci\u00f3n UV <\/p>\n","protected":false},"author":1508,"featured_media":108513,"comment_status":"closed","ping_status":"closed","sticky":false,"template":"","format":"standard","meta":[],"categories":[13,53],"tags":[],"_links":{"self":[{"href":"https:\/\/www.uv.mx\/prensa\/wp-json\/wp\/v2\/posts\/108569"}],"collection":[{"href":"https:\/\/www.uv.mx\/prensa\/wp-json\/wp\/v2\/posts"}],"about":[{"href":"https:\/\/www.uv.mx\/prensa\/wp-json\/wp\/v2\/types\/post"}],"author":[{"embeddable":true,"href":"https:\/\/www.uv.mx\/prensa\/wp-json\/wp\/v2\/users\/1508"}],"replies":[{"embeddable":true,"href":"https:\/\/www.uv.mx\/prensa\/wp-json\/wp\/v2\/comments?post=108569"}],"version-history":[{"count":1,"href":"https:\/\/www.uv.mx\/prensa\/wp-json\/wp\/v2\/posts\/108569\/revisions"}],"predecessor-version":[{"id":108954,"href":"https:\/\/www.uv.mx\/prensa\/wp-json\/wp\/v2\/posts\/108569\/revisions\/108954"}],"wp:featuredmedia":[{"embeddable":true,"href":"https:\/\/www.uv.mx\/prensa\/wp-json\/wp\/v2\/media\/108513"}],"wp:attachment":[{"href":"https:\/\/www.uv.mx\/prensa\/wp-json\/wp\/v2\/media?parent=108569"}],"wp:term":[{"taxonomy":"category","embeddable":true,"href":"https:\/\/www.uv.mx\/prensa\/wp-json\/wp\/v2\/categories?post=108569"},{"taxonomy":"post_tag","embeddable":true,"href":"https:\/\/www.uv.mx\/prensa\/wp-json\/wp\/v2\/tags?post=108569"}],"curies":[{"name":"wp","href":"https:\/\/api.w.org\/{rel}","templated":true}]}}