{"id":108575,"date":"2022-01-15T09:55:13","date_gmt":"2022-01-15T15:55:13","guid":{"rendered":"https:\/\/www.uv.mx\/prensa\/?p=108575"},"modified":"2022-01-17T11:43:58","modified_gmt":"2022-01-17T17:43:58","slug":"por-pandemia-demanda-de-servicios-de-exaver-se-redujo-50-por-ciento","status":"publish","type":"post","link":"https:\/\/www.uv.mx\/prensa\/banner\/por-pandemia-demanda-de-servicios-de-exaver-se-redujo-50-por-ciento\/","title":{"rendered":"Por pandemia, demanda de servicios de EXAVER se redujo 50 por ciento"},"content":{"rendered":"<ul>\n<li data-leveltext=\"\uf0b7\" data-font=\"Symbol\" data-listid=\"1\" data-aria-posinset=\"1\" data-aria-level=\"1\"><i><span data-contrast=\"auto\">En 2022 esperan incrementar la aplicaci\u00f3n de Ex\u00e1menes de Certificaci\u00f3n de Lengua Inglesa, en sus tres niveles, inform\u00f3 Janeth Tello Carrillo, coordinadora del programa de la UV<\/span><\/i><span data-ccp-props=\"{&quot;134233279&quot;:true,&quot;201341983&quot;:0,&quot;335559739&quot;:160,&quot;335559740&quot;:240}\">\u00a0<\/span><\/li>\n<li data-leveltext=\"\uf0b7\" data-font=\"Symbol\" data-listid=\"1\" data-aria-posinset=\"2\" data-aria-level=\"1\"><i><span data-contrast=\"auto\">\u201cNos estamos esforzando para cumplir con la demanda y responsabilidad social que tenemos de certificar el ingl\u00e9s como lengua extranjera\u201d<\/span><\/i><span data-ccp-props=\"{&quot;134233279&quot;:true,&quot;201341983&quot;:0,&quot;335559739&quot;:160,&quot;335559740&quot;:240}\">\u00a0<\/span><\/li>\n<\/ul>\n<p>&nbsp;<\/p>\n<div id=\"attachment_108519\" style=\"width: 732px\" class=\"wp-caption aligncenter\"><a href=\"https:\/\/www.uv.mx\/prensa\/files\/2022\/01\/150122-EXAVER-1.jpg\"><img aria-describedby=\"caption-attachment-108519\" decoding=\"async\" loading=\"lazy\" class=\"size-full wp-image-108519\" src=\"https:\/\/www.uv.mx\/prensa\/files\/2022\/01\/150122-EXAVER-1.jpg\" alt=\"\" width=\"722\" height=\"481\" srcset=\"https:\/\/www.uv.mx\/prensa\/files\/2022\/01\/150122-EXAVER-1.jpg 722w, https:\/\/www.uv.mx\/prensa\/files\/2022\/01\/150122-EXAVER-1-300x200.jpg 300w\" sizes=\"(max-width: 722px) 100vw, 722px\" \/><\/a><p id=\"caption-attachment-108519\" class=\"wp-caption-text\">Janeth Tello Carrillo, coordinadora de EXAVER-UV<\/p><\/div>\n<p>&nbsp;<\/p>\n<p><b><i><span data-contrast=\"auto\">Claudia Peralta V\u00e1zquez<\/span><\/i><\/b><span data-ccp-props=\"{&quot;201341983&quot;:0,&quot;335559739&quot;:160,&quot;335559740&quot;:240}\">\u00a0<\/span><\/p>\n<p><b><i><span data-contrast=\"auto\">15\/01\/2022, Xalapa, Ver.- <\/span><\/i><\/b><span data-contrast=\"auto\">Este a\u00f1o, el programa EXAVER, a trav\u00e9s del cual se coordina la elaboraci\u00f3n, aplicaci\u00f3n y emisi\u00f3n de los resultados de los Ex\u00e1menes de Certificaci\u00f3n de Lengua Inglesa de la <a href=\"https:\/\/www.uv.mx\/\" target=\"_blank\" rel=\"noopener\">Universidad Veracruzana<\/a> (UV) bajo rigurosos est\u00e1ndares internacionales, espera incrementar el n\u00famero de solicitudes de universitarios y p\u00fablico en general a nivel estatal y nacional, mismas que, debido a la pandemia, se redujeron hasta 50 por ciento.<\/span><span data-ccp-props=\"{&quot;201341983&quot;:0,&quot;335559739&quot;:160,&quot;335559740&quot;:240}\">\u00a0<\/span><\/p>\n<p><span data-contrast=\"auto\">Janeth Tello Carrillo, coordinadora de este programa avalado por el Consejo Brit\u00e1nico y la Universidad de Cambridge, Inglaterra, dio a conocer que con la llegada de la pandemia de COVID-19, en 2020 se cancel\u00f3 la aplicaci\u00f3n de esta prueba presencial en sus tres niveles: 1. B\u00e1sico, 2. Intermedio y 3. Intermedio alto.<\/span><span data-ccp-props=\"{&quot;201341983&quot;:0,&quot;335559739&quot;:160,&quot;335559740&quot;:240}\">\u00a0<\/span><\/p>\n<p><span data-contrast=\"auto\">Al igual que en muchas otras entidades acad\u00e9micas, la contingencia sanitaria represent\u00f3 un reto para dicha estrategia pues los oblig\u00f3 a pensar c\u00f3mo cubrir esa necesidad y responsabilidad que tiene la UV con sus estudiantes y p\u00fablico en general desde hace 20 a\u00f1os.<\/span><span data-ccp-props=\"{&quot;201341983&quot;:0,&quot;335559739&quot;:160,&quot;335559740&quot;:240}\">\u00a0<\/span><\/p>\n<p><span data-contrast=\"auto\">Esto los llev\u00f3 a la implementaci\u00f3n \u2013en 2021\u2013 del proceso en l\u00ednea, lo cual implic\u00f3 redoblar esfuerzos, entrenar a los examinadores para la aplicaci\u00f3n del examen oral, establecer una plataforma especial y contratar a supervisores para el monitoreo de la prueba en todo el estado de Veracruz.<\/span><span data-ccp-props=\"{&quot;201341983&quot;:0,&quot;335559731&quot;:708,&quot;335559739&quot;:160,&quot;335559740&quot;:240}\">\u00a0<\/span><\/p>\n<p><span data-contrast=\"auto\">En febrero de ese a\u00f1o lograron aplicar el examen en l\u00ednea; y en abril, mayo y noviembre, el presencial. Este \u00faltimo se desarroll\u00f3 bajo estrictas condiciones de sana distancia con tal de disminuir el riesgo de posibles contagios.<\/span><span data-ccp-props=\"{&quot;201341983&quot;:0,&quot;335559731&quot;:708,&quot;335559739&quot;:160,&quot;335559740&quot;:240}\">\u00a0<\/span><\/p>\n<p><span data-contrast=\"auto\">Sin embargo, la demanda del servicio disminuy\u00f3 pues de tres mil estudiantes que cada a\u00f1o presentaban el examen a nivel estatal, en dos evaluaciones semestrales, esta vez s\u00f3lo se aplic\u00f3 a alrededor de mil 500.<\/span><span data-ccp-props=\"{&quot;201341983&quot;:0,&quot;335559731&quot;:708,&quot;335559739&quot;:160,&quot;335559740&quot;:240}\">\u00a0<\/span><\/p>\n<p><span data-contrast=\"auto\">Janeth Tello coment\u00f3 que hasta el momento no se ha alcanzado a llenar el cupo original, y la meta que se han trazado para el presente a\u00f1o es incrementar la demanda en cada uno de los tres niveles.<\/span><span data-ccp-props=\"{&quot;201341983&quot;:0,&quot;335559731&quot;:708,&quot;335559739&quot;:160,&quot;335559740&quot;:240}\">\u00a0<\/span><\/p>\n<p><span data-contrast=\"auto\">Tambi\u00e9n, generar una modalidad h\u00edbrida, tanto en l\u00ednea como presencial, con el fin de reducir el tiempo de aplicaci\u00f3n; capacitar a m\u00e1s profesores para la funci\u00f3n de examinadores; y contratar a tres elaboradores de reactivos de los ex\u00e1menes.<\/span><span data-ccp-props=\"{&quot;201341983&quot;:0,&quot;335559731&quot;:708,&quot;335559739&quot;:160,&quot;335559740&quot;:240}\">\u00a0<\/span><\/p>\n<p><span data-contrast=\"auto\">Por el momento, se analiza la posibilidad de desarrollar la prueba virtual, no obstante, ya se tiene la planeaci\u00f3n de los dos ex\u00e1menes por cada semestre, para abril y mayo, octubre y noviembre, la cual puede consultarse en el siguiente enlace: <\/span><a href=\"https:\/\/www.exaver.com\/aplicacion\/calendario\"><span data-contrast=\"none\">https:\/\/www.exaver.com\/aplicacion\/calendario<\/span><\/a><span data-contrast=\"auto\">.<\/span><span data-ccp-props=\"{&quot;201341983&quot;:0,&quot;335559731&quot;:708,&quot;335559739&quot;:160,&quot;335559740&quot;:240}\">\u00a0<\/span><\/p>\n<p><span data-contrast=\"auto\">\u201cNos estamos esforzando para cumplir con la demanda y responsabilidad social que tenemos de certificar el ingl\u00e9s como lengua extranjera, y por otro lado salvaguardar su seguridad e integridad.\u201d<\/span><span data-ccp-props=\"{&quot;201341983&quot;:0,&quot;335559731&quot;:708,&quot;335559739&quot;:160,&quot;335559740&quot;:240}\">\u00a0<\/span><\/p>\n<p><span data-contrast=\"auto\">Dio a conocer que EXAVER es un programa de certificaci\u00f3n nacional que no s\u00f3lo atiende a la comunidad UV, sino a p\u00fablico en general procedente de otras entidades como: Chiapas, Ciudad de M\u00e9xico y Tamaulipas, entre otras.<\/span><span data-ccp-props=\"{&quot;201341983&quot;:0,&quot;335559731&quot;:708,&quot;335559739&quot;:160,&quot;335559740&quot;:240}\">\u00a0<\/span><\/p>\n<p><span data-contrast=\"auto\">Actualmente, la demanda ha crecido para el rubro de posgrados, pues el Consejo Nacional de Ciencia y Tecnolog\u00eda (<\/span><i><span data-contrast=\"auto\">Conacyt<\/span><\/i><span data-contrast=\"auto\">) solicita cierto nivel de ingl\u00e9s. Generalmente, para el nivel de maestr\u00eda piden EXAVER 2. Intermedio; y para doctorado, el EXAVER 3. Intermedio alto.<\/span><span data-ccp-props=\"{&quot;201341983&quot;:0,&quot;335559731&quot;:708,&quot;335559739&quot;:160,&quot;335559740&quot;:240}\">\u00a0<\/span><\/p>\n<p><span data-contrast=\"auto\">Gracias a EXAVER 1. B\u00e1sico, los alumnos que ingresan a la UV con ciertos conocimientos de esta lengua logran liberar las \u00c1reas de Formaci\u00f3n B\u00e1sica General (AFBG) y de Elecci\u00f3n Libre (AFEL).<\/span><span data-ccp-props=\"{&quot;201341983&quot;:0,&quot;335559731&quot;:708,&quot;335559739&quot;:160,&quot;335559740&quot;:240}\">\u00a0<\/span><\/p>\n<p><span data-contrast=\"auto\">Con relaci\u00f3n a los costos del examen, inform\u00f3 que el del nivel 1 es de 550 pesos; nivel 2, 600; y nivel 3, 650. Para el p\u00fablico en general incrementa 50 pesos cada uno.<\/span><span data-ccp-props=\"{&quot;201341983&quot;:0,&quot;335559739&quot;:160,&quot;335559740&quot;:240}\">\u00a0<\/span><\/p>\n<p><span data-contrast=\"auto\">La funcionaria dio a conocer que en dicho programa hay m\u00e1s de 150 maestros examinadores, porque abrieron la oportunidad a maestros de ingl\u00e9s de otras universidades y bachilleratos para participar como externos y apoyar en las aplicaciones.<\/span><span data-ccp-props=\"{&quot;201341983&quot;:0,&quot;335559731&quot;:708,&quot;335559739&quot;:160,&quot;335559740&quot;:240}\">\u00a0<\/span><\/p>\n<p><span data-contrast=\"auto\">Entre las funciones de EXAVER no s\u00f3lo est\u00e1 la certificaci\u00f3n de lengua inglesa, tambi\u00e9n tienen la responsabilidad de cubrir los ex\u00e1menes en AFBG para las experiencias educativas (EE) Lengua I y Lengua II de ingl\u00e9s.<\/span><span data-ccp-props=\"{&quot;201341983&quot;:0,&quot;335559731&quot;:708,&quot;335559739&quot;:160,&quot;335559740&quot;:240}\">\u00a0<\/span><\/p>\n<p><span data-contrast=\"auto\">Por otra parte, se encargan de la elaboraci\u00f3n de los ex\u00e1menes diagn\u00f3sticos para los estudiantes de nuevo ingreso a la UV.<\/span><span data-ccp-props=\"{&quot;201341983&quot;:0,&quot;335559731&quot;:708,&quot;335559739&quot;:160,&quot;335559740&quot;:240}\">\u00a0<\/span><\/p>\n<p><span data-contrast=\"auto\">En caso de que alguien ya cuente con una certificaci\u00f3n internacional, EXAVER valida la de Cambridge, Test of English as a Foreign Language (TOEFL) versi\u00f3n iBT; e <\/span><span data-contrast=\"none\">International English Language Testing System<\/span> <span data-contrast=\"auto\">(IELTS).<\/span><span data-ccp-props=\"{&quot;201341983&quot;:0,&quot;335559739&quot;:160,&quot;335559740&quot;:240}\">\u00a0<\/span><\/p>\n","protected":false},"excerpt":{"rendered":"<p>Nos esforzamos para cumplir con la responsabilidad de certificar el ingl\u00e9s como lengua extranjera y salvaguardar la seguridad de los solicitantes: Janeth Tello, coordinadora del programa <\/p>\n","protected":false},"author":1508,"featured_media":108517,"comment_status":"closed","ping_status":"closed","sticky":false,"template":"","format":"standard","meta":[],"categories":[61],"tags":[],"_links":{"self":[{"href":"https:\/\/www.uv.mx\/prensa\/wp-json\/wp\/v2\/posts\/108575"}],"collection":[{"href":"https:\/\/www.uv.mx\/prensa\/wp-json\/wp\/v2\/posts"}],"about":[{"href":"https:\/\/www.uv.mx\/prensa\/wp-json\/wp\/v2\/types\/post"}],"author":[{"embeddable":true,"href":"https:\/\/www.uv.mx\/prensa\/wp-json\/wp\/v2\/users\/1508"}],"replies":[{"embeddable":true,"href":"https:\/\/www.uv.mx\/prensa\/wp-json\/wp\/v2\/comments?post=108575"}],"version-history":[{"count":1,"href":"https:\/\/www.uv.mx\/prensa\/wp-json\/wp\/v2\/posts\/108575\/revisions"}],"predecessor-version":[{"id":108603,"href":"https:\/\/www.uv.mx\/prensa\/wp-json\/wp\/v2\/posts\/108575\/revisions\/108603"}],"wp:featuredmedia":[{"embeddable":true,"href":"https:\/\/www.uv.mx\/prensa\/wp-json\/wp\/v2\/media\/108517"}],"wp:attachment":[{"href":"https:\/\/www.uv.mx\/prensa\/wp-json\/wp\/v2\/media?parent=108575"}],"wp:term":[{"taxonomy":"category","embeddable":true,"href":"https:\/\/www.uv.mx\/prensa\/wp-json\/wp\/v2\/categories?post=108575"},{"taxonomy":"post_tag","embeddable":true,"href":"https:\/\/www.uv.mx\/prensa\/wp-json\/wp\/v2\/tags?post=108575"}],"curies":[{"name":"wp","href":"https:\/\/api.w.org\/{rel}","templated":true}]}}