{"id":108608,"date":"2022-01-17T12:24:59","date_gmt":"2022-01-17T18:24:59","guid":{"rendered":"https:\/\/www.uv.mx\/prensa\/?p=108608"},"modified":"2022-01-18T11:47:21","modified_gmt":"2022-01-18T17:47:21","slug":"alumnas-colombianas-reconocieron-nivel-de-conocimientos-del-isp","status":"publish","type":"post","link":"https:\/\/www.uv.mx\/prensa\/general\/alumnas-colombianas-reconocieron-nivel-de-conocimientos-del-isp\/","title":{"rendered":"Alumnas colombianas reconocieron nivel de conocimientos del ISP"},"content":{"rendered":"<ul>\n<li data-leveltext=\"\uf0b7\" data-font=\"Symbol\" data-listid=\"1\" data-aria-posinset=\"1\" data-aria-level=\"1\"><i><span data-contrast=\"auto\">Cursaron el \u201cTaller de extracci\u00f3n de manejo de la leche materna\u201d, impartido por Clara Luz Sampieri Ram\u00edrez<\/span><\/i><span data-ccp-props=\"{&quot;134233279&quot;:true,&quot;201341983&quot;:0,&quot;335559739&quot;:160,&quot;335559740&quot;:240}\">\u00a0<\/span><\/li>\n<\/ul>\n<p><span data-ccp-props=\"{&quot;201341983&quot;:0,&quot;335559739&quot;:160,&quot;335559740&quot;:240}\">\u00a0<\/span><\/p>\n<div id=\"attachment_108613\" style=\"width: 732px\" class=\"wp-caption aligncenter\"><a href=\"https:\/\/www.uv.mx\/prensa\/general\/alumnas-colombianas-reconocieron-nivel-de-conocimientos-del-isp\/attachment\/170122-alumnas-colombianas-1-100k\/\" rel=\"attachment wp-att-108613\"><img aria-describedby=\"caption-attachment-108613\" decoding=\"async\" loading=\"lazy\" class=\"size-full wp-image-108613\" src=\"https:\/\/www.uv.mx\/prensa\/files\/2022\/01\/170122-Alumnas-colombianas-1-100k.jpg\" alt=\"Las estudiantes complementaron su formaci\u00f3n te\u00f3rica con pr\u00e1cticas en el Hospital Meissen, de Bogot\u00e1, Colombia \" width=\"722\" height=\"481\" srcset=\"https:\/\/www.uv.mx\/prensa\/files\/2022\/01\/170122-Alumnas-colombianas-1-100k.jpg 722w, https:\/\/www.uv.mx\/prensa\/files\/2022\/01\/170122-Alumnas-colombianas-1-100k-300x200.jpg 300w\" sizes=\"(max-width: 722px) 100vw, 722px\" \/><\/a><p id=\"caption-attachment-108613\" class=\"wp-caption-text\">Las estudiantes complementaron su formaci\u00f3n te\u00f3rica con pr\u00e1cticas en el Hospital Meissen, de Bogot\u00e1, Colombia<\/p><\/div>\n<p>&nbsp;<\/p>\n<p><b><i><span data-contrast=\"auto\">Claudia Peralta V\u00e1zquez<\/span><\/i><\/b><span data-ccp-props=\"{&quot;201341983&quot;:0,&quot;335559739&quot;:160,&quot;335559740&quot;:240}\">\u00a0<\/span><\/p>\n<p><b><i><span data-contrast=\"auto\">17\/01\/2022, Xalapa, Ver.- <\/span><\/i><\/b><span data-contrast=\"auto\">Paola Andrea Mu\u00f1oz Garc\u00eda y Laura Delgado Medina, alumnas de la Especializaci\u00f3n en Enfermer\u00eda Materno Perinatal de la Universidad \u201cAntonio Nari\u00f1o\u201d, con sede en Bogot\u00e1, Colombia, realizaron una estancia virtual en el <a href=\"https:\/\/www.uv.mx\/isp\/\" target=\"_blank\" rel=\"noopener\">Instituto de Salud P\u00fablica<\/a> (ISP) de la Universidad Veracruzana (UV), a trav\u00e9s del \u201cTaller de extracci\u00f3n de manejo de la leche materna\u201d.<\/span><span data-ccp-props=\"{&quot;201341983&quot;:0,&quot;335559739&quot;:160,&quot;335559740&quot;:240}\">\u00a0<\/span><\/p>\n<p><span data-contrast=\"auto\">Esta capacitaci\u00f3n fue impartida entre septiembre y noviembre de 2021, por Clara Luz Sampieri Ram\u00edrez, investigadora de ese instituto y Consultora Internacional de Lactancia Certificada IBCLC\u00ae.<\/span><span data-ccp-props=\"{&quot;201341983&quot;:0,&quot;335559739&quot;:160,&quot;335559740&quot;:240}\">\u00a0<\/span><\/p>\n<p><span data-contrast=\"auto\">Ambas estudiantes celebraron que la UV ofrezca este tipo de cursos, pues gracias a ello pudieron constatar que la lactancia materna es un idioma universal.<\/span><span data-ccp-props=\"{&quot;201341983&quot;:0,&quot;335559739&quot;:160,&quot;335559740&quot;:240}\">\u00a0<\/span><\/p>\n<p><span data-contrast=\"auto\">El a\u00f1o pasado, la instituci\u00f3n en la que cursaron la especializaci\u00f3n les ofreci\u00f3 la oportunidad de realizar una estancia profesional en una de las universidades nacionales e internacionales con las que mantiene convenio de colaboraci\u00f3n.<\/span><span data-ccp-props=\"{&quot;201341983&quot;:0,&quot;335559739&quot;:160,&quot;335559740&quot;:240}\">\u00a0<\/span><\/p>\n<p><span data-contrast=\"auto\">Dado su perfil y formaci\u00f3n en el \u00e1rea de la enfermer\u00eda, tuvieron conocimiento del taller virtual que ofrec\u00eda el ISP de esta casa de estudios y decidieron cursarlo, pues en ese momento dentro de la especializaci\u00f3n abordaban el tema de lactancia materna, educaci\u00f3n, asesor\u00eda, as\u00ed como las dificultades que enfrentan las mujeres para lactar a sus hijos.<\/span><span data-ccp-props=\"{&quot;201341983&quot;:0,&quot;335559739&quot;:160,&quot;335559740&quot;:240}\">\u00a0<\/span><\/p>\n<p><span data-contrast=\"auto\">La capacitaci\u00f3n de ocho semanas les brind\u00f3 todas las herramientas te\u00f3ricas, mientras que la parte pr\u00e1ctica la realizaron en el Hospital Meissen, Subred Integrada de Servicios de Salud Sur E.S.E., con sede en Bogot\u00e1, tanto en la sala de partos como en el \u00e1rea neonatal.<\/span><\/p>\n<div id=\"attachment_108614\" style=\"width: 732px\" class=\"wp-caption aligncenter\"><a href=\"https:\/\/www.uv.mx\/prensa\/general\/alumnas-colombianas-reconocieron-nivel-de-conocimientos-del-isp\/attachment\/170122-alumnas-colombianas-2-100k\/\" rel=\"attachment wp-att-108614\"><img aria-describedby=\"caption-attachment-108614\" decoding=\"async\" loading=\"lazy\" class=\"size-full wp-image-108614\" src=\"https:\/\/www.uv.mx\/prensa\/files\/2022\/01\/170122-Alumnas-colombianas-2-100k.jpg\" alt=\"Laura Delgado Medina expres\u00f3 que independientemente del origen o idioma, la lactancia materna es un lenguaje universal \" width=\"722\" height=\"481\" srcset=\"https:\/\/www.uv.mx\/prensa\/files\/2022\/01\/170122-Alumnas-colombianas-2-100k.jpg 722w, https:\/\/www.uv.mx\/prensa\/files\/2022\/01\/170122-Alumnas-colombianas-2-100k-300x200.jpg 300w\" sizes=\"(max-width: 722px) 100vw, 722px\" \/><\/a><p id=\"caption-attachment-108614\" class=\"wp-caption-text\">Laura Delgado Medina expres\u00f3 que independientemente del origen o idioma, la lactancia materna es un lenguaje universal<\/p><\/div>\n<p>&nbsp;<\/p>\n<p><span data-contrast=\"auto\">\u201cEl curso nos despert\u00f3 esa capacidad que no sab\u00edamos que ten\u00edamos para brindar ese tipo de informaci\u00f3n, educar, identificar los problemas que tiene cada mam\u00e1\u201d: Paola Andrea Mu\u00f1oz Garc\u00eda, egresada de la carrera de Enfermer\u00eda de la Universidad de Cundinamarca.<\/span><span data-ccp-props=\"{&quot;201341983&quot;:0,&quot;335559731&quot;:708,&quot;335559739&quot;:160,&quot;335559740&quot;:240}\">\u00a0<\/span><\/p>\n<p><span data-contrast=\"auto\">Opin\u00f3 que la estrategia de aprendizaje e intercambio de conocimientos fue interesante por las diferencias culturales y educativas de cada integrante, lo cual propici\u00f3 un enriquecimiento en cuanto a contenidos sobre c\u00f3mo educar y ejercer profesionalmente, dependiendo de cada pa\u00eds.<\/span><span data-ccp-props=\"{&quot;201341983&quot;:0,&quot;335559739&quot;:160,&quot;335559740&quot;:240}\">\u00a0<\/span><\/p>\n<p><span data-contrast=\"auto\">Aunque hubiera deseado asistir al taller de forma presencial, Paola Andrea no descart\u00f3 la posibilidad de ser parte \u2013en un futuro\u2013 de otro de los cursos ofrecidos por la UV y seguir aprendiendo de personas expertas.<\/span><span data-ccp-props=\"{&quot;201341983&quot;:0,&quot;335559739&quot;:160,&quot;335559740&quot;:240}\">\u00a0<\/span><\/p>\n<p><span data-contrast=\"auto\">En ese sentido, enfatiz\u00f3 el profesionalismo de Clara Luz Sampieri al lograr que el tema fuera entendible, \u201clo manej\u00f3 como un lenguaje universal e interesante. Nos dec\u00eda que la lactancia debe ense\u00f1arse desde la infancia y que es algo natural, de ah\u00ed que existan muchas limitaciones y prejuicios sobre la lactancia en la v\u00eda p\u00fablica\u201d.<\/span><span data-ccp-props=\"{&quot;201341983&quot;:0,&quot;335559739&quot;:160,&quot;335559740&quot;:240}\">\u00a0<\/span><\/p>\n<p><span data-contrast=\"auto\">Por ello, agradeci\u00f3 a la UV y a la Universidad \u201cAntonio Nari\u00f1o\u201d por esta experiencia y oportunidad de hacer un intercambio al que no cualquiera accede.<\/span><span data-ccp-props=\"{&quot;201341983&quot;:0,&quot;335559731&quot;:708,&quot;335559739&quot;:160,&quot;335559740&quot;:240}\">\u00a0<\/span><\/p>\n<p><span data-contrast=\"auto\">Tambi\u00e9n platic\u00f3 que durante su formaci\u00f3n universitaria curs\u00f3 algunas experiencias educativas (EE) relacionadas con la atenci\u00f3n de la mujer en periodo de gestaci\u00f3n y en pediatr\u00eda, pero nada enfocado en lactancia materna.<\/span><\/p>\n<div id=\"attachment_108615\" style=\"width: 732px\" class=\"wp-caption aligncenter\"><a href=\"https:\/\/www.uv.mx\/prensa\/general\/alumnas-colombianas-reconocieron-nivel-de-conocimientos-del-isp\/attachment\/170122-alumnas-colombianas-3-100k\/\" rel=\"attachment wp-att-108615\"><img aria-describedby=\"caption-attachment-108615\" decoding=\"async\" loading=\"lazy\" class=\"size-full wp-image-108615\" src=\"https:\/\/www.uv.mx\/prensa\/files\/2022\/01\/170122-Alumnas-colombianas-3-100k.jpg\" alt=\"Paola Andrea Mu\u00f1oz Garc\u00eda curs\u00f3 taller virtual sobre lactancia materna en el ISP-UV \" width=\"722\" height=\"481\" srcset=\"https:\/\/www.uv.mx\/prensa\/files\/2022\/01\/170122-Alumnas-colombianas-3-100k.jpg 722w, https:\/\/www.uv.mx\/prensa\/files\/2022\/01\/170122-Alumnas-colombianas-3-100k-300x200.jpg 300w\" sizes=\"(max-width: 722px) 100vw, 722px\" \/><\/a><p id=\"caption-attachment-108615\" class=\"wp-caption-text\">Paola Andrea Mu\u00f1oz Garc\u00eda curs\u00f3 taller virtual sobre lactancia materna en el ISP-UV<\/p><\/div>\n<p>&nbsp;<\/p>\n<p><span data-contrast=\"auto\">Adem\u00e1s, en ese entonces en su pa\u00eds natal no hab\u00eda tanto auge de las Instituciones Amigas de la Mujer y la Infancia (IAMI). Hoy en d\u00eda, en Colombia apenas se empiezan a generar estrategias de educaci\u00f3n en lactancia.<\/span><span data-ccp-props=\"{&quot;201341983&quot;:0,&quot;335559739&quot;:160,&quot;335559740&quot;:240}\">\u00a0<\/span><\/p>\n<p><span data-contrast=\"auto\">Tambi\u00e9n se ha reorganizado la pol\u00edtica laboral en la que se favorece dicha pr\u00e1ctica a trav\u00e9s de licencias de maternidad; es decir, las instituciones deben contar con un espacio de lactancia materna o lactario para extraer la leche, o bien, desplazarse en una hora espec\u00edfica a su casa para lactar al beb\u00e9.<\/span><span data-ccp-props=\"{&quot;201341983&quot;:0,&quot;335559731&quot;:708,&quot;335559739&quot;:160,&quot;335559740&quot;:240}\">\u00a0<\/span><\/p>\n<p><span data-contrast=\"auto\">\u201cPienso que, a diferencia de M\u00e9xico, nos hace falta avanzar m\u00e1s en cuanto a pol\u00edticas p\u00fablicas orientadas hacia la lactancia materna para que se cumplan a cabalidad.\u201d<\/span><span data-ccp-props=\"{&quot;201341983&quot;:0,&quot;335559739&quot;:160,&quot;335559740&quot;:240}\">\u00a0<\/span><\/p>\n<p><span data-contrast=\"auto\">Enfatiz\u00f3 la necesidad de extender y hacer visible esta cultura, pues en su pa\u00eds hay muchos municipios en situaci\u00f3n de marginaci\u00f3n donde la lactancia materna ser\u00eda una buena alternativa y soluci\u00f3n al problema de alimentaci\u00f3n, salud y nutrici\u00f3n. \u201cNo debe ser excusa para no brindarla\u201d.<\/span><span data-ccp-props=\"{&quot;201341983&quot;:0,&quot;335559731&quot;:708,&quot;335559739&quot;:160,&quot;335559740&quot;:240}\">\u00a0<\/span><\/p>\n<p><span data-contrast=\"auto\">En tanto Laura Delgado Medina, egresada de la Universidad \u201cManuela Beltr\u00e1n\u201d, manifest\u00f3: \u201cFue interesante saber que un tema como la lactancia materna, independientemente del pa\u00eds o idioma, es un lenguaje universal\u201d.<\/span><span data-ccp-props=\"{&quot;201341983&quot;:0,&quot;335559731&quot;:708,&quot;335559739&quot;:160,&quot;335559740&quot;:240}\">\u00a0<\/span><\/p>\n<p><span data-contrast=\"auto\">Resalt\u00f3 que a pesar de que M\u00e9xico y Colombia son diferentes culturalmente, tienen muchas similitudes en cuestiones de salud y cuidado.<\/span><\/p>\n<div id=\"attachment_108616\" style=\"width: 732px\" class=\"wp-caption aligncenter\"><a href=\"https:\/\/www.uv.mx\/prensa\/general\/alumnas-colombianas-reconocieron-nivel-de-conocimientos-del-isp\/attachment\/170122-alumnas-colombianas-4-100k\/\" rel=\"attachment wp-att-108616\"><img aria-describedby=\"caption-attachment-108616\" decoding=\"async\" loading=\"lazy\" class=\"size-full wp-image-108616\" src=\"https:\/\/www.uv.mx\/prensa\/files\/2022\/01\/170122-Alumnas-colombianas-4-100k.jpg\" alt=\"Los conocimientos adquiridos en la UV les han servido para brindar una mejor atenci\u00f3n a las mam\u00e1s primerizas \" width=\"722\" height=\"481\" srcset=\"https:\/\/www.uv.mx\/prensa\/files\/2022\/01\/170122-Alumnas-colombianas-4-100k.jpg 722w, https:\/\/www.uv.mx\/prensa\/files\/2022\/01\/170122-Alumnas-colombianas-4-100k-300x200.jpg 300w\" sizes=\"(max-width: 722px) 100vw, 722px\" \/><\/a><p id=\"caption-attachment-108616\" class=\"wp-caption-text\">Los conocimientos adquiridos en la UV les han servido para brindar una mejor atenci\u00f3n a las mam\u00e1s primerizas<\/p><\/div>\n<p>&nbsp;<\/p>\n<p><span data-contrast=\"auto\">Para ella, el curso result\u00f3 muy motivante no s\u00f3lo por el intercambio realizado en la UV, sino porque adicionalmente represent\u00f3 una experiencia personal y profesional que les ayudar\u00e1 a brindar una mejor atenci\u00f3n a las madres de familia.<\/span><span data-ccp-props=\"{&quot;201341983&quot;:0,&quot;335559731&quot;:708,&quot;335559739&quot;:160,&quot;335559740&quot;:240}\">\u00a0<\/span><\/p>\n<p><span data-contrast=\"auto\">En la parte pr\u00e1ctica, por ejemplo, tuvieron la oportunidad de explicarles a las mam\u00e1s los beneficios de la lactancia y c\u00f3mo desarrollar la pr\u00e1ctica.<\/span><span data-ccp-props=\"{&quot;201341983&quot;:0,&quot;335559731&quot;:708,&quot;335559739&quot;:160,&quot;335559740&quot;:240}\">\u00a0<\/span><\/p>\n<p><span data-contrast=\"auto\">\u00a0\u201cAprendimos mucho, me gust\u00f3 el proceso porque la doctora Sampieri Ram\u00edrez siempre estuvo dispuesta a responder las dudas, preguntas e inquietudes.\u201d<\/span><span data-ccp-props=\"{&quot;201341983&quot;:0,&quot;335559731&quot;:708,&quot;335559739&quot;:160,&quot;335559740&quot;:240}\">\u00a0<\/span><\/p>\n<p><span data-contrast=\"auto\">Durante su preparaci\u00f3n universitaria, Laura Delgado tuvo acercamiento con algunos conceptos de lactancia materna y con pr\u00e1cticas en salas de partos de hospitales, pero ninguna sobre lactancia materna. Es decir, su formaci\u00f3n se orient\u00f3 m\u00e1s hacia los rubros anat\u00f3micos y fisiol\u00f3gicos.<\/span><span data-ccp-props=\"{&quot;201341983&quot;:0,&quot;335559731&quot;:708,&quot;335559739&quot;:160,&quot;335559740&quot;:240}\">\u00a0<\/span><\/p>\n<p><span data-contrast=\"auto\">\u201cEs necesario tomar conciencia de la lactancia materna, mi expectativa es continuar form\u00e1ndome y ser part\u00edcipe o miembro de una organizaci\u00f3n a nivel internacional, donde pueda ofrecer mis conocimientos.\u201d<\/span><span data-ccp-props=\"{&quot;201341983&quot;:0,&quot;335559739&quot;:160,&quot;335559740&quot;:240}\">\u00a0<\/span><\/p>\n<p><span data-contrast=\"auto\">Piensa, adem\u00e1s, brindar sus conocimientos dentro del \u00e1mbito profesional y a favor de todas las mujeres de su alrededor, con el fin de prevenir la alimentaci\u00f3n de reci\u00e9n nacidos a base de f\u00f3rmulas l\u00e1cteas o suplementos.<\/span><span data-ccp-props=\"{&quot;201341983&quot;:0,&quot;335559731&quot;:708,&quot;335559739&quot;:160,&quot;335559740&quot;:240}\">\u00a0<\/span><\/p>\n","protected":false},"excerpt":{"rendered":"<p>Realizaron una estancia virtual en el Instituto de Salud P\u00fablica, a trav\u00e9s del \u201cTaller de extracci\u00f3n de manejo de la leche materna\u201d <\/p>\n","protected":false},"author":1775,"featured_media":108613,"comment_status":"closed","ping_status":"closed","sticky":false,"template":"","format":"standard","meta":[],"categories":[1],"tags":[4489,2115,3584,4163,384,6446,6443,6445,6448,1444,445,77,6447,6442,6441,6444],"_links":{"self":[{"href":"https:\/\/www.uv.mx\/prensa\/wp-json\/wp\/v2\/posts\/108608"}],"collection":[{"href":"https:\/\/www.uv.mx\/prensa\/wp-json\/wp\/v2\/posts"}],"about":[{"href":"https:\/\/www.uv.mx\/prensa\/wp-json\/wp\/v2\/types\/post"}],"author":[{"embeddable":true,"href":"https:\/\/www.uv.mx\/prensa\/wp-json\/wp\/v2\/users\/1775"}],"replies":[{"embeddable":true,"href":"https:\/\/www.uv.mx\/prensa\/wp-json\/wp\/v2\/comments?post=108608"}],"version-history":[{"count":1,"href":"https:\/\/www.uv.mx\/prensa\/wp-json\/wp\/v2\/posts\/108608\/revisions"}],"predecessor-version":[{"id":108670,"href":"https:\/\/www.uv.mx\/prensa\/wp-json\/wp\/v2\/posts\/108608\/revisions\/108670"}],"wp:featuredmedia":[{"embeddable":true,"href":"https:\/\/www.uv.mx\/prensa\/wp-json\/wp\/v2\/media\/108613"}],"wp:attachment":[{"href":"https:\/\/www.uv.mx\/prensa\/wp-json\/wp\/v2\/media?parent=108608"}],"wp:term":[{"taxonomy":"category","embeddable":true,"href":"https:\/\/www.uv.mx\/prensa\/wp-json\/wp\/v2\/categories?post=108608"},{"taxonomy":"post_tag","embeddable":true,"href":"https:\/\/www.uv.mx\/prensa\/wp-json\/wp\/v2\/tags?post=108608"}],"curies":[{"name":"wp","href":"https:\/\/api.w.org\/{rel}","templated":true}]}}