{"id":108622,"date":"2022-01-17T12:34:52","date_gmt":"2022-01-17T18:34:52","guid":{"rendered":"https:\/\/www.uv.mx\/prensa\/?p=108622"},"modified":"2022-01-18T11:24:41","modified_gmt":"2022-01-18T17:24:41","slug":"egresada-obtuvo-cargo-honorifico-en-la-cmas-xalapa","status":"publish","type":"post","link":"https:\/\/www.uv.mx\/prensa\/banner\/egresada-obtuvo-cargo-honorifico-en-la-cmas-xalapa\/","title":{"rendered":"Egresada obtuvo cargo honor\u00edfico en la CMAS-Xalapa"},"content":{"rendered":"<ul>\n<li data-leveltext=\"\uf0b7\" data-font=\"Symbol\" data-listid=\"1\" data-aria-posinset=\"1\" data-aria-level=\"1\"><i><span data-contrast=\"auto\">Diana Campos Ram\u00edrez particip\u00f3 en la convocatoria publicada en noviembre del a\u00f1o pasado, ya que hab\u00eda dos cargos para ser ocupados por la ciudadan\u00eda<\/span><\/i><span data-ccp-props=\"{&quot;134233279&quot;:true}\">\u00a0<\/span><\/li>\n<li data-leveltext=\"\uf0b7\" data-font=\"Symbol\" data-listid=\"1\" data-aria-posinset=\"2\" data-aria-level=\"1\"><i><span data-contrast=\"auto\">La directriz que tendr\u00e1 es fomentar la inclusi\u00f3n juvenil en sectores de primer nivel, como el derecho a la informaci\u00f3n y la participaci\u00f3n ciudadana en materia hidr\u00e1ulica<\/span><\/i><span data-ccp-props=\"{&quot;134233279&quot;:true}\">\u00a0<\/span><\/li>\n<\/ul>\n<p>&nbsp;<\/p>\n<div id=\"attachment_108625\" style=\"width: 732px\" class=\"wp-caption aligncenter\"><a href=\"https:\/\/www.uv.mx\/prensa\/files\/2022\/01\/170122-Egresada-UV-obtuvo-cargo-honorifico.jpg\"><img aria-describedby=\"caption-attachment-108625\" decoding=\"async\" loading=\"lazy\" class=\"size-full wp-image-108625\" src=\"https:\/\/www.uv.mx\/prensa\/files\/2022\/01\/170122-Egresada-UV-obtuvo-cargo-honorifico.jpg\" alt=\"\" width=\"722\" height=\"481\" srcset=\"https:\/\/www.uv.mx\/prensa\/files\/2022\/01\/170122-Egresada-UV-obtuvo-cargo-honorifico.jpg 722w, https:\/\/www.uv.mx\/prensa\/files\/2022\/01\/170122-Egresada-UV-obtuvo-cargo-honorifico-300x200.jpg 300w\" sizes=\"(max-width: 722px) 100vw, 722px\" \/><\/a><p id=\"caption-attachment-108625\" class=\"wp-caption-text\">Diana Campos Ram\u00edrez, <span data-contrast=\"auto\">egresada de la Licenciatura en Derecho del Sistema de Ense\u00f1anza Abierta <\/span><\/p><\/div>\n<p>&nbsp;<\/p>\n<p><b><i><span data-contrast=\"auto\">Paola Cort\u00e9s P\u00e9rez<\/span><\/i><\/b><span data-ccp-props=\"{}\">\u00a0<\/span><\/p>\n<p><b><i><span data-contrast=\"auto\">Foto: Luis Fernando Fern\u00e1ndez Carrillo<\/span><\/i><\/b><span data-ccp-props=\"{}\">\u00a0<\/span><\/p>\n<p><b><i><span data-contrast=\"auto\">17\/01\/2022, Xalapa, Ver.-<\/span><\/i><\/b><span data-contrast=\"auto\"> Diana Campos Ram\u00edrez, egresada de la Licenciatura en Derecho del Sistema de Ense\u00f1anza Abierta (SEA) de la <a href=\"https:\/\/www.uv.mx\/\" target=\"_blank\" rel=\"noopener\">Universidad Veracruzana<\/a> (UV), recibi\u00f3 el nombramiento como secretaria del Consejo Consultivo de Gobierno Abierto de la Comisi\u00f3n Municipal de Agua Potable y Saneamiento de Xalapa (CMAS-Xalapa).<\/span><span data-ccp-props=\"{}\">\u00a0<\/span><\/p>\n<p><span data-contrast=\"auto\">En entrevista, la universitaria relat\u00f3 que el nombramiento es resultado de una convocatoria publicada por CMAS-Xalapa en noviembre del a\u00f1o pasado, donde se daba a conocer que exist\u00edan dos vacantes para ser ocupadas por representantes de la sociedad civil, cargos que son honor\u00edficos con una duraci\u00f3n de tres a\u00f1os en el ejercicio de los mismos.<\/span><span data-ccp-props=\"{&quot;335559731&quot;:708}\">\u00a0<\/span><\/p>\n<p><span data-contrast=\"auto\">Los requisitos que debi\u00f3 cubrir para ser elegible fueron: presentar ante el Comit\u00e9 de Transparencia de CMAS-Xalapa un escrito donde manifest\u00f3 su inter\u00e9s por formar parte de dicho \u00f3rgano; exposici\u00f3n de motivos (razones por las que aspira al cargo); contar con conocimientos en materia de transparencia, acceso a la informaci\u00f3n, protecci\u00f3n de datos personales, administraci\u00f3n p\u00fablica o gobierno abierto.<\/span><span data-ccp-props=\"{&quot;335559731&quot;:708}\">\u00a0<\/span><\/p>\n<p><span data-contrast=\"auto\">As\u00ed como gozar de una buena reputaci\u00f3n y experiencia profesional; no ser servidor p\u00fablico en ejercicio; y no militar ni haber sido dirigente de alg\u00fan partido pol\u00edtico.<\/span><span data-ccp-props=\"{&quot;335559731&quot;:708}\">\u00a0<\/span><\/p>\n<p><span data-contrast=\"auto\">\u201cEn mi propuesta especifiqu<\/span><span data-contrast=\"auto\">\u00e9<\/span><span data-contrast=\"auto\"> que implementar\u00e9 un programa de iniciativas referentes a la inclusi\u00f3n y a cuestiones equitativas del gobierno abierto, donde debe existir una participaci\u00f3n ciudadana, rendici\u00f3n de cuentas y transparencia sobre el tema.\u201d<\/span><span data-ccp-props=\"{&quot;335559731&quot;:708}\">\u00a0<\/span><\/p>\n<p><span data-contrast=\"auto\">Coment\u00f3 que la directriz que tendr\u00e1 es fomentar la inclusi\u00f3n juvenil en sectores de primer nivel, como el derecho a la informaci\u00f3n y la participaci\u00f3n ciudadana en materia hidr\u00e1ulica.<\/span><span data-ccp-props=\"{&quot;335559731&quot;:708}\">\u00a0<\/span><\/p>\n<p><span data-contrast=\"auto\">\u201cDe CMAS-Xalapa se sabe poco, as\u00ed como de las cuestiones hidr\u00e1ulicas, el saneamiento del agua potable, a d\u00f3nde van los fondos. Propuse hacer manuales y protocolos donde se sintetice toda esta informaci\u00f3n en lenguaje coloquial, para llegar a m\u00e1s personas.\u201d<\/span><span data-ccp-props=\"{&quot;335559731&quot;:708}\">\u00a0<\/span><\/p>\n<p><span data-contrast=\"auto\">Con respecto al cargo obtenido, Diana Campos expres\u00f3 que es satisfactorio a nivel personal y profesional, ya que se le dio la oportunidad por ser joven y tener experiencia en la administraci\u00f3n p\u00fablica.<\/span><span data-ccp-props=\"{&quot;335559731&quot;:708}\">\u00a0<\/span><\/p>\n<p><span data-contrast=\"auto\">Es importante mencionar que el 20 de diciembre de 2021 se llev\u00f3 a cabo la primera reuni\u00f3n del Consejo Consultivo de Gobierno Abierto, en la que tomaron protesta los nuevos integrantes, adem\u00e1s de establecerse un calendario, organigrama y realizar las reuniones cada tres meses.<\/span><span data-ccp-props=\"{&quot;335559731&quot;:708}\">\u00a0<\/span><\/p>\n<p><span data-contrast=\"auto\">Entre las acciones a implementarse detall\u00f3: desarrollar un programa referente a temas hidr\u00e1ulicos, explicar c\u00f3mo se hace el saneamiento del agua y el trabajo de las plantas que hay en el municipio.<\/span><span data-ccp-props=\"{&quot;335559731&quot;:708}\">\u00a0<\/span><\/p>\n<p><span data-contrast=\"auto\">\u201cMe gustar\u00eda invitar a la juventud a que se inmiscuya m\u00e1s en el tema, especialmente ahora que Xalapa enfrenta una escasez de agua, al grado que tienen que programarse tandeos.\u201d<\/span><span data-ccp-props=\"{&quot;335559731&quot;:708}\">\u00a0<\/span><\/p>\n<p><span data-contrast=\"auto\">Finalmente, opin\u00f3 que son pocos los j\u00f3venes que participan en el desarrollo de pol\u00edticas p\u00fablicas y en los gobiernos, debido a que son rechazados por su falta de experiencia y porque los servidores p\u00fablicos se resisten a darles la oportunidad.<\/span><span data-ccp-props=\"{&quot;335559731&quot;:708}\">\u00a0<\/span><\/p>\n<p><span data-contrast=\"auto\">Sin embargo, en la actualidad \u201clos j\u00f3venes han tomado experiencia con cargos honor\u00edficos de organizaciones nacionales y estatales, as\u00ed como en su participaci\u00f3n en los parlamentos abiertos; hay muchas cuestiones por legislar para empoderarlos y darles m\u00e1s espacios de participaci\u00f3n\u201d.<\/span><span data-ccp-props=\"{&quot;335559731&quot;:708}\">\u00a0<\/span><\/p>\n","protected":false},"excerpt":{"rendered":"<p>Diana Campos, de la Licenciatura en Derecho, es secretaria del Consejo Consultivo de Gobierno Abierto de la Comisi\u00f3n Municipal de Agua Potable y Saneamiento <\/p>\n","protected":false},"author":1508,"featured_media":108627,"comment_status":"closed","ping_status":"closed","sticky":false,"template":"","format":"standard","meta":[],"categories":[61],"tags":[],"_links":{"self":[{"href":"https:\/\/www.uv.mx\/prensa\/wp-json\/wp\/v2\/posts\/108622"}],"collection":[{"href":"https:\/\/www.uv.mx\/prensa\/wp-json\/wp\/v2\/posts"}],"about":[{"href":"https:\/\/www.uv.mx\/prensa\/wp-json\/wp\/v2\/types\/post"}],"author":[{"embeddable":true,"href":"https:\/\/www.uv.mx\/prensa\/wp-json\/wp\/v2\/users\/1508"}],"replies":[{"embeddable":true,"href":"https:\/\/www.uv.mx\/prensa\/wp-json\/wp\/v2\/comments?post=108622"}],"version-history":[{"count":1,"href":"https:\/\/www.uv.mx\/prensa\/wp-json\/wp\/v2\/posts\/108622\/revisions"}],"predecessor-version":[{"id":108667,"href":"https:\/\/www.uv.mx\/prensa\/wp-json\/wp\/v2\/posts\/108622\/revisions\/108667"}],"wp:featuredmedia":[{"embeddable":true,"href":"https:\/\/www.uv.mx\/prensa\/wp-json\/wp\/v2\/media\/108627"}],"wp:attachment":[{"href":"https:\/\/www.uv.mx\/prensa\/wp-json\/wp\/v2\/media?parent=108622"}],"wp:term":[{"taxonomy":"category","embeddable":true,"href":"https:\/\/www.uv.mx\/prensa\/wp-json\/wp\/v2\/categories?post=108622"},{"taxonomy":"post_tag","embeddable":true,"href":"https:\/\/www.uv.mx\/prensa\/wp-json\/wp\/v2\/tags?post=108622"}],"curies":[{"name":"wp","href":"https:\/\/api.w.org\/{rel}","templated":true}]}}