{"id":108654,"date":"2022-01-17T17:40:13","date_gmt":"2022-01-17T23:40:13","guid":{"rendered":"https:\/\/www.uv.mx\/prensa\/?p=108654"},"modified":"2022-01-18T11:22:27","modified_gmt":"2022-01-18T17:22:27","slug":"uv-y-pradesa-firmaron-convenio-de-colaboracion","status":"publish","type":"post","link":"https:\/\/www.uv.mx\/prensa\/regiones\/coatzacoalcos\/uv-y-pradesa-firmaron-convenio-de-colaboracion\/","title":{"rendered":"UV y PRADESA firmaron convenio de colaboraci\u00f3n"},"content":{"rendered":"<ul>\n<li data-leveltext=\"\uf0b7\" data-font=\"Symbol\" data-listid=\"1\" data-aria-posinset=\"1\" data-aria-level=\"1\"><i><span data-contrast=\"auto\">La Planta de Restauraci\u00f3n y Acopio Ambiental de Sureste S.A de C.V., es una empresa dedicada al cuidado del ambiente y trabaja con la industria petroqu\u00edmica de la regi\u00f3n<\/span><\/i><span data-ccp-props=\"{&quot;201341983&quot;:0,&quot;335559739&quot;:160,&quot;335559740&quot;:240}\">\u00a0<\/span><\/li>\n<li data-leveltext=\"\uf0b7\" data-font=\"Symbol\" data-listid=\"1\" data-aria-posinset=\"2\" data-aria-level=\"1\"><i><span data-contrast=\"auto\">En su car\u00e1cter de instituci\u00f3n p\u00fablica y entidad socialmente responsable, la UV apuesta a una vinculaci\u00f3n permanente y efectiva con los sectores productivo, social y gubernamental<\/span><\/i><span data-ccp-props=\"{&quot;201341983&quot;:0,&quot;335559739&quot;:160,&quot;335559740&quot;:240}\">\u00a0<\/span><\/li>\n<\/ul>\n<p>&nbsp;<\/p>\n<div id=\"attachment_108640\" style=\"width: 732px\" class=\"wp-caption aligncenter\"><a href=\"https:\/\/www.uv.mx\/prensa\/files\/2022\/01\/170122-UV-y-PRADESA-1.jpg\"><img aria-describedby=\"caption-attachment-108640\" decoding=\"async\" loading=\"lazy\" class=\"size-full wp-image-108640\" src=\"https:\/\/www.uv.mx\/prensa\/files\/2022\/01\/170122-UV-y-PRADESA-1.jpg\" alt=\"\" width=\"722\" height=\"481\" srcset=\"https:\/\/www.uv.mx\/prensa\/files\/2022\/01\/170122-UV-y-PRADESA-1.jpg 722w, https:\/\/www.uv.mx\/prensa\/files\/2022\/01\/170122-UV-y-PRADESA-1-300x200.jpg 300w\" sizes=\"(max-width: 722px) 100vw, 722px\" \/><\/a><p id=\"caption-attachment-108640\" class=\"wp-caption-text\">La firma del convenio se realiz\u00f3 en la USBI Coatzacoalcos, el 14 de enero<\/p><\/div>\n<p>&nbsp;<\/p>\n<p><b><i><span data-contrast=\"auto\">Cecilia Escribano Reyes<\/span><\/i><\/b><span data-ccp-props=\"{&quot;134233279&quot;:true,&quot;201341983&quot;:0,&quot;335559739&quot;:160,&quot;335559740&quot;:240}\">\u00a0<\/span><\/p>\n<p><b><i><span data-contrast=\"auto\">17\/01\/2022, Coatzacoalcos, Ver.- <\/span><\/i><\/b><span data-contrast=\"auto\">La <a href=\"https:\/\/www.uv.mx\/\" target=\"_blank\" rel=\"noopener\">Universidad Veracruzana<\/a> (UV) firm\u00f3 convenio general de colaboraci\u00f3n con la Planta de Restauraci\u00f3n y Acopio Ambiental de Sureste, S.A de C.V. (PRADESA), en ceremonia realizada el 14 de enero en la Unidad de Servicios Bibliotecarios y de Informaci\u00f3n (USBI) Coatzacoalcos.<\/span><span data-ccp-props=\"{&quot;134233279&quot;:true,&quot;201341983&quot;:0,&quot;335559739&quot;:160,&quot;335559740&quot;:240}\">\u00a0<\/span><\/p>\n<p><span data-contrast=\"auto\">Acudieron Luis Miguel Santos S\u00e1nchez, representante legal de PRADESA, y por la UV: Georgina Hern\u00e1ndez R\u00edos, vicerrectora; Florentino Cruz Mart\u00ednez y Mar\u00eda In\u00e9s Quevedo L\u00f3pez, secretarios regionales Acad\u00e9mico, y de Administraci\u00f3n y Finanzas, respectivamente; Ana Mar\u00eda Rueda, coordinadora regional de Vinculaci\u00f3n; Gabriel Z\u00e1rate Flores y Benoit Auguste Roger Fouconnier, director y docente de la Facultad de Ciencias Qu\u00edmicas (FCQ), as\u00ed como directores de facultades<\/span><span data-ccp-props=\"{&quot;134233279&quot;:true,&quot;201341983&quot;:0,&quot;335559731&quot;:708,&quot;335559739&quot;:160,&quot;335559740&quot;:240}\">\u00a0<\/span><\/p>\n<p><span data-contrast=\"auto\">Hern\u00e1ndez R\u00edos se\u00f1al\u00f3 que el Estatuto General de la UV, en su Art\u00edculo 280, Fracci\u00f3n XXV, dispone que las vicerrector\u00edas deben promover y coordinar la realizaci\u00f3n de programas de vinculaci\u00f3n entre la docencia, la investigaci\u00f3n y los sectores p\u00fablico, privado y social de las regiones. Esta actividad se realiza de manera coordinada con la Direcci\u00f3n General de Vinculaci\u00f3n y se concreta mediante la gesti\u00f3n, promoci\u00f3n y seguimiento de convenios y proyectos que impacten el desarrollo socioecon\u00f3mico del estado y del pa\u00eds.<\/span><span data-ccp-props=\"{&quot;134233279&quot;:true,&quot;201341983&quot;:0,&quot;335559731&quot;:708,&quot;335559739&quot;:160,&quot;335559740&quot;:240}\">\u00a0<\/span><\/p>\n<p><span data-contrast=\"auto\">La Vicerrectora recalc\u00f3 que la UV, en su car\u00e1cter de instituci\u00f3n p\u00fablica y entidad socialmente responsable, apuesta por una vinculaci\u00f3n permanente y efectiva con los sectores productivo, social y gubernamental. \u201cPor eso celebro que, al iniciar esta administraci\u00f3n, estemos llevando a cabo la primera firma de convenio, de varias que est\u00e1n previstas en este a\u00f1o\u201d.<\/span><span data-ccp-props=\"{&quot;134233279&quot;:true,&quot;201341983&quot;:0,&quot;335559731&quot;:708,&quot;335559739&quot;:160,&quot;335559740&quot;:240}\">\u00a0<\/span><\/p>\n<p><span data-contrast=\"auto\">Asimismo, reconoci\u00f3 el inter\u00e9s y la disposici\u00f3n de PRADESA para celebrar y firmar este convenio general de colaboraci\u00f3n con la UV, con el objetivo de realizar investigaci\u00f3n, pr\u00e1cticas profesionales, servicio social, ensayos, tesis, difusi\u00f3n de tecnolog\u00edas, capacitaci\u00f3n, cursos y publicidad en general de actividades que generen beneficios a los alumnos, profesores y a la empresa.<\/span><span data-ccp-props=\"{&quot;134233279&quot;:true,&quot;201341983&quot;:0,&quot;335559731&quot;:708,&quot;335559739&quot;:160,&quot;335559740&quot;:240}\">\u00a0<\/span><\/p>\n<p>&nbsp;<\/p>\n<div id=\"attachment_108639\" style=\"width: 732px\" class=\"wp-caption aligncenter\"><a href=\"https:\/\/www.uv.mx\/prensa\/files\/2022\/01\/170122-UV-y-PRADESA-2.jpg\"><img aria-describedby=\"caption-attachment-108639\" decoding=\"async\" loading=\"lazy\" class=\"size-full wp-image-108639\" src=\"https:\/\/www.uv.mx\/prensa\/files\/2022\/01\/170122-UV-y-PRADESA-2.jpg\" alt=\"\" width=\"722\" height=\"482\" srcset=\"https:\/\/www.uv.mx\/prensa\/files\/2022\/01\/170122-UV-y-PRADESA-2.jpg 722w, https:\/\/www.uv.mx\/prensa\/files\/2022\/01\/170122-UV-y-PRADESA-2-300x200.jpg 300w\" sizes=\"(max-width: 722px) 100vw, 722px\" \/><\/a><p id=\"caption-attachment-108639\" class=\"wp-caption-text\">El representante legal de PRADESA, Luis Miguel Santos, con la vicerrectora Georgina Hern\u00e1ndez<\/p><\/div>\n<p>&nbsp;<\/p>\n<p><span data-contrast=\"auto\">Luis Miguel Santos, representante legal de PRADESA, se\u00f1al\u00f3 que es un honor contribuir con la UV: \u201cCreemos mucho en el talento de los j\u00f3venes y en su preparaci\u00f3n. Llevamos 10 a\u00f1os trabajando en materia ambiental e ingenier\u00eda qu\u00edmica; a trav\u00e9s de esta vinculaci\u00f3n se generar\u00e1 sinergia para contribuir a la regi\u00f3n.<\/span><span data-ccp-props=\"{&quot;134233279&quot;:true,&quot;201341983&quot;:0,&quot;335559731&quot;:708,&quot;335559739&quot;:160,&quot;335559740&quot;:240}\">\u00a0<\/span><\/p>\n<p><span data-contrast=\"auto\">\u201dSomos una empresa que cuida el <\/span><span data-contrast=\"auto\">ambiente<\/span><b><span data-contrast=\"auto\">,<\/span><\/b><span data-contrast=\"auto\"> trabajamos con la industria petroqu\u00edmica de la regi\u00f3n y este convenio nos fortalece para tener mano de obra calificada y es amigable con ambas partes, queremos brindarles grandes beneficios\u201d, enfatiz\u00f3.<\/span><span data-ccp-props=\"{&quot;134233279&quot;:true,&quot;201341983&quot;:0,&quot;335559731&quot;:708,&quot;335559739&quot;:160,&quot;335559740&quot;:240}\">\u00a0<\/span><\/p>\n<p><span data-contrast=\"auto\">Santos S\u00e1nchez agradeci\u00f3 las gestiones de la Vicerrectora para concretar esta relaci\u00f3n legal entre la UV y PRADESA, adem\u00e1s de su disponibilidad por mantener una relaci\u00f3n que beneficie a los acad\u00e9micos y estudiantes de la m\u00e1xima casa de estudios.<\/span><span data-ccp-props=\"{&quot;134233279&quot;:true,&quot;201341983&quot;:0,&quot;335559731&quot;:708,&quot;335559739&quot;:160,&quot;335559740&quot;:240}\">\u00a0<\/span><\/p>\n<p><span data-contrast=\"auto\">Por su parte, Gabriel Z\u00e1rate enfatiz\u00f3 que con este acto la FCQ est\u00e1 siendo congruente con el objetivo de impulsar una relaci\u00f3n permanente con los sectores p\u00fablico, social y empresarial, que contribuya al desarrollo de las funciones institucionales: fortalecer y extender la cultura universitaria en el desarrollo estatal, nacional e internacional a trav\u00e9s de las actividades art\u00edsticas, cient\u00edficas y acad\u00e9micas; y la generaci\u00f3n de contenidos, propiciando con ello la formaci\u00f3n integral del estudiante y la consolidaci\u00f3n de la presencia y el reconocimiento de la Universidad por la sociedad.<\/span><span data-ccp-props=\"{&quot;134233279&quot;:true,&quot;201341983&quot;:0,&quot;335559731&quot;:708,&quot;335559739&quot;:160,&quot;335559740&quot;:240}\">\u00a0<\/span><\/p>\n<p><span data-contrast=\"auto\">\u201cSe tendr\u00e1 la posibilidad de realizar trabajos de investigaci\u00f3n compartida que propicien la generaci\u00f3n de conocimiento y su aplicaci\u00f3n para la soluci\u00f3n de problemas de optimizaci\u00f3n de los procesos con seguridad, desarrollo tecnol\u00f3gico y sustentable en que participen acad\u00e9micos y estudiantes\u201d, concluy\u00f3<\/span><span data-ccp-props=\"{&quot;134233279&quot;:true,&quot;201341983&quot;:0,&quot;335559731&quot;:708,&quot;335559739&quot;:160,&quot;335559740&quot;:240}\">.<\/span><\/p>\n<p>&nbsp;<\/p>\n<div id=\"attachment_108641\" style=\"width: 732px\" class=\"wp-caption aligncenter\"><a href=\"https:\/\/www.uv.mx\/prensa\/files\/2022\/01\/170122-UV-y-PRADESA-3.jpg\"><img aria-describedby=\"caption-attachment-108641\" decoding=\"async\" loading=\"lazy\" class=\"wp-image-108641 size-full\" src=\"https:\/\/www.uv.mx\/prensa\/files\/2022\/01\/170122-UV-y-PRADESA-3.jpg\" alt=\"\" width=\"722\" height=\"481\" srcset=\"https:\/\/www.uv.mx\/prensa\/files\/2022\/01\/170122-UV-y-PRADESA-3.jpg 722w, https:\/\/www.uv.mx\/prensa\/files\/2022\/01\/170122-UV-y-PRADESA-3-300x200.jpg 300w\" sizes=\"(max-width: 722px) 100vw, 722px\" \/><\/a><p id=\"caption-attachment-108641\" class=\"wp-caption-text\">Autoridades de ambas partes en la ceremonia de firma de convenio<\/p><\/div>\n<p>&nbsp;<\/p>\n","protected":false},"excerpt":{"rendered":"<p>Los estudiantes podr\u00e1n desarrollar actividades de investigaci\u00f3n, pr\u00e1cticas profesionales, servicio social, ensayos, tesis, difusi\u00f3n de tecnolog\u00edas y capacitaci\u00f3n<\/p>\n","protected":false},"author":1508,"featured_media":108637,"comment_status":"closed","ping_status":"closed","sticky":false,"template":"","format":"standard","meta":[],"categories":[52,61],"tags":[],"_links":{"self":[{"href":"https:\/\/www.uv.mx\/prensa\/wp-json\/wp\/v2\/posts\/108654"}],"collection":[{"href":"https:\/\/www.uv.mx\/prensa\/wp-json\/wp\/v2\/posts"}],"about":[{"href":"https:\/\/www.uv.mx\/prensa\/wp-json\/wp\/v2\/types\/post"}],"author":[{"embeddable":true,"href":"https:\/\/www.uv.mx\/prensa\/wp-json\/wp\/v2\/users\/1508"}],"replies":[{"embeddable":true,"href":"https:\/\/www.uv.mx\/prensa\/wp-json\/wp\/v2\/comments?post=108654"}],"version-history":[{"count":1,"href":"https:\/\/www.uv.mx\/prensa\/wp-json\/wp\/v2\/posts\/108654\/revisions"}],"predecessor-version":[{"id":108665,"href":"https:\/\/www.uv.mx\/prensa\/wp-json\/wp\/v2\/posts\/108654\/revisions\/108665"}],"wp:featuredmedia":[{"embeddable":true,"href":"https:\/\/www.uv.mx\/prensa\/wp-json\/wp\/v2\/media\/108637"}],"wp:attachment":[{"href":"https:\/\/www.uv.mx\/prensa\/wp-json\/wp\/v2\/media?parent=108654"}],"wp:term":[{"taxonomy":"category","embeddable":true,"href":"https:\/\/www.uv.mx\/prensa\/wp-json\/wp\/v2\/categories?post=108654"},{"taxonomy":"post_tag","embeddable":true,"href":"https:\/\/www.uv.mx\/prensa\/wp-json\/wp\/v2\/tags?post=108654"}],"curies":[{"name":"wp","href":"https:\/\/api.w.org\/{rel}","templated":true}]}}