{"id":108967,"date":"2022-01-23T14:02:48","date_gmt":"2022-01-23T20:02:48","guid":{"rendered":"https:\/\/www.uv.mx\/prensa\/?p=108967"},"modified":"2022-01-24T12:39:26","modified_gmt":"2022-01-24T18:39:26","slug":"crecimiento-intelectual-viaje-sin-destino-definitivo-estela-castillo","status":"publish","type":"post","link":"https:\/\/www.uv.mx\/prensa\/banner\/crecimiento-intelectual-viaje-sin-destino-definitivo-estela-castillo\/","title":{"rendered":"Crecimiento intelectual, viaje sin destino definitivo: Estela Castillo"},"content":{"rendered":"<ul>\n<li><em><span class=\"TextRun SCXW140911872 BCX2\" lang=\"ES-MX\" xml:lang=\"ES-MX\" data-contrast=\"auto\"><span class=\"NormalTextRun SCXW140911872 BCX2\" data-ccp-parastyle=\"Normal (Web)\">La profesora del Instituto de Investigaciones Ling\u00fc\u00edstico-Literarias <\/span>considera a la Maestr\u00eda en Literatura Mexicana \u201cuna parada o estaci\u00f3n significativa\u201d en su formaci\u00f3n <\/span><\/em><\/li>\n<\/ul>\n<p>&nbsp;<\/p>\n<div id=\"attachment_108969\" style=\"width: 732px\" class=\"wp-caption aligncenter\"><a href=\"https:\/\/www.uv.mx\/prensa\/files\/2022\/01\/230122-Estela-Castillo.jpg\"><img aria-describedby=\"caption-attachment-108969\" decoding=\"async\" loading=\"lazy\" class=\"size-full wp-image-108969\" src=\"https:\/\/www.uv.mx\/prensa\/files\/2022\/01\/230122-Estela-Castillo.jpg\" alt=\"\" width=\"722\" height=\"481\" srcset=\"https:\/\/www.uv.mx\/prensa\/files\/2022\/01\/230122-Estela-Castillo.jpg 722w, https:\/\/www.uv.mx\/prensa\/files\/2022\/01\/230122-Estela-Castillo-300x200.jpg 300w\" sizes=\"(max-width: 722px) 100vw, 722px\" \/><\/a><p id=\"caption-attachment-108969\" class=\"wp-caption-text\">Estela Castillo Hern\u00e1ndez, egresada distinguida del IIL-L<\/p><\/div>\n<p>&nbsp;<\/p>\n<p><b><i><span data-contrast=\"auto\">Jos\u00e9 Luis Couttolenc Soto<\/span><\/i><\/b><span data-ccp-props=\"{&quot;134233117&quot;:true,&quot;134233118&quot;:true,&quot;201341983&quot;:0,&quot;335559740&quot;:240}\">\u00a0<\/span><\/p>\n<p><b><i><span data-contrast=\"auto\">Foto: Omar Portilla Palacios<\/span><\/i><\/b><span data-ccp-props=\"{&quot;134233117&quot;:true,&quot;134233118&quot;:true,&quot;201341983&quot;:0,&quot;335559740&quot;:240}\">\u00a0<\/span><\/p>\n<p><b><i><span data-contrast=\"auto\">23\/01\/2022, Xalapa, Ver.- <\/span><\/i><\/b><span data-contrast=\"auto\">\u201cMi crecimiento espiritual e intelectual lo puedo visualizar como un viaje en tren que no tiene un destino definitivo\u201d, expres\u00f3 Estela Castillo Hern\u00e1ndez, investigadora y profesora del <a href=\"https:\/\/www.uv.mx\/inslit\/\" target=\"_blank\" rel=\"noopener\">Instituto de Investigaciones Ling\u00fc\u00edstico-Literarias<\/a> (IIL-L) de la Universidad Veracruzana (UV), durante su participaci\u00f3n en las Jornadas Acad\u00e9micas \u201cUmbrales de la investigaci\u00f3n en los estudios de posgrado. \u00c1rea de Literatura Hispanoamericana\u201d, organizado por esa entidad universitaria.<\/span><span data-ccp-props=\"{&quot;134233117&quot;:true,&quot;134233118&quot;:true,&quot;201341983&quot;:0,&quot;335559740&quot;:240}\">\u00a0<\/span><\/p>\n<p><span data-contrast=\"auto\">La Doctora en Literatura Hisp\u00e1nica por el Colegio de M\u00e9xico (<\/span><i><span data-contrast=\"auto\">Colmex<\/span><\/i><span data-contrast=\"auto\">) expuso el mi\u00e9rcoles 19 de enero sus experiencias de formaci\u00f3n acad\u00e9mica e inserci\u00f3n laboral, puntualizando sus vivencias durante la maestr\u00eda que curs\u00f3 en el IIL-L y la forma en que enfrenta los retos actuales de responsabilidad social, sustentabilidad y derechos humanos.<\/span><span data-ccp-props=\"{&quot;134233117&quot;:true,&quot;134233118&quot;:true,&quot;201341983&quot;:0,&quot;335559740&quot;:240}\">\u00a0<\/span><\/p>\n<p><span data-contrast=\"none\">Asegur\u00f3 que desde su experiencia nunca ha dejado de seguir form\u00e1ndose, que con cada investigaci\u00f3n que emprende, curso que imparte y trabajo acad\u00e9mico que difunde, contin\u00faa alimentando su conocimiento. \u201cA lo largo de mi vida he tenido la sensaci\u00f3n de que sigo prepar\u00e1ndome profesional, intelectual y moralmente; desde que tengo memoria siempre he querido aprender, estudiar, satisfacer mis deseos de conocimiento\u201d.<\/span><span data-ccp-props=\"{&quot;134233117&quot;:true,&quot;134233118&quot;:true,&quot;201341983&quot;:0,&quot;335559731&quot;:708,&quot;335559740&quot;:240}\">\u00a0<\/span><\/p>\n<p><span data-contrast=\"none\">Durante \u201csu viaje en tren sin destino definitivo\u201d, Castillo Hern\u00e1ndez considera que \u201cuna parada o estaci\u00f3n significativa ha sido la que hice en la Maestr\u00eda en Literatura Mexicana, donde pude conocer a muy buenos profesores\u201d; la segunda estaci\u00f3n fue la del <\/span><i><span data-contrast=\"none\">Colmex<\/span><\/i><span data-contrast=\"none\">, en donde curs\u00f3 su doctorado, cuya tesis le hizo recordar \u201cque la Universidad Veracruzana siempre estar\u00eda en mi vida\u201d.<\/span><span data-ccp-props=\"{&quot;134233117&quot;:true,&quot;134233118&quot;:true,&quot;201341983&quot;:0,&quot;335559731&quot;:708,&quot;335559740&quot;:240}\">\u00a0<\/span><\/p>\n<p><span data-contrast=\"none\">Relat\u00f3 que su trabajo recepcional lo inscribi\u00f3 en 2014 en el concurso que organiza la Academia Mexicana de Ciencias para premiar a las mejores tesis de Doctorado en Ciencias Sociales y Humanidades, en donde fue elegida como una de las ganadoras de ese a\u00f1o.<\/span><span data-ccp-props=\"{&quot;134233117&quot;:true,&quot;134233118&quot;:true,&quot;201341983&quot;:0,&quot;335559731&quot;:708,&quot;335559740&quot;:240}\">\u00a0<\/span><\/p>\n<p><span data-contrast=\"none\">La investigadora y docente apunt\u00f3 que desde que inici\u00f3 el estudio de la literatura, su <em>corpus<\/em> de investigaci\u00f3n ha estado relacionado con dos l\u00edneas que atraviesan una principal que es el estudio y edici\u00f3n de textos hispanoamericanos de los siglos XVIII y XIX.<\/span><span data-ccp-props=\"{&quot;134233117&quot;:true,&quot;134233118&quot;:true,&quot;201341983&quot;:0,&quot;335559731&quot;:708,&quot;335559740&quot;:240}\">\u00a0<\/span><\/p>\n<p><span data-contrast=\"none\">La primera de ellas est\u00e1 subordinada al di\u00e1logo interdisciplinario, en donde para abordar textos coloniales y decimon\u00f3nicos se debe conocer, adem\u00e1s de diversas estrategias literarias, historia, geograf\u00eda, religi\u00f3n e iconograf\u00eda, a fin de poder hacer una lectura y una interpretaci\u00f3n de cada texto lo m\u00e1s completa posible.<\/span><span data-ccp-props=\"{&quot;134233117&quot;:true,&quot;134233118&quot;:true,&quot;201341983&quot;:0,&quot;335559731&quot;:708,&quot;335559740&quot;:240}\">\u00a0<\/span><\/p>\n<p><span data-contrast=\"none\">La segunda, se relaciona con los derechos humanos, en donde consider\u00f3 que los textos que regularmente analiza han sido marginados por las voces oficiales de su \u00e9poca, de manera que cuando estudia estas obras est\u00e1 recuperando la voz de aquellas personas que en alg\u00fan momento fueron silenciadas, estigmatizadas y violentadas.<\/span><span data-ccp-props=\"{&quot;134233117&quot;:true,&quot;134233118&quot;:true,&quot;201341983&quot;:0,&quot;335559731&quot;:708,&quot;335559740&quot;:240}\">\u00a0<\/span><\/p>\n<p><span data-contrast=\"none\">Para concluir su participaci\u00f3n, Estela Castillo dijo: \u201cNo he encontrado mejores palabras para invitarlos a continuar form\u00e1ndose, ya que es un deleite degustar las mieles de la investigaci\u00f3n literaria\u201d.<\/span><span data-ccp-props=\"{&quot;134233117&quot;:true,&quot;134233118&quot;:true,&quot;201341983&quot;:0,&quot;335559731&quot;:708,&quot;335559740&quot;:240}\">\u00a0<\/span><\/p>\n","protected":false},"excerpt":{"rendered":"<p>La profesora del Instituto de Investigaciones Ling\u00fc\u00edstico-Literarias considera a la Maestr\u00eda en Literatura Mexicana \u201cuna parada o estaci\u00f3n significativa\u201d en su formaci\u00f3n <\/p>\n","protected":false},"author":1508,"featured_media":108970,"comment_status":"closed","ping_status":"closed","sticky":false,"template":"","format":"standard","meta":[],"categories":[61],"tags":[],"_links":{"self":[{"href":"https:\/\/www.uv.mx\/prensa\/wp-json\/wp\/v2\/posts\/108967"}],"collection":[{"href":"https:\/\/www.uv.mx\/prensa\/wp-json\/wp\/v2\/posts"}],"about":[{"href":"https:\/\/www.uv.mx\/prensa\/wp-json\/wp\/v2\/types\/post"}],"author":[{"embeddable":true,"href":"https:\/\/www.uv.mx\/prensa\/wp-json\/wp\/v2\/users\/1508"}],"replies":[{"embeddable":true,"href":"https:\/\/www.uv.mx\/prensa\/wp-json\/wp\/v2\/comments?post=108967"}],"version-history":[{"count":1,"href":"https:\/\/www.uv.mx\/prensa\/wp-json\/wp\/v2\/posts\/108967\/revisions"}],"predecessor-version":[{"id":108999,"href":"https:\/\/www.uv.mx\/prensa\/wp-json\/wp\/v2\/posts\/108967\/revisions\/108999"}],"wp:featuredmedia":[{"embeddable":true,"href":"https:\/\/www.uv.mx\/prensa\/wp-json\/wp\/v2\/media\/108970"}],"wp:attachment":[{"href":"https:\/\/www.uv.mx\/prensa\/wp-json\/wp\/v2\/media?parent=108967"}],"wp:term":[{"taxonomy":"category","embeddable":true,"href":"https:\/\/www.uv.mx\/prensa\/wp-json\/wp\/v2\/categories?post=108967"},{"taxonomy":"post_tag","embeddable":true,"href":"https:\/\/www.uv.mx\/prensa\/wp-json\/wp\/v2\/tags?post=108967"}],"curies":[{"name":"wp","href":"https:\/\/api.w.org\/{rel}","templated":true}]}}