{"id":108972,"date":"2022-01-23T14:03:15","date_gmt":"2022-01-23T20:03:15","guid":{"rendered":"https:\/\/www.uv.mx\/prensa\/?p=108972"},"modified":"2022-01-24T10:52:39","modified_gmt":"2022-01-24T16:52:39","slug":"creatividad-y-disciplina-permitieron-a-facultad-de-danza-sortear-la-pandemia","status":"publish","type":"post","link":"https:\/\/www.uv.mx\/prensa\/banner\/creatividad-y-disciplina-permitieron-a-facultad-de-danza-sortear-la-pandemia\/","title":{"rendered":"Creatividad y disciplina permitieron a Facultad de Danza sortear la pandemia"},"content":{"rendered":"<ul>\n<li data-leveltext=\"\uf0b7\" data-font=\"Symbol\" data-listid=\"5\" data-aria-posinset=\"1\" data-aria-level=\"1\"><i><span data-contrast=\"auto\">Nahomi Bonilla Sainz, directora de esta entidad acad\u00e9mica, afirm\u00f3 que la danza brinda habilidades \u00fatiles para superar obst\u00e1culos<\/span><\/i><span data-ccp-props=\"{}\">\u00a0<\/span><\/li>\n<li data-leveltext=\"\uf0b7\" data-font=\"Symbol\" data-listid=\"5\" data-aria-posinset=\"2\" data-aria-level=\"1\"><i><span data-contrast=\"auto\">Las y los integrantes de la Facultad est\u00e1n listos para brindar lo mejor en el retorno a las actividades presenciales<\/span><\/i><span data-ccp-props=\"{}\">\u00a0<\/span><\/li>\n<\/ul>\n<p>&nbsp;<\/p>\n<div id=\"attachment_108975\" style=\"width: 732px\" class=\"wp-caption aligncenter\"><a href=\"https:\/\/www.uv.mx\/prensa\/files\/2022\/01\/230122-Facultad-de-Danza.jpg\"><img aria-describedby=\"caption-attachment-108975\" decoding=\"async\" loading=\"lazy\" class=\"size-full wp-image-108975\" src=\"https:\/\/www.uv.mx\/prensa\/files\/2022\/01\/230122-Facultad-de-Danza.jpg\" alt=\"\" width=\"722\" height=\"481\" srcset=\"https:\/\/www.uv.mx\/prensa\/files\/2022\/01\/230122-Facultad-de-Danza.jpg 722w, https:\/\/www.uv.mx\/prensa\/files\/2022\/01\/230122-Facultad-de-Danza-300x200.jpg 300w\" sizes=\"(max-width: 722px) 100vw, 722px\" \/><\/a><p id=\"caption-attachment-108975\" class=\"wp-caption-text\">Nahomi Bonilla Sainz<\/p><\/div>\n<p>&nbsp;<\/p>\n<p><b><i><span data-contrast=\"auto\">Carlos Hugo Hermida Rosales<\/span><\/i><\/b><span data-ccp-props=\"{}\">\u00a0<\/span><\/p>\n<p><span data-ccp-props=\"{}\">\u00a0<\/span><b><i><span data-contrast=\"auto\">23\/01\/2022, Xalapa, Ver.- <\/span><\/i><\/b><span data-contrast=\"auto\">Nahomi Bonilla Sainz, directora de la <a href=\"https:\/\/www.uv.mx\/danza\/\" target=\"_blank\" rel=\"noopener\">Facultad de Danza<\/a> de la Universidad Veracruzana (UV), inform\u00f3 que esta entidad present\u00f3 un \u00edndice de deserci\u00f3n m\u00ednimo durante la pandemia por COVID-19, que no super\u00f3 el seis por ciento de la matr\u00edcula total de alumnos; de \u00e9stos s<\/span><span data-contrast=\"auto\">\u00f3<\/span><span data-contrast=\"auto\">lo el uno por ciento solicit\u00f3 la baja definitiva y el resto lo hizo de forma temporal.<\/span><span data-ccp-props=\"{}\">\u00a0<\/span><\/p>\n<p><span data-contrast=\"auto\">Esto lo atribuy\u00f3 a que en esta Facultad \u201ctanto los docentes como los estudiantes fueron formados para superar los obst\u00e1culos, lo que ha sido de gran ayuda para afrontar la contingencia\u201d.<\/span><span data-ccp-props=\"{}\">\u00a0<\/span><\/p>\n<p><span data-contrast=\"auto\">Los docentes mantuvieron un acompa\u00f1amiento permanente con sus estudiantes, tanto a nivel colegiado como en las tutor\u00edas, y fomentaron en ellos el autoconocimiento y la introspecci\u00f3n para que desarrollaran el estudio en solitario.<\/span><span data-ccp-props=\"{&quot;335559731&quot;:708}\">\u00a0<\/span><\/p>\n<p><span data-contrast=\"auto\">Durante el primer semestre -dentro del confinamiento- se desarrollaron 270 reuniones y se permiti\u00f3 que las tareas se entregaran en diversas formas, que iban desde hojas escritas a mano hasta videollamadas en la que reflexionaban sobre textos acad\u00e9micos y vinculados con la danza.<\/span><span data-ccp-props=\"{&quot;335559731&quot;:708}\">\u00a0<\/span><\/p>\n<p><span data-contrast=\"auto\">Actualmente algunos estudiantes becados ya regresaron al aula f\u00edsica con las medidas sanitarias pertinentes, y los directivos y docentes se preparan para recibir al resto de los alumnos paulatinamente.\u00a0<\/span><span data-ccp-props=\"{&quot;335559731&quot;:708}\">\u00a0<\/span><\/p>\n<p><span data-contrast=\"auto\">Nahomi Bonilla manifest\u00f3 que la danza es una manifestaci\u00f3n art\u00edstica desarrollada para ser vista en vivo y a todo color, y que las y los integrantes de la Facultad est\u00e1n listos para brindar lo mejor en el retorno a las actividades presenciales.<\/span><span data-ccp-props=\"{&quot;335559731&quot;:708}\">\u00a0<\/span><\/p>\n<p><span data-contrast=\"auto\">La creatividad para resolver problemas y la disciplina \u2013habilidades que la danza brinda\u2013 permitieron salir a flote en medio de la pandemia por COVID-19.<\/span><span data-ccp-props=\"{&quot;335559731&quot;:708}\">\u00a0<\/span><\/p>\n<p><span data-contrast=\"auto\">Los estudiantes continuaron a distancia de forma sincr\u00f3nica con el entrenamiento f\u00edsico de algunas experiencias educativas en las que trabajan la coordinaci\u00f3n y el desarrollo muscular, en el mismo horario y d\u00edas que lo hac\u00edan de manera presencial.<\/span><span data-ccp-props=\"{&quot;335559731&quot;:708}\">\u00a0<\/span><\/p>\n<p><span data-contrast=\"auto\">No obstante, la virtualidad les ha impedido practicar otras actividades como desplazamientos, cargadas e improvisaciones de contacto, las cuales es necesario realizar dentro del aula.<\/span><span data-ccp-props=\"{&quot;335559731&quot;:708}\">\u00a0<\/span><\/p>\n","protected":false},"excerpt":{"rendered":"<p>\u201cTanto los docentes como los estudiantes fueron formados para superar los obst\u00e1culos, lo que ha sido de gran ayuda para afrontar la contingencia\u201d: Nahomi Bonilla Sainz <\/p>\n","protected":false},"author":1508,"featured_media":108976,"comment_status":"closed","ping_status":"closed","sticky":false,"template":"","format":"standard","meta":[],"categories":[61],"tags":[],"_links":{"self":[{"href":"https:\/\/www.uv.mx\/prensa\/wp-json\/wp\/v2\/posts\/108972"}],"collection":[{"href":"https:\/\/www.uv.mx\/prensa\/wp-json\/wp\/v2\/posts"}],"about":[{"href":"https:\/\/www.uv.mx\/prensa\/wp-json\/wp\/v2\/types\/post"}],"author":[{"embeddable":true,"href":"https:\/\/www.uv.mx\/prensa\/wp-json\/wp\/v2\/users\/1508"}],"replies":[{"embeddable":true,"href":"https:\/\/www.uv.mx\/prensa\/wp-json\/wp\/v2\/comments?post=108972"}],"version-history":[{"count":1,"href":"https:\/\/www.uv.mx\/prensa\/wp-json\/wp\/v2\/posts\/108972\/revisions"}],"predecessor-version":[{"id":108990,"href":"https:\/\/www.uv.mx\/prensa\/wp-json\/wp\/v2\/posts\/108972\/revisions\/108990"}],"wp:featuredmedia":[{"embeddable":true,"href":"https:\/\/www.uv.mx\/prensa\/wp-json\/wp\/v2\/media\/108976"}],"wp:attachment":[{"href":"https:\/\/www.uv.mx\/prensa\/wp-json\/wp\/v2\/media?parent=108972"}],"wp:term":[{"taxonomy":"category","embeddable":true,"href":"https:\/\/www.uv.mx\/prensa\/wp-json\/wp\/v2\/categories?post=108972"},{"taxonomy":"post_tag","embeddable":true,"href":"https:\/\/www.uv.mx\/prensa\/wp-json\/wp\/v2\/tags?post=108972"}],"curies":[{"name":"wp","href":"https:\/\/api.w.org\/{rel}","templated":true}]}}