{"id":109063,"date":"2022-01-25T08:00:57","date_gmt":"2022-01-25T14:00:57","guid":{"rendered":"https:\/\/www.uv.mx\/prensa\/?p=109063"},"modified":"2022-01-25T10:16:10","modified_gmt":"2022-01-25T16:16:10","slug":"orquesta-sinfonica-de-xalapa-inicia-temporada-uno-de-conciertos","status":"publish","type":"post","link":"https:\/\/www.uv.mx\/prensa\/cultura\/orquesta-sinfonica-de-xalapa-inicia-temporada-uno-de-conciertos\/","title":{"rendered":"Orquesta Sinf\u00f3nica de Xalapa inicia Temporada Uno de conciertos"},"content":{"rendered":"<ul>\n<li data-leveltext=\"\u25cf\" data-font=\"\" data-listid=\"1\" data-aria-posinset=\"1\" data-aria-level=\"1\"><i><span data-contrast=\"auto\">El programa completo se puede consultar en <\/span><\/i><a href=\"http:\/\/www.orquestasinfonicadexalapa.com\/\" target=\"_blank\" rel=\"noopener\"><i><span data-contrast=\"none\">www.orquestasinfonicadexalapa.com<\/span><\/i><\/a><span data-ccp-props=\"{&quot;201341983&quot;:0,&quot;335559740&quot;:240}\">\u00a0<\/span><\/li>\n<li data-leveltext=\"\u25cf\" data-font=\"\" data-listid=\"1\" data-aria-posinset=\"2\" data-aria-level=\"1\"><i><span data-contrast=\"auto\">Habr\u00e1 conciertos dedicados a las mujeres, a la m\u00fasica de Broadway y a la m\u00fasica de pel\u00edculas, adem\u00e1s de la participaci\u00f3n en el Festival de M\u00fasica Sacra<\/span><\/i><span data-ccp-props=\"{&quot;201341983&quot;:0,&quot;335559740&quot;:240}\">\u00a0<\/span><\/li>\n<li data-leveltext=\"\u25cf\" data-font=\"Arial\" data-listid=\"1\" data-aria-posinset=\"3\" data-aria-level=\"1\"><i><span data-contrast=\"auto\">El 11 de marzo ser\u00e1 el concierto dedicado al 30 aniversario de la\u00a0 Fundaci\u00f3n UV, Mujeres OSX<\/span><\/i><span data-ccp-props=\"{&quot;201341983&quot;:0,&quot;335559740&quot;:240}\">\u00a0<\/span><\/li>\n<\/ul>\n<p>&nbsp;<\/p>\n<div id=\"attachment_109059\" style=\"width: 732px\" class=\"wp-caption aligncenter\"><a href=\"https:\/\/www.uv.mx\/prensa\/files\/2022\/01\/240122-OSX-inicia-Temporada-1.jpg\"><img aria-describedby=\"caption-attachment-109059\" decoding=\"async\" loading=\"lazy\" class=\"size-full wp-image-109059\" src=\"https:\/\/www.uv.mx\/prensa\/files\/2022\/01\/240122-OSX-inicia-Temporada-1.jpg\" alt=\"\" width=\"722\" height=\"481\" srcset=\"https:\/\/www.uv.mx\/prensa\/files\/2022\/01\/240122-OSX-inicia-Temporada-1.jpg 722w, https:\/\/www.uv.mx\/prensa\/files\/2022\/01\/240122-OSX-inicia-Temporada-1-300x200.jpg 300w\" sizes=\"(max-width: 722px) 100vw, 722px\" \/><\/a><p id=\"caption-attachment-109059\" class=\"wp-caption-text\">Rey Conde, Alfonso Colorado, Martin Lebel y Facundo Pacheco en el anuncio de la Temporada Uno de conciertos de la OSX<\/p><\/div>\n<p>&nbsp;<\/p>\n<p><b><i><span data-contrast=\"auto\">David Sandoval Rodr\u00edguez<\/span><\/i><\/b><span data-ccp-props=\"{&quot;201341983&quot;:0,&quot;335559740&quot;:240}\">\u00a0<\/span><\/p>\n<p><b><i><span data-contrast=\"auto\">Fotos: C\u00e9sar Pisil Ramos<\/span><\/i><\/b><span data-ccp-props=\"{&quot;201341983&quot;:0,&quot;335559740&quot;:240}\">\u00a0<\/span><\/p>\n<p><b><i><span data-contrast=\"auto\">25\/01\/2022, Xalapa, Ver.-<\/span><\/i><\/b><span data-contrast=\"auto\"> La <a href=\"https:\/\/www.orquestasinfonicadexalapa.com\/\" target=\"_blank\" rel=\"noopener\">Orquesta Sinf\u00f3nica de Xalapa<\/a> (OSX) present\u00f3 su programa de conciertos de la Temporada Uno de 2022, que tiene como distintivos la diversidad y la dedicaci\u00f3n de sus respectivos programas a varias conmemoraciones.<\/span><span data-ccp-props=\"{&quot;201341983&quot;:0,&quot;335559740&quot;:240}\">\u00a0<\/span><\/p>\n<p><span data-contrast=\"auto\">En la antesala de Tlaqn\u00e1, Centro Cultural, integrantes de la Universidad Veracruzana (UV) encabezados por Martin Lebel, director titular de la OSX, dieron a conocer los pormenores de esta serie de 23 programas musicales que transcurrir\u00e1n del 28 de enero al 1 de junio, y cuya programaci\u00f3n completa se puede consultar en <\/span><a href=\"http:\/\/www.orquestasinfonicadexalapa.com\/\"><span data-contrast=\"none\">www.orquestasinfonicadexalapa.com<\/span><\/a><span data-ccp-props=\"{&quot;201341983&quot;:0,&quot;335559740&quot;:240}\">\u00a0<\/span><\/p>\n<p><span data-contrast=\"auto\">\u201cHan pasado dos a\u00f1os con dificultades, sin embargo, desde la Orquesta Sinf\u00f3nica de Xalapa hemos conseguido superar las barreras de la distancia y hoy somos escuchados a nivel nacional y en diferentes partes de Am\u00e9rica y Europa\u201d, dijo Lebel.<\/span><span data-ccp-props=\"{&quot;201341983&quot;:0,&quot;335559731&quot;:720,&quot;335559740&quot;:240}\">\u00a0<\/span><\/p>\n<p><span data-contrast=\"auto\">A\u00f1adi\u00f3 que estar\u00e1n tambi\u00e9n presentes en distintos lugares, como es la plaza de Xallitic, la Catedral Metropolitana de Xalapa, la iglesia de Guadalupe en Coatepec y en Boca del R\u00edo, Veracruz.<\/span><span data-ccp-props=\"{&quot;201341983&quot;:0,&quot;335559740&quot;:240}\">\u00a0<\/span><\/p>\n<p><span data-contrast=\"auto\">\u201cContaremos con la presencia de 11 distinguidos directores invitados, presentaremos 16 solistas, integrantes de la OSX y solistas invitados de talla internacional como el pianista Mei-Ting Sun y el violonchelista Jir\u00ed B\u00e1rta; ofreceremos tambi\u00e9n conciertos did\u00e1cticos universitarios\u201d, ampli\u00f3 el Director.<\/span><span data-ccp-props=\"{&quot;201341983&quot;:0,&quot;335559731&quot;:720,&quot;335559740&quot;:240}\">\u00a0<\/span><\/p>\n<p><span data-contrast=\"auto\">Alfonso Colorado Hern\u00e1ndez, director general de Difusi\u00f3n Cultural de la UV, remarc\u00f3 que \u201ces un triunfo el hecho de que haya temporada presencial\u201d al atenderse los estrictos protocolos sanitarios que validan la realizaci\u00f3n de los conciertos.<\/span><span data-ccp-props=\"{&quot;201341983&quot;:0,&quot;335559731&quot;:720,&quot;335559740&quot;:240}\">\u00a0<\/span><\/p>\n<p><span data-contrast=\"auto\">Consider\u00f3 fundamental destacar \u201cla riqueza y la importancia de la tradici\u00f3n cultural, acad\u00e9mica e intelectual, no solamente art\u00edstica de la m\u00fasica\u201d, que se refleja en el programa, como el concierto dedicado a Anton\u00edn Dvorak, el 25 de febrero.<\/span><span data-ccp-props=\"{&quot;201341983&quot;:0,&quot;335559731&quot;:720,&quot;335559740&quot;:240}\">\u00a0<\/span><\/p>\n<p><span data-contrast=\"auto\">Destacaron que el 11 de marzo ser\u00e1 el concierto dedicado al 30 aniversario de la\u00a0 Fundaci\u00f3n UV, <\/span><i><span data-contrast=\"auto\">Mujeres OSX<\/span><\/i><span data-contrast=\"auto\">, y estar\u00e1 integrado por las piezas de Fanny Mendelssohn, <\/span><i><span data-contrast=\"auto\">Obertura en do mayor<\/span><\/i><span data-contrast=\"auto\">; Ana Lara, <\/span><i><span data-contrast=\"auto\">La v\u00edspera<\/span><\/i><span data-contrast=\"auto\">; F\u00e9lix Mendelssohn, <\/span><i><span data-contrast=\"auto\">Concierto para viol\u00edn y piano MWV.04<\/span><\/i><span data-contrast=\"auto\">, y Gabriela Ortiz, <\/span><i><span data-contrast=\"auto\">La calaca<\/span><\/i><span data-contrast=\"auto\">, arreglo 2021.<\/span><span data-ccp-props=\"{&quot;201341983&quot;:0,&quot;335559731&quot;:720,&quot;335559740&quot;:240}\">\u00a0<\/span><\/p>\n<p>&nbsp;<\/p>\n<div id=\"attachment_109060\" style=\"width: 732px\" class=\"wp-caption aligncenter\"><a href=\"https:\/\/www.uv.mx\/prensa\/files\/2022\/01\/240122-OSX-inicia-Temporada-2.jpg\"><img aria-describedby=\"caption-attachment-109060\" decoding=\"async\" loading=\"lazy\" class=\"size-full wp-image-109060\" src=\"https:\/\/www.uv.mx\/prensa\/files\/2022\/01\/240122-OSX-inicia-Temporada-2.jpg\" alt=\"\" width=\"722\" height=\"481\" srcset=\"https:\/\/www.uv.mx\/prensa\/files\/2022\/01\/240122-OSX-inicia-Temporada-2.jpg 722w, https:\/\/www.uv.mx\/prensa\/files\/2022\/01\/240122-OSX-inicia-Temporada-2-300x200.jpg 300w\" sizes=\"(max-width: 722px) 100vw, 722px\" \/><\/a><p id=\"caption-attachment-109060\" class=\"wp-caption-text\">Martin Lebel, director titular de la OSX, detall\u00f3 la diversidad tem\u00e1tica y de solistas del programa<\/p><\/div>\n<p>&nbsp;<\/p>\n<p><span data-contrast=\"auto\">Rey Alejandro Conde, director de Grupos Art\u00edsticos de la UV, se\u00f1al\u00f3 que sus integrantes se reincorporan a las actividades presenciales con los protocolos sanitarios y afirm\u00f3 que \u201cTlaqn\u00e1 es un espacio seguro para el p\u00fablico y los m\u00fasicos\u201d.<\/span><span data-ccp-props=\"{&quot;201341983&quot;:0,&quot;335559731&quot;:720,&quot;335559740&quot;:240}\">\u00a0<\/span><\/p>\n<p><span data-contrast=\"auto\">Facundo Pacheco Rojas, director Ejecutivo de la Fundaci\u00f3n UV, record\u00f3 que para recibir al p\u00fablico en Tlaqn\u00e1 se ha actualizado el protocolo sanitario y con ello el distintivo y la revisi\u00f3n por parte del Instituto Mexicano del Seguro Social (IMSS).<\/span><span data-ccp-props=\"{&quot;201341983&quot;:0,&quot;335559731&quot;:720,&quot;335559740&quot;:240}\">\u00a0<\/span><\/p>\n<p><span data-contrast=\"auto\">\u201cHay una gran fortaleza en el Centro Cultural y aplicamos tres filtros b\u00e1sicos: uno para los integrantes de la OSX, otro es para el p\u00fablico y el tercero es para el personal de la Fundaci\u00f3n UV\u201d, explic\u00f3 el funcionario.<\/span><span data-ccp-props=\"{&quot;201341983&quot;:0,&quot;335559731&quot;:720,&quot;335559740&quot;:240}\">\u00a0<\/span><\/p>\n<p><span data-contrast=\"auto\">La temporada inicia el viernes 28 de enero a las 20:30 horas con el programa compuesto por las obras de Ludwig Van Beethoven, <\/span><i><span data-contrast=\"auto\">Obertura Al d\u00eda Festivo op.115<\/span><\/i><span data-contrast=\"auto\"> y <\/span><i><span data-contrast=\"auto\">Concierto para piano No.4 op.58<\/span><\/i><span data-contrast=\"auto\">, y Fr\u00e9d\u00e9ric Chopin, <\/span><i><span data-contrast=\"auto\">Concierto para piano No.1 op.11<\/span><\/i><span data-contrast=\"auto\">.<\/span><span data-ccp-props=\"{&quot;201341983&quot;:0,&quot;335559731&quot;:720,&quot;335559740&quot;:240}\">\u00a0<\/span><\/p>\n<p><span data-contrast=\"auto\">Habr\u00e1 una primera serie de tres conciertos did\u00e1cticos universitarios, los d\u00edas 16, 17 y 18 de febrero, en los que se interpretar\u00e1n <\/span><i><span data-contrast=\"auto\">Claro de Luna<\/span><\/i><span data-contrast=\"auto\">, de Gina Enr\u00edquez; <\/span><i><span data-contrast=\"auto\">Carnaval de los animales<\/span><\/i><span data-contrast=\"auto\">, de Camille Saint-Sa\u00ebns; <\/span><i><span data-contrast=\"auto\">Preludio a la siesta de un fauno<\/span><\/i><span data-contrast=\"auto\">, de Claude Debussy, y <\/span><i><span data-contrast=\"auto\">Mi Madre, La Oca<\/span><\/i><span data-contrast=\"auto\">, de Maurice Ravel.<\/span><span data-ccp-props=\"{&quot;201341983&quot;:0,&quot;335559731&quot;:720,&quot;335559740&quot;:240}\">\u00a0<\/span><\/p>\n<p><span data-contrast=\"auto\">Los d\u00edas 24 y 25 de marzo habr\u00e1 dos recitales del programa <\/span><i><span data-contrast=\"auto\">Broadway<\/span><\/i><span data-contrast=\"auto\">, el primero en Boca del R\u00edo, Veracruz, con obras de Agust\u00edn Lara, <\/span><i><span data-contrast=\"auto\">Suite<\/span><\/i><span data-contrast=\"auto\"> (arreglo de Mateo Oliva); de George Gershwin, <\/span><i><span data-contrast=\"auto\">Summertime<\/span><\/i><span data-contrast=\"auto\">, <\/span><i><span data-contrast=\"auto\">Obertura Crazy for you<\/span><\/i><span data-contrast=\"auto\">, <\/span><i><span data-contrast=\"auto\">I got rhythm<\/span><\/i><span data-contrast=\"auto\"> y <\/span><i><span data-contrast=\"auto\">They can\u2019t take it away from me<\/span><\/i><span data-contrast=\"auto\">; Harold Arlen, <\/span><i><span data-contrast=\"auto\">Somewhere over the rainbow<\/span><\/i><span data-contrast=\"auto\">; Cole Porter, <\/span><i><span data-contrast=\"auto\">So in love<\/span><\/i><span data-contrast=\"auto\">; Carlos Gardel, <\/span><i><span data-contrast=\"auto\">El d\u00eda que me quieras<\/span><\/i><span data-contrast=\"auto\">; Luz Casal, <\/span><i><span data-contrast=\"auto\">Un a\u00f1o de amor<\/span><\/i><span data-contrast=\"auto\">, y Henry Mancini, <\/span><i><span data-contrast=\"auto\">Moon river<\/span><\/i><span data-contrast=\"auto\">.<\/span><span data-ccp-props=\"{&quot;201341983&quot;:0,&quot;335559731&quot;:720,&quot;335559740&quot;:240}\">\u00a0<\/span><\/p>\n<p><span data-contrast=\"auto\">Los conciertos presenciales en Tlaqn\u00e1 seguir\u00e1n con cupo limitado, el costo de las localidades es de 120, 80 y 30 pesos para estudiantes con credencial vigente. Puntos de venta: en Internet: Boletos Redaccess.com (http:\/\/redaccess.com\/), Tienda UV de lunes a viernes y en taquilla de Tlaqn\u00e1, los viernes de 11:00 a 20:00 horas.<\/span><span data-ccp-props=\"{&quot;201341983&quot;:0,&quot;335559731&quot;:720,&quot;335559740&quot;:240}\">\u00a0<\/span><\/p>\n<p>&nbsp;<\/p>\n<div id=\"attachment_109061\" style=\"width: 732px\" class=\"wp-caption aligncenter\"><a href=\"https:\/\/www.uv.mx\/prensa\/files\/2022\/01\/240122-OSX-inicia-Temporada-3.jpg\"><img aria-describedby=\"caption-attachment-109061\" decoding=\"async\" loading=\"lazy\" class=\"size-full wp-image-109061\" src=\"https:\/\/www.uv.mx\/prensa\/files\/2022\/01\/240122-OSX-inicia-Temporada-3.jpg\" alt=\"\" width=\"722\" height=\"482\" srcset=\"https:\/\/www.uv.mx\/prensa\/files\/2022\/01\/240122-OSX-inicia-Temporada-3.jpg 722w, https:\/\/www.uv.mx\/prensa\/files\/2022\/01\/240122-OSX-inicia-Temporada-3-300x200.jpg 300w\" sizes=\"(max-width: 722px) 100vw, 722px\" \/><\/a><p id=\"caption-attachment-109061\" class=\"wp-caption-text\">Alfonso Colorado, titular de Difusi\u00f3n Cultural, subray\u00f3 el privilegio de escuchar a la OSX en vivo para esta nueva temporada<\/p><\/div>\n","protected":false},"excerpt":{"rendered":"<p>\u201cHemos conseguido superar las barreras de la distancia y hoy somos escuchados a nivel nacional y en diferentes partes de Am\u00e9rica y Europa\u201d, destac\u00f3 Martin Lebel, director titular<\/p>\n","protected":false},"author":1508,"featured_media":109057,"comment_status":"closed","ping_status":"closed","sticky":false,"template":"","format":"standard","meta":[],"categories":[11,61],"tags":[],"_links":{"self":[{"href":"https:\/\/www.uv.mx\/prensa\/wp-json\/wp\/v2\/posts\/109063"}],"collection":[{"href":"https:\/\/www.uv.mx\/prensa\/wp-json\/wp\/v2\/posts"}],"about":[{"href":"https:\/\/www.uv.mx\/prensa\/wp-json\/wp\/v2\/types\/post"}],"author":[{"embeddable":true,"href":"https:\/\/www.uv.mx\/prensa\/wp-json\/wp\/v2\/users\/1508"}],"replies":[{"embeddable":true,"href":"https:\/\/www.uv.mx\/prensa\/wp-json\/wp\/v2\/comments?post=109063"}],"version-history":[{"count":1,"href":"https:\/\/www.uv.mx\/prensa\/wp-json\/wp\/v2\/posts\/109063\/revisions"}],"predecessor-version":[{"id":109066,"href":"https:\/\/www.uv.mx\/prensa\/wp-json\/wp\/v2\/posts\/109063\/revisions\/109066"}],"wp:featuredmedia":[{"embeddable":true,"href":"https:\/\/www.uv.mx\/prensa\/wp-json\/wp\/v2\/media\/109057"}],"wp:attachment":[{"href":"https:\/\/www.uv.mx\/prensa\/wp-json\/wp\/v2\/media?parent=109063"}],"wp:term":[{"taxonomy":"category","embeddable":true,"href":"https:\/\/www.uv.mx\/prensa\/wp-json\/wp\/v2\/categories?post=109063"},{"taxonomy":"post_tag","embeddable":true,"href":"https:\/\/www.uv.mx\/prensa\/wp-json\/wp\/v2\/tags?post=109063"}],"curies":[{"name":"wp","href":"https:\/\/api.w.org\/{rel}","templated":true}]}}