{"id":109137,"date":"2022-01-26T07:59:14","date_gmt":"2022-01-26T13:59:14","guid":{"rendered":"https:\/\/www.uv.mx\/prensa\/?p=109137"},"modified":"2022-01-26T12:15:30","modified_gmt":"2022-01-26T18:15:30","slug":"cutai-garantiza-la-proteccion-de-datos-personales-en-la-uv","status":"publish","type":"post","link":"https:\/\/www.uv.mx\/prensa\/banner\/cutai-garantiza-la-proteccion-de-datos-personales-en-la-uv\/","title":{"rendered":"CUTAI garantiza la protecci\u00f3n de datos personales en la UV"},"content":{"rendered":"<ul>\n<li data-leveltext=\"\u25cf\" data-font=\"\" data-listid=\"1\" data-aria-posinset=\"1\" data-aria-level=\"1\"><i><span data-contrast=\"auto\">La Coordinaci\u00f3n Universitaria de Transparencia, Acceso a la Informaci\u00f3n y Protecci\u00f3n de Datos Personales tiene la obligaci\u00f3n de cuidar la informaci\u00f3n entregada para todo tipo de tr\u00e1mites, dijo\u00a0 Gerardo Garc\u00eda<\/span><\/i><span data-ccp-props=\"{&quot;201341983&quot;:0,&quot;335559740&quot;:240}\">\u00a0<\/span><\/li>\n<\/ul>\n<p><span data-ccp-props=\"{&quot;201341983&quot;:0,&quot;335559740&quot;:240}\">\u00a0<\/span><\/p>\n<div id=\"attachment_109140\" style=\"width: 732px\" class=\"wp-caption aligncenter\"><a href=\"https:\/\/www.uv.mx\/prensa\/banner\/cutai-garantiza-la-proteccion-de-datos-personales-en-la-uv\/attachment\/260122-cutai-1-100k\/\" rel=\"attachment wp-att-109140\"><img aria-describedby=\"caption-attachment-109140\" decoding=\"async\" loading=\"lazy\" class=\"size-full wp-image-109140\" src=\"https:\/\/www.uv.mx\/prensa\/files\/2022\/01\/260122-CUTAI-1-100k.jpg\" alt=\"El 28 de enero se celebra el D\u00eda Internacional de la Protecci\u00f3n de Datos Personales\" width=\"722\" height=\"341\" srcset=\"https:\/\/www.uv.mx\/prensa\/files\/2022\/01\/260122-CUTAI-1-100k.jpg 722w, https:\/\/www.uv.mx\/prensa\/files\/2022\/01\/260122-CUTAI-1-100k-300x142.jpg 300w\" sizes=\"(max-width: 722px) 100vw, 722px\" \/><\/a><p id=\"caption-attachment-109140\" class=\"wp-caption-text\">El 28 de enero se celebra el D\u00eda Internacional de la Protecci\u00f3n de Datos Personales<\/p><\/div>\n<p>&nbsp;<\/p>\n<p><b><i><span data-contrast=\"auto\">David Sandoval Rodr\u00edguez<\/span><\/i><\/b><span data-ccp-props=\"{&quot;201341983&quot;:0,&quot;335559740&quot;:240}\">\u00a0<\/span><\/p>\n<p><b><i><span data-contrast=\"auto\">Fotos: Luis Fernando Fern\u00e1ndez Carrillo<\/span><\/i><\/b><span data-ccp-props=\"{&quot;201341983&quot;:0,&quot;335559685&quot;:720,&quot;335559740&quot;:240,&quot;335559991&quot;:720}\">\u00a0<\/span><\/p>\n<p><b><i><span data-contrast=\"auto\">26\/01\/2022, Xalapa, Ver.-<\/span><\/i><\/b><span data-contrast=\"auto\"> La <a href=\"https:\/\/www.uv.mx\/transparencia\/\" target=\"_blank\" rel=\"noopener\">Coordinaci\u00f3n Universitaria de Transparencia, Acceso a la Informaci\u00f3n y Protecci\u00f3n de Datos Personales<\/a> (CUTAI) de la Universidad Veracruzana (UV) record\u00f3 la importancia de conocer y ejercer los derechos en la materia, as\u00ed como el apoyo que brinda, en el marco del D\u00eda Internacional de la Protecci\u00f3n de Datos Personales a conmemorarse el pr\u00f3ximo 28 de enero.<\/span><span data-ccp-props=\"{&quot;201341983&quot;:0,&quot;335559740&quot;:240}\">\u00a0<\/span><\/p>\n<p><span data-contrast=\"auto\">Gerardo Garc\u00eda Ricardo, coordinador de la CUTAI, y Elizabeth Ramzahuer Villa, jefa del Departamento de Protecci\u00f3n de Datos Personales, comentaron las implicaciones que tiene el compartir la informaci\u00f3n personal, el marco legal que rige dicha protecci\u00f3n y recomendaciones para evitar que los datos sean compartidos sin consentimiento o sean vulnerados.<\/span><span data-ccp-props=\"{&quot;201341983&quot;:0,&quot;335559731&quot;:720,&quot;335559740&quot;:240}\">\u00a0<\/span><\/p>\n<p><span data-contrast=\"auto\">Garc\u00eda Ricardo enfatiz\u00f3 que dentro del rubro de los derechos humanos, uno de los ejes transversales del Programa de Trabajo 2021-2025 de la UV, la CUTAI es la instancia encargada de que la comunidad universitaria conozca la existencia del derecho a la protecci\u00f3n de los datos personales y c\u00f3mo ejercerlo.<\/span><span data-ccp-props=\"{&quot;201341983&quot;:0,&quot;335559731&quot;:720,&quot;335559740&quot;:240}\">\u00a0<\/span><\/p>\n<p><span data-contrast=\"auto\">\u201cLa Universidad tiene la obligaci\u00f3n de cuidar los datos personales de quienes se los entregan para cualquier tipo de tr\u00e1mites, ya sea como estudiante, como trabajador o en cuanto a la prestaci\u00f3n de servicios, proveedores y contratistas\u201d, precis\u00f3 el directivo.<\/span><span data-ccp-props=\"{&quot;201341983&quot;:0,&quot;335559731&quot;:720,&quot;335559740&quot;:240}\">\u00a0<\/span><\/p>\n<p><span data-contrast=\"auto\">Agreg\u00f3 que \u201ca trav\u00e9s de la CUTAI, la instituci\u00f3n difunde el derecho humano espec\u00edfico de la protecci\u00f3n de los datos personales para la comunidad y la sociedad en general, que sepan de la existencia de este derecho y lo puedan ejercer\u201d.<\/span><\/p>\n<div id=\"attachment_109138\" style=\"width: 732px\" class=\"wp-caption aligncenter\"><a href=\"https:\/\/www.uv.mx\/prensa\/banner\/cutai-garantiza-la-proteccion-de-datos-personales-en-la-uv\/attachment\/260122-cutai-2-100k\/\" rel=\"attachment wp-att-109138\"><img aria-describedby=\"caption-attachment-109138\" decoding=\"async\" loading=\"lazy\" class=\"size-full wp-image-109138\" src=\"https:\/\/www.uv.mx\/prensa\/files\/2022\/01\/260122-CUTAI-2-100k.jpg\" alt=\"Gerardo Garc\u00eda record\u00f3 que la CUTAI vela por el derecho a la protecci\u00f3n de los datos personales \" width=\"722\" height=\"481\" srcset=\"https:\/\/www.uv.mx\/prensa\/files\/2022\/01\/260122-CUTAI-2-100k.jpg 722w, https:\/\/www.uv.mx\/prensa\/files\/2022\/01\/260122-CUTAI-2-100k-300x200.jpg 300w\" sizes=\"(max-width: 722px) 100vw, 722px\" \/><\/a><p id=\"caption-attachment-109138\" class=\"wp-caption-text\">Gerardo Garc\u00eda record\u00f3 que la CUTAI vela por el derecho a la protecci\u00f3n de los datos personales<\/p><\/div>\n<p>&nbsp;<\/p>\n<p><span data-contrast=\"auto\">En tal aspecto, Ramzahuer Villa puntualiz\u00f3: \u201cLa Universidad es de los sujetos obligados que m\u00e1s tratamiento de datos personales realiza por la cantidad de informaci\u00f3n que resguarda, tanto de alumnos como de profesores y trabajadores\u201d.<\/span><span data-ccp-props=\"{&quot;201341983&quot;:0,&quot;335559731&quot;:720,&quot;335559740&quot;:240}\">\u00a0<\/span><\/p>\n<p><span data-contrast=\"auto\">Asimismo, la CUTAI vigila el cumplimiento de las leyes en la materia como la Ley 316 de Protecci\u00f3n de Datos Personales en Posesi\u00f3n de Sujetos Obligados del Estado de Veracruz, precis\u00f3 la funcionaria.<\/span><span data-ccp-props=\"{&quot;201341983&quot;:0,&quot;335559731&quot;:720,&quot;335559740&quot;:240}\">\u00a0<\/span><\/p>\n<p><span data-contrast=\"auto\">\u201cPara nosotros es muy importante que la comunidad universitaria sepa que se puede acercar a la CUTAI y recibir asesor\u00eda para una solicitud de derechos ARCO (acceso, rectificaci\u00f3n, cancelaci\u00f3n y oposici\u00f3n), una denuncia por vulneraci\u00f3n de datos personales y para conocer sus derechos como parte de la instituci\u00f3n.\u201d<\/span><span data-ccp-props=\"{&quot;201341983&quot;:0,&quot;335559731&quot;:720,&quot;335559740&quot;:240}\">\u00a0<\/span><\/p>\n<p><span data-contrast=\"auto\">Respecto a la celebraci\u00f3n del D\u00eda Internacional de la Protecci\u00f3n de Datos Personales, Elizabeth Ramzahuer explic\u00f3 que el derecho humano a la protecci\u00f3n de los datos personales est\u00e1 relacionado con el derecho a la privacidad y el derecho a la intimidad; forma parte de un nuevo grupo de derechos humanos que surgen en 1981 con la firma del Convenio 108 del Consejo Europeo, primer instrumento internacional jur\u00eddicamente vinculante en el \u00e1mbito de la protecci\u00f3n de datos.<\/span><\/p>\n<div id=\"attachment_109139\" style=\"width: 732px\" class=\"wp-caption aligncenter\"><a href=\"https:\/\/www.uv.mx\/prensa\/banner\/cutai-garantiza-la-proteccion-de-datos-personales-en-la-uv\/attachment\/260122-cutai-3-100k\/\" rel=\"attachment wp-att-109139\"><img aria-describedby=\"caption-attachment-109139\" decoding=\"async\" loading=\"lazy\" class=\"size-full wp-image-109139\" src=\"https:\/\/www.uv.mx\/prensa\/files\/2022\/01\/260122-CUTAI-3-100k.jpg\" alt=\"Elizabeth Ramzahuer explic\u00f3 el contexto de la conmemoraci\u00f3n \" width=\"722\" height=\"482\" srcset=\"https:\/\/www.uv.mx\/prensa\/files\/2022\/01\/260122-CUTAI-3-100k.jpg 722w, https:\/\/www.uv.mx\/prensa\/files\/2022\/01\/260122-CUTAI-3-100k-300x200.jpg 300w\" sizes=\"(max-width: 722px) 100vw, 722px\" \/><\/a><p id=\"caption-attachment-109139\" class=\"wp-caption-text\">Elizabeth Ramzahuer explic\u00f3 el contexto de la conmemoraci\u00f3n<\/p><\/div>\n<p>&nbsp;<\/p>\n<p><span data-contrast=\"auto\">Actualmente, empresas como <\/span><i><span data-contrast=\"auto\">Facebook<\/span><\/i><span data-contrast=\"auto\"> est\u00e1n siendo multadas por un uso indebido de datos personales e invasi\u00f3n de la privacidad, desplazando el derecho de autodeterminaci\u00f3n informativa, \u201cque es el derecho que tenemos a decidir a qui\u00e9n le queremos compartir nuestros datos personales y qu\u00e9 uso le dar\u00e1n, tanto las empresas privadas como las instituciones p\u00fablicas\u201d, observ\u00f3 la funcionaria.<\/span><span data-ccp-props=\"{&quot;201341983&quot;:0,&quot;335559731&quot;:720,&quot;335559740&quot;:240}\">\u00a0<\/span><\/p>\n<p><span data-contrast=\"auto\">El Art\u00edculo 16 de la Constituci\u00f3n establece la vigencia de los derechos ARCO para solicitar a empresas e instituciones alguna modificaci\u00f3n a nuestra informaci\u00f3n disponible.<\/span><span data-ccp-props=\"{&quot;201341983&quot;:0,&quot;335559731&quot;:720,&quot;335559740&quot;:240}\">\u00a0<\/span><\/p>\n<p><span data-contrast=\"auto\">Record\u00f3 que existen implicaciones legales por compartir el <\/span><i><span data-contrast=\"auto\">pack<\/span><\/i><span data-contrast=\"auto\">, como se conoce al conjunto de fotograf\u00edas o informaci\u00f3n de una persona con contenido sexual: \u201cSi los j\u00f3venes comparten el <\/span><i><span data-contrast=\"auto\">pack<\/span><\/i><span data-contrast=\"auto\"> sin el consentimiento de la persona que se tom\u00f3 las im\u00e1genes y de acuerdo a la promulgaci\u00f3n de la Ley Olimpia, como se le conoce a un conjunto de reformas legislativas encaminadas a reconocer la violencia digital y sancionar los delitos que violen la intimidad sexual, pueden ser privados de su libertad hasta por siete a\u00f1os\u201d.<\/span><span data-ccp-props=\"{&quot;201341983&quot;:0,&quot;335559731&quot;:720,&quot;335559740&quot;:240}\">\u00a0<\/span><\/p>\n<p><span data-contrast=\"auto\">Ramzahuer Villa record\u00f3 tres elementos importantes para evitar la vulneraci\u00f3n de los datos personales: el uso de contrase\u00f1as seguras, que m\u00ednimo deben contener letras may\u00fasculas, min\u00fasculas, n\u00fameros y un signo, contando con ocho a 10 caracteres; evitar compartir nuestros datos personales cuando acudimos a realizar un tr\u00e1mite y en las redes sociales, \u201cque son una de las mayores \u00e1reas de captaci\u00f3n de datos, ya que recogen informaci\u00f3n valiosa como nuestros gustos, intereses y preferencias. En funci\u00f3n de ello son compartidas con empresas para elaborar su publicidad\u201d.<\/span><span data-ccp-props=\"{&quot;201341983&quot;:0,&quot;335559731&quot;:720,&quot;335559740&quot;:240}\">\u00a0<\/span><\/p>\n<p><span data-contrast=\"auto\">Finalmente, recomend\u00f3 conocer los avisos de privacidad y sus pol\u00edticas, porque es poco habitual que se lean, no obstante es ah\u00ed donde se describe qu\u00e9 uso dar\u00e1n a nuestros datos personales, con qui\u00e9n los van a compartir y con fundamento en qu\u00e9 leyes.<\/span><span data-ccp-props=\"{&quot;201341983&quot;:0,&quot;335559731&quot;:720,&quot;335559740&quot;:240}\">\u00a0<\/span><\/p>\n","protected":false},"excerpt":{"rendered":"<p>Es de los sujetos obligados que m\u00e1s tratamiento de datos personales realiza, dada la cantidad de informaci\u00f3n personal que resguarda <\/p>\n","protected":false},"author":1775,"featured_media":109141,"comment_status":"closed","ping_status":"closed","sticky":false,"template":"","format":"standard","meta":[],"categories":[61],"tags":[3520,3521,4159,6487,6488,3522,6249],"_links":{"self":[{"href":"https:\/\/www.uv.mx\/prensa\/wp-json\/wp\/v2\/posts\/109137"}],"collection":[{"href":"https:\/\/www.uv.mx\/prensa\/wp-json\/wp\/v2\/posts"}],"about":[{"href":"https:\/\/www.uv.mx\/prensa\/wp-json\/wp\/v2\/types\/post"}],"author":[{"embeddable":true,"href":"https:\/\/www.uv.mx\/prensa\/wp-json\/wp\/v2\/users\/1775"}],"replies":[{"embeddable":true,"href":"https:\/\/www.uv.mx\/prensa\/wp-json\/wp\/v2\/comments?post=109137"}],"version-history":[{"count":1,"href":"https:\/\/www.uv.mx\/prensa\/wp-json\/wp\/v2\/posts\/109137\/revisions"}],"predecessor-version":[{"id":109173,"href":"https:\/\/www.uv.mx\/prensa\/wp-json\/wp\/v2\/posts\/109137\/revisions\/109173"}],"wp:featuredmedia":[{"embeddable":true,"href":"https:\/\/www.uv.mx\/prensa\/wp-json\/wp\/v2\/media\/109141"}],"wp:attachment":[{"href":"https:\/\/www.uv.mx\/prensa\/wp-json\/wp\/v2\/media?parent=109137"}],"wp:term":[{"taxonomy":"category","embeddable":true,"href":"https:\/\/www.uv.mx\/prensa\/wp-json\/wp\/v2\/categories?post=109137"},{"taxonomy":"post_tag","embeddable":true,"href":"https:\/\/www.uv.mx\/prensa\/wp-json\/wp\/v2\/tags?post=109137"}],"curies":[{"name":"wp","href":"https:\/\/api.w.org\/{rel}","templated":true}]}}