{"id":109227,"date":"2022-01-27T08:00:28","date_gmt":"2022-01-27T14:00:28","guid":{"rendered":"https:\/\/www.uv.mx\/prensa\/?p=109227"},"modified":"2022-01-27T12:04:43","modified_gmt":"2022-01-27T18:04:43","slug":"max-exhibe-riqueza-y-colorido-de-la-indumentaria-tradicional-de-veracruz","status":"publish","type":"post","link":"https:\/\/www.uv.mx\/prensa\/cultura\/max-exhibe-riqueza-y-colorido-de-la-indumentaria-tradicional-de-veracruz\/","title":{"rendered":"MAX exhibe riqueza y colorido de la indumentaria tradicional de Veracruz"},"content":{"rendered":"<ul>\n<li data-leveltext=\"\uf0b7\" data-font=\"Symbol\" data-listid=\"1\" data-aria-posinset=\"1\" data-aria-level=\"1\"><span data-contrast=\"auto\">As\u00ed viste mi pueblo<\/span><i><span data-contrast=\"auto\">, de Ren\u00e9 Ram\u00edrez Ord\u00f3\u00f1ez, abrir\u00e1 al p\u00fablico el viernes 28 de enero a las 19:00 horas en la Sala de Exposiciones Temporales<\/span><\/i><span data-ccp-props=\"{&quot;201341983&quot;:0,&quot;335559739&quot;:160,&quot;335559740&quot;:240}\">\u00a0<\/span><\/li>\n<\/ul>\n<p><span data-ccp-props=\"{&quot;201341983&quot;:0,&quot;335559739&quot;:160,&quot;335559740&quot;:240}\">\u00a0<\/span><\/p>\n<div id=\"attachment_109228\" style=\"width: 732px\" class=\"wp-caption aligncenter\"><a href=\"https:\/\/www.uv.mx\/prensa\/cultura\/max-exhibe-riqueza-y-colorido-de-la-indumentaria-tradicional-de-veracruz\/attachment\/270122-indumentaria-tradicional-100k\/\" rel=\"attachment wp-att-109228\"><img aria-describedby=\"caption-attachment-109228\" decoding=\"async\" loading=\"lazy\" class=\"size-full wp-image-109228\" src=\"https:\/\/www.uv.mx\/prensa\/files\/2022\/01\/270122-indumentaria-tradicional-100k.jpg\" alt=\"As\u00ed viste mi pueblo. Indumentaria tradicional de Veracruz, exhibe piezas \u00fanicas que atestiguan el trabajo y talento de tejedoras y bordadoras del estado \" width=\"722\" height=\"487\" srcset=\"https:\/\/www.uv.mx\/prensa\/files\/2022\/01\/270122-indumentaria-tradicional-100k.jpg 722w, https:\/\/www.uv.mx\/prensa\/files\/2022\/01\/270122-indumentaria-tradicional-100k-300x202.jpg 300w\" sizes=\"(max-width: 722px) 100vw, 722px\" \/><\/a><p id=\"caption-attachment-109228\" class=\"wp-caption-text\"><em>As\u00ed viste mi pueblo. Indumentaria tradicional de<\/em> <em>Veracruz,<\/em> exhibe piezas \u00fanicas que atestiguan el trabajo y talento de tejedoras y bordadoras del estado<\/p><\/div>\n<p>&nbsp;<\/p>\n<p><b><i><span data-contrast=\"auto\">27\/01\/2022, Xalapa, Ver.- <\/span><\/i><\/b><span data-contrast=\"auto\">La Sala de Exposiciones Temporales del <a href=\"https:\/\/www.uv.mx\/max\/\" target=\"_blank\" rel=\"noopener\">Museo de Antropolog\u00eda de Xalapa<\/a> (MAX) abrir\u00e1 sus puertas al p\u00fablico el viernes 28 de enero, a las 19:00 horas, para inaugurar la muestra textil <\/span><i><span data-contrast=\"auto\">As\u00ed viste mi pueblo. Indumentaria tradicional de Veracruz<\/span><\/i><span data-contrast=\"auto\">, del maestro y core\u00f3grafo Ren\u00e9 Ram\u00edrez Ord\u00f3\u00f1ez, una selecci\u00f3n de atav\u00edos tradicionales de las diversas regiones de Veracruz.<\/span><span data-ccp-props=\"{&quot;201341983&quot;:0,&quot;335559739&quot;:160,&quot;335559740&quot;:240}\">\u00a0<\/span><\/p>\n<p><span data-contrast=\"auto\">En esta muestra, Ram\u00edrez Ord\u00f3\u00f1ez comparte una peque\u00f1a parte de la vasta colecci\u00f3n que ha atesorado durante m\u00e1s de 45 a\u00f1os: 59 trajes entre los que destacan los atav\u00edos nahuas de Ixhuatlancillo, Cosoleacaque y Soteapan; trajes de jarochas de Veracruz puerto, Alvarado y Tlacotalpan; jorongos de Blanca Espuma y Tlacolulan, vestuario totonaco de uso cotidiano y actual, as\u00ed como ropajes tepehuas y los tradicionales quexqu\u00e9mitl.<\/span><span data-ccp-props=\"{&quot;201341983&quot;:0,&quot;335559731&quot;:708,&quot;335559739&quot;:160,&quot;335559740&quot;:240}\">\u00a0<\/span><\/p>\n<p><span data-contrast=\"auto\">Se trata de piezas \u00fanicas que atestiguan el trabajo y talento art\u00edstico de tejedoras y bordadoras de todo el estado, herederas de la rica tradici\u00f3n del arte textil de los pueblos originarios, que en Mesoam\u00e9rica alcanz\u00f3 un alto desarrollo. Siendo Veracruz asiento de culturas de alto nivel: olmecas, totonacas, huastecos y nahuas, resulta l\u00f3gico suponer que el arte textil desarrollado en el seno de estas entidades culturales es formidable y esta exposici\u00f3n es una peque\u00f1a muestra de ello.<\/span><span data-ccp-props=\"{&quot;201341983&quot;:0,&quot;335559731&quot;:708,&quot;335559739&quot;:160,&quot;335559740&quot;:240}\">\u00a0<\/span><\/p>\n<p><span data-contrast=\"auto\">Con el extraordinario telar de cintura, las h\u00e1biles artesanas crean las prendas b\u00e1sicas con que hombres y mujeres se vistieron por siglos: el huipil, el quexqu\u00e9mitl, el enredo y el ce\u00f1idor, las mantas y los maxtlas, que dieron origen a la sorprendente variedad de atuendos que hoy constituyen parte del patrimonio cultural de M\u00e9xico.<\/span><span data-ccp-props=\"{&quot;201341983&quot;:0,&quot;335559731&quot;:708,&quot;335559739&quot;:160,&quot;335559740&quot;:240}\">\u00a0<\/span><\/p>\n<p><span data-contrast=\"auto\">\u201cIgnorada por largo tiempo, la indumentaria tradicional est\u00e1 siendo revalorada en la actualidad, tanto por su belleza, sus t\u00e9cnicas de elaboraci\u00f3n y su inmarcesible iconograf\u00eda, como objeto de estudio, y fuente inagotable del conocimiento relacionado con la cosmovisi\u00f3n de los pueblos originarios que a trav\u00e9s del tejido y el bordado han creado una imagen de identidad, plenos de s\u00edmbolos que son eternos\u201d, expresa el texto de sala.<\/span><span data-ccp-props=\"{&quot;201341983&quot;:0,&quot;335559731&quot;:708,&quot;335559739&quot;:160,&quot;335559740&quot;:240}\">\u00a0<\/span><\/p>\n<p><span data-contrast=\"auto\">La invitaci\u00f3n est\u00e1 abierta para disfrutar la belleza y colorido de la colecci\u00f3n <\/span><i><span data-contrast=\"auto\">As\u00ed viste mi pueblo. Indumentaria tradicional de Veracruz<\/span><\/i><span data-contrast=\"auto\">, de Ren\u00e9 Ram\u00edrez Ord\u00f3\u00f1ez, a partir del 28 de enero y hasta el 9 de marzo en la Sala de Exposiciones Temporales del MAX, de martes a domingo de 9:00 a 17:00 horas. La entrada es libre, con todas las medidas sanitarias.<\/span><span data-ccp-props=\"{&quot;201341983&quot;:0,&quot;335559731&quot;:708,&quot;335559739&quot;:160,&quot;335559740&quot;:240}\">\u00a0<\/span><\/p>\n","protected":false},"excerpt":{"rendered":"<p>La exposici\u00f3n <em>As\u00ed viste mi pueblo<\/em> es una peque\u00f1a muestra del formidable arte textil desarrollado en las diversas regiones de la entidad <\/p>\n","protected":false},"author":1775,"featured_media":109228,"comment_status":"closed","ping_status":"closed","sticky":false,"template":"","format":"standard","meta":[],"categories":[11],"tags":[6512,1479,102,6511,1012,6513,2915],"_links":{"self":[{"href":"https:\/\/www.uv.mx\/prensa\/wp-json\/wp\/v2\/posts\/109227"}],"collection":[{"href":"https:\/\/www.uv.mx\/prensa\/wp-json\/wp\/v2\/posts"}],"about":[{"href":"https:\/\/www.uv.mx\/prensa\/wp-json\/wp\/v2\/types\/post"}],"author":[{"embeddable":true,"href":"https:\/\/www.uv.mx\/prensa\/wp-json\/wp\/v2\/users\/1775"}],"replies":[{"embeddable":true,"href":"https:\/\/www.uv.mx\/prensa\/wp-json\/wp\/v2\/comments?post=109227"}],"version-history":[{"count":1,"href":"https:\/\/www.uv.mx\/prensa\/wp-json\/wp\/v2\/posts\/109227\/revisions"}],"predecessor-version":[{"id":109241,"href":"https:\/\/www.uv.mx\/prensa\/wp-json\/wp\/v2\/posts\/109227\/revisions\/109241"}],"wp:featuredmedia":[{"embeddable":true,"href":"https:\/\/www.uv.mx\/prensa\/wp-json\/wp\/v2\/media\/109228"}],"wp:attachment":[{"href":"https:\/\/www.uv.mx\/prensa\/wp-json\/wp\/v2\/media?parent=109227"}],"wp:term":[{"taxonomy":"category","embeddable":true,"href":"https:\/\/www.uv.mx\/prensa\/wp-json\/wp\/v2\/categories?post=109227"},{"taxonomy":"post_tag","embeddable":true,"href":"https:\/\/www.uv.mx\/prensa\/wp-json\/wp\/v2\/tags?post=109227"}],"curies":[{"name":"wp","href":"https:\/\/api.w.org\/{rel}","templated":true}]}}