{"id":109338,"date":"2022-01-28T18:03:56","date_gmt":"2022-01-29T00:03:56","guid":{"rendered":"https:\/\/www.uv.mx\/prensa\/?p=109338"},"modified":"2022-01-31T11:51:43","modified_gmt":"2022-01-31T17:51:43","slug":"uv-reinstalo-consejo-consultivo-de-investigacion","status":"publish","type":"post","link":"https:\/\/www.uv.mx\/prensa\/banner\/uv-reinstalo-consejo-consultivo-de-investigacion\/","title":{"rendered":"UV reinstal\u00f3 Consejo Consultivo de Investigaci\u00f3n"},"content":{"rendered":"<ul>\n<li data-leveltext=\"\u25cf\" data-font=\"\" data-listid=\"1\" data-aria-posinset=\"1\" data-aria-level=\"1\"><i><span data-contrast=\"auto\">Se adopt\u00f3 un criterio inclusivo, representativo de todas las \u00e1reas de conocimiento y con perspectiva de g\u00e9nero, que intenta abarcar la m\u00faltiple geograf\u00eda de la Universidad, afirm\u00f3\u00a0 Mart\u00edn Aguilar S\u00e1nchez<\/span><\/i><span data-ccp-props=\"{&quot;201341983&quot;:0,&quot;335559740&quot;:240}\">\u00a0<\/span><\/li>\n<li data-leveltext=\"\u25cf\" data-font=\"\" data-listid=\"1\" data-aria-posinset=\"2\" data-aria-level=\"1\"><i><span data-contrast=\"auto\">Los acad\u00e9micos conforman un grupo plural en edad y experiencia, pero con un inter\u00e9s y preocupaci\u00f3n comunes: la Universidad Veracruzana, se\u00f1al\u00f3 Juan Ortiz Escamilla<\/span><\/i><span data-ccp-props=\"{&quot;201341983&quot;:0,&quot;335559740&quot;:240}\">\u00a0<\/span><\/li>\n<\/ul>\n<p>&nbsp;<\/p>\n<div id=\"attachment_109340\" style=\"width: 732px\" class=\"wp-caption aligncenter\"><a href=\"https:\/\/www.uv.mx\/prensa\/banner\/uv-reinstalo-consejo-consultivo-de-investigacion\/attachment\/28012022-david-reinstalaron-consejo-consultivo-de-investigacion-uv-2-100k\/\" rel=\"attachment wp-att-109340\"><img aria-describedby=\"caption-attachment-109340\" decoding=\"async\" loading=\"lazy\" class=\"size-full wp-image-109340\" src=\"https:\/\/www.uv.mx\/prensa\/files\/2022\/01\/28012022-DAVID-Reinstalaron-Consejo-Consultivo-de-Investigacion-UV-2-100k.jpg\" alt=\"Mart\u00edn Aguilar, rector de la UV, subray\u00f3 que el consejo est\u00e1 integrado por acad\u00e9micos de amplia y reconocida trayectoria \" width=\"722\" height=\"520\" srcset=\"https:\/\/www.uv.mx\/prensa\/files\/2022\/01\/28012022-DAVID-Reinstalaron-Consejo-Consultivo-de-Investigacion-UV-2-100k.jpg 722w, https:\/\/www.uv.mx\/prensa\/files\/2022\/01\/28012022-DAVID-Reinstalaron-Consejo-Consultivo-de-Investigacion-UV-2-100k-300x216.jpg 300w\" sizes=\"(max-width: 722px) 100vw, 722px\" \/><\/a><p id=\"caption-attachment-109340\" class=\"wp-caption-text\">Mart\u00edn Aguilar, rector de la UV, subray\u00f3 que el consejo est\u00e1 integrado por acad\u00e9micos de amplia y reconocida trayectoria<\/p><\/div>\n<p>&nbsp;<\/p>\n<p><b><i><span data-contrast=\"auto\">David Sandoval Rodr\u00edguez<\/span><\/i><\/b><span data-ccp-props=\"{&quot;201341983&quot;:0,&quot;335559740&quot;:240}\">\u00a0<\/span><\/p>\n<p><b><i><span data-contrast=\"auto\">Fotos: Luis Fernando Fern\u00e1ndez Carrillo<\/span><\/i><\/b><\/p>\n<p><b><i><span data-contrast=\"auto\">28\/01\/2022, Xalapa, Ver.-<\/span><\/i><\/b><span data-contrast=\"auto\"> La <a href=\"https:\/\/www.uv.mx\/\" target=\"_blank\" rel=\"noopener\">Universidad Veracruzana<\/a> (UV) reinstal\u00f3 su Consejo Consultivo de Investigaci\u00f3n con la entrega oficial de los respectivos nombramientos a los nuevos integrantes,\u00a0 por parte del rector Mart\u00edn Aguilar S\u00e1nchez, en ceremonia efectuada en la Sala de Juntas de la Rector\u00eda y transmitida por<\/span><i><span data-contrast=\"auto\"> UVZoom<\/span><\/i><span data-contrast=\"auto\"> a las regiones universitarias.<\/span><span data-ccp-props=\"{&quot;201341983&quot;:0,&quot;335559740&quot;:240}\">\u00a0<\/span><\/p>\n<p><span data-contrast=\"auto\">Aguilar S\u00e1nchez puntualiz\u00f3 que el Consejo Consultivo de Investigaci\u00f3n se basa en la idea general que, desde los aprendizajes de nuestras realizaciones cient\u00edficas \u2013pasadas y actuales\u2013, \u201cdibujemos nuevos mapas que nos den las coordenadas para articular un proyecto de investigaci\u00f3n ambicioso, diverso, radicalmente comprometido y que se sepa continuado por las miradas de las otras funciones sustantivas de la Universidad\u201d.<\/span><span data-ccp-props=\"{&quot;201341983&quot;:0,&quot;335559731&quot;:720,&quot;335559740&quot;:240}\">\u00a0<\/span><\/p>\n<p><span data-contrast=\"auto\">Destac\u00f3 que para la formaci\u00f3n del consejo se adopt\u00f3 un criterio inclusivo, que\u00a0es representativo de todas las \u00e1reas de conocimiento, y contempla una perspectiva de g\u00e9nero con la intenci\u00f3n de abarcar la m\u00faltiple geograf\u00eda de la Universidad; por a\u00f1adidura, tambi\u00e9n est\u00e1 integrado por acad\u00e9micos, acad\u00e9micas, cient\u00edficos, cient\u00edficas de amplia y reconocida trayectoria que se han relacionado con la investigaci\u00f3n, no s\u00f3lo como una opci\u00f3n acad\u00e9mica o una profesi\u00f3n, sino tambi\u00e9n como una forma de vida.<\/span><span data-ccp-props=\"{&quot;201341983&quot;:0,&quot;335559740&quot;:240}\">\u00a0<\/span><\/p>\n<p><span data-contrast=\"auto\">El Rector reconoci\u00f3 que son personas que han hecho de su disciplina \u201cuna pr\u00e1ctica viva, una pr\u00e1ctica que es b\u00fasqueda y experimentaci\u00f3n, formalizaci\u00f3n e imaginaci\u00f3n, conjetura y verificaci\u00f3n; mis m\u00e1s sinceras felicitaciones a todos y todas, les deseo mucho \u00e9xito y plenitud en todas las iniciativas y trabajos que emprendan\u201d.<\/span><\/p>\n<div id=\"attachment_109341\" style=\"width: 732px\" class=\"wp-caption aligncenter\"><a href=\"https:\/\/www.uv.mx\/prensa\/banner\/uv-reinstalo-consejo-consultivo-de-investigacion\/attachment\/28012022-david-reinstalaron-consejo-consultivo-de-investigacion-uv-3-100k\/\" rel=\"attachment wp-att-109341\"><img aria-describedby=\"caption-attachment-109341\" decoding=\"async\" loading=\"lazy\" class=\"size-full wp-image-109341\" src=\"https:\/\/www.uv.mx\/prensa\/files\/2022\/01\/28012022-DAVID-Reinstalaron-Consejo-Consultivo-de-Investigacio\u0301n-UV-3-100k.jpg\" alt=\"Cuatro investigadores del Consejo\" width=\"722\" height=\"481\" srcset=\"https:\/\/www.uv.mx\/prensa\/files\/2022\/01\/28012022-DAVID-Reinstalaron-Consejo-Consultivo-de-Investigacio\u0301n-UV-3-100k.jpg 722w, https:\/\/www.uv.mx\/prensa\/files\/2022\/01\/28012022-DAVID-Reinstalaron-Consejo-Consultivo-de-Investigacio\u0301n-UV-3-100k-300x200.jpg 300w\" sizes=\"(max-width: 722px) 100vw, 722px\" \/><\/a><p id=\"caption-attachment-109341\" class=\"wp-caption-text\">Cuatro investigadores del Consejo<\/p><\/div>\n<p>&nbsp;<\/p>\n<p><span data-contrast=\"auto\">Posterior a la entrega de los nombramientos a los nuevos integrantes del consejo, Aguilar S\u00e1nchez invit\u00f3 al colectivo a cultivar entornos donde la investigaci\u00f3n juegue un papel decisivo en la acci\u00f3n estrat\u00e9gica y en el dise\u00f1o de alternativas a los dise\u00f1os hegem\u00f3nicos del desarrollo, e impulsar una idea de investigaci\u00f3n que abra espacios de interpelaci\u00f3n a trav\u00e9s de la creatividad, la experimentaci\u00f3n y el di\u00e1logo de los saberes, \u201cque finalmente se inscriba en la Universidad y en el mundo con capacidad cr\u00edtica y transformadora\u201d.<\/span><span data-ccp-props=\"{&quot;201341983&quot;:0,&quot;335559740&quot;:240}\">\u00a0<\/span><\/p>\n<p><span data-contrast=\"auto\">Previo a su participaci\u00f3n, Juan Ortiz Escamilla, director general de Investigaciones (DGI) y presidente del Consejo Consultivo de Investigaci\u00f3n, solicit\u00f3 un minuto de silencio en memoria del cient\u00edfico Ruy P\u00e9rez Tamayo, al recordar que \u201csu generosa relaci\u00f3n con la comunidad de la Universidad Veracruzana y el legado que nos ha heredado no tiene precio\u201d.<\/span><span data-ccp-props=\"{&quot;201341983&quot;:0,&quot;335559740&quot;:240}\">\u00a0<\/span><\/p>\n<p><span data-contrast=\"auto\">A continuaci\u00f3n, explic\u00f3 que la reinstalaci\u00f3n del \u00f3rgano colegiado busca dar certeza en el quehacer investigativo, \u201cla ruta a seguir no la estamos inventando, se trata del respeto a la legislaci\u00f3n universitaria y los acuerdos de ella emanados, derivados de un proceso democr\u00e1tico en el que las entidades hicieron sus propuestas de candidatos y candidatas, tomando en cuenta el acuerdo rectoral aprobado por el Consejo Universitario General el 16 de diciembre pasado y se respet\u00f3 la equidad de g\u00e9nero, la representaci\u00f3n de las seis \u00e1reas acad\u00e9micas y las cuatro vicerrector\u00edas\u201d.<\/span><span data-ccp-props=\"{&quot;201341983&quot;:0,&quot;335559740&quot;:240}\">\u00a0<\/span><\/p>\n<p><span data-contrast=\"auto\">Ortiz Escamilla puntualiz\u00f3: \u201cLas y los acad\u00e9micos que hoy reciben su nombramiento conforman un grupo plural en edad y experiencia, pero con un inter\u00e9s y preocupaci\u00f3n comunes: la Universidad Veracruzana. Al sumar voces y experiencias en el quehacer investigativo se marcar\u00e1 un antes y un despu\u00e9s en nuestra Universidad, el Consejo Consultivo de Investigaci\u00f3n ser\u00e1 un aut\u00e9ntico \u00f3rgano que coadyuvar\u00e1 en la elaboraci\u00f3n y puesta en marcha de un plan institucional de investigaci\u00f3n, dar\u00e1 seguimiento a los proyectos y acuerdos, evaluar\u00e1 y dictaminar\u00e1 sus resultados, promover\u00e1 el trabajo de vinculaci\u00f3n entre docencia, investigaci\u00f3n, sectores p\u00fablicos, privados y civiles, y apoyar\u00e1 la divulgaci\u00f3n de los nuevos conocimientos\u201d.<\/span><\/p>\n<div id=\"attachment_109342\" style=\"width: 732px\" class=\"wp-caption aligncenter\"><a href=\"https:\/\/www.uv.mx\/prensa\/banner\/uv-reinstalo-consejo-consultivo-de-investigacion\/attachment\/28012022-david-reinstalaron-consejo-consultivo-de-investigacion-uv-4-100k\/\" rel=\"attachment wp-att-109342\"><img aria-describedby=\"caption-attachment-109342\" decoding=\"async\" loading=\"lazy\" class=\"size-full wp-image-109342\" src=\"https:\/\/www.uv.mx\/prensa\/files\/2022\/01\/28012022-DAVID-Reinstalaron-Consejo-Consultivo-de-Investigacio\u0301n-UV-4-100k.jpg\" alt=\"Tres investigadores y el presidente del consejo, Juan Ortiz, director general de Investigaciones \" width=\"722\" height=\"481\" srcset=\"https:\/\/www.uv.mx\/prensa\/files\/2022\/01\/28012022-DAVID-Reinstalaron-Consejo-Consultivo-de-Investigacio\u0301n-UV-4-100k.jpg 722w, https:\/\/www.uv.mx\/prensa\/files\/2022\/01\/28012022-DAVID-Reinstalaron-Consejo-Consultivo-de-Investigacio\u0301n-UV-4-100k-300x200.jpg 300w\" sizes=\"(max-width: 722px) 100vw, 722px\" \/><\/a><p id=\"caption-attachment-109342\" class=\"wp-caption-text\">Tres investigadores y el presidente del consejo, Juan Ortiz, director general de Investigaciones<\/p><\/div>\n<p>&nbsp;<\/p>\n<p><span data-contrast=\"auto\">Los nuevos integrantes del Consejo Consultivo de Investigaci\u00f3n son: Antonio Prieto Stambaugh, acad\u00e9mico de la Facultad de Teatro; No\u00e9 Aguilar Rivera, acad\u00e9mico de la Facultad de Ciencias Biol\u00f3gicas y Agropecuarias de la regi\u00f3n Orizaba-C\u00f3rdoba; Jos\u00e9 Mar\u00eda Remes Troche, acad\u00e9mico del Instituto de Ciencias M\u00e9dico-Biol\u00f3gicas de la regi\u00f3n Veracruz; Martha Elena Mungu\u00eda Zatarain, acad\u00e9mica del Instituto de Investigaciones Ling\u00fc\u00edstico-Literarias; Diana P\u00e9rez Staples, acad\u00e9mica del Instituto de Biotecnolog\u00eda y Ecolog\u00eda Aplicada; Zaira Julieta Dom\u00ednguez Esquivel, acad\u00e9mica del Instituto de Qu\u00edmica Aplicada; Jacinta Toribio Torres, acad\u00e9mica de la Universidad Veracruzana Intercultural, sede Huasteca, y Dar\u00edo Colorado Garrido, acad\u00e9mico del Centro de Investigaci\u00f3n en Recursos Energ\u00e9ticos y Sustentables de la regi\u00f3n Coatzacoalcos-Minatitl\u00e1n.<\/span><span data-ccp-props=\"{&quot;201341983&quot;:0,&quot;335559731&quot;:720,&quot;335559740&quot;:240}\">\u00a0<\/span><\/p>\n<p><span data-contrast=\"auto\">En la reuni\u00f3n estuvieron presentes Elena Rustri\u00e1n Portilla, secretaria Acad\u00e9mica; Marisol Luna Leal, Abogada General; Jaqueline Jongitud Zamora, asesora de la Rector\u00eda y Norma Trujillo B\u00e1ez, directora general de Comunicaci\u00f3n Universitaria.<\/span><span data-ccp-props=\"{&quot;201341983&quot;:0,&quot;335559731&quot;:720,&quot;335559740&quot;:240}\">\u00a0<\/span><\/p>\n<p><span data-contrast=\"auto\">Por videoconferencia atendieron los vicerrectores de las cuatro regiones, as\u00ed como sus equipos de trabajo y directores generales de \u00e1reas acad\u00e9micas, administrativas y centros de investigaci\u00f3n.<\/span><span data-ccp-props=\"{&quot;201341983&quot;:0,&quot;335559731&quot;:720,&quot;335559740&quot;:240}\">\u00a0<\/span><\/p>\n","protected":false},"excerpt":{"rendered":"<p>Para su conformaci\u00f3n se respet\u00f3 la equidad de g\u00e9nero, la representaci\u00f3n de las seis \u00e1reas acad\u00e9micas y las cuatro vicerrector\u00edas<\/p>\n","protected":false},"author":1775,"featured_media":109343,"comment_status":"closed","ping_status":"closed","sticky":false,"template":"","format":"standard","meta":[],"categories":[61],"tags":[6521,4159,2288,6249,2700,2378,2276,6522,6520,4787],"_links":{"self":[{"href":"https:\/\/www.uv.mx\/prensa\/wp-json\/wp\/v2\/posts\/109338"}],"collection":[{"href":"https:\/\/www.uv.mx\/prensa\/wp-json\/wp\/v2\/posts"}],"about":[{"href":"https:\/\/www.uv.mx\/prensa\/wp-json\/wp\/v2\/types\/post"}],"author":[{"embeddable":true,"href":"https:\/\/www.uv.mx\/prensa\/wp-json\/wp\/v2\/users\/1775"}],"replies":[{"embeddable":true,"href":"https:\/\/www.uv.mx\/prensa\/wp-json\/wp\/v2\/comments?post=109338"}],"version-history":[{"count":1,"href":"https:\/\/www.uv.mx\/prensa\/wp-json\/wp\/v2\/posts\/109338\/revisions"}],"predecessor-version":[{"id":109427,"href":"https:\/\/www.uv.mx\/prensa\/wp-json\/wp\/v2\/posts\/109338\/revisions\/109427"}],"wp:featuredmedia":[{"embeddable":true,"href":"https:\/\/www.uv.mx\/prensa\/wp-json\/wp\/v2\/media\/109343"}],"wp:attachment":[{"href":"https:\/\/www.uv.mx\/prensa\/wp-json\/wp\/v2\/media?parent=109338"}],"wp:term":[{"taxonomy":"category","embeddable":true,"href":"https:\/\/www.uv.mx\/prensa\/wp-json\/wp\/v2\/categories?post=109338"},{"taxonomy":"post_tag","embeddable":true,"href":"https:\/\/www.uv.mx\/prensa\/wp-json\/wp\/v2\/tags?post=109338"}],"curies":[{"name":"wp","href":"https:\/\/api.w.org\/{rel}","templated":true}]}}