{"id":109476,"date":"2022-02-01T10:37:52","date_gmt":"2022-02-01T16:37:52","guid":{"rendered":"https:\/\/www.uv.mx\/prensa\/?p=109476"},"modified":"2022-02-01T12:31:35","modified_gmt":"2022-02-01T18:31:35","slug":"max-exhibe-asi-viste-mi-pueblo-indumentaria-tradicional-de-veracruz","status":"publish","type":"post","link":"https:\/\/www.uv.mx\/prensa\/cultura\/max-exhibe-asi-viste-mi-pueblo-indumentaria-tradicional-de-veracruz\/","title":{"rendered":"MAX exhibe <em>As\u00ed viste mi pueblo. Indumentaria tradicional de Veracruz<\/em>\u00a0"},"content":{"rendered":"<p>&nbsp;<\/p>\n<ul>\n<li data-leveltext=\"\uf0b7\" data-font=\"Symbol\" data-listid=\"5\" data-aria-posinset=\"1\" data-aria-level=\"1\"><i><span data-contrast=\"auto\">Estar\u00e1 abierta el p\u00fablico en la Sala de Exposiciones Temporales hasta el 9 de marzo<\/span><\/i><span data-ccp-props=\"{}\">\u00a0<\/span><\/li>\n<li data-leveltext=\"\uf0b7\" data-font=\"Symbol\" data-listid=\"5\" data-aria-posinset=\"2\" data-aria-level=\"1\"><i><span data-contrast=\"auto\">\u201cEstas piezas nos hablan de la gran diversidad cultural del estado, y el MAX siempre apoyar\u00e1 la revalorizaci\u00f3n de la cultura de los pueblos originarios\u201d: Henri Noel Bernard Medina<\/span><\/i><span data-ccp-props=\"{}\">\u00a0<\/span><\/li>\n<\/ul>\n<p><span data-ccp-props=\"{&quot;335559685&quot;:720}\">\u00a0<\/span><\/p>\n<div id=\"attachment_109478\" style=\"width: 732px\" class=\"wp-caption aligncenter\"><img aria-describedby=\"caption-attachment-109478\" decoding=\"async\" loading=\"lazy\" class=\"size-full wp-image-109478\" src=\"https:\/\/www.uv.mx\/prensa\/files\/2022\/02\/010222-Asi-viste-mi-pueblo-1.jpg\" alt=\"\" width=\"722\" height=\"481\" srcset=\"https:\/\/www.uv.mx\/prensa\/files\/2022\/02\/010222-Asi-viste-mi-pueblo-1.jpg 722w, https:\/\/www.uv.mx\/prensa\/files\/2022\/02\/010222-Asi-viste-mi-pueblo-1-300x200.jpg 300w\" sizes=\"(max-width: 722px) 100vw, 722px\" \/><p id=\"caption-attachment-109478\" class=\"wp-caption-text\">La muestra est\u00e1 compuesta por 70 trajes tradicionales de diversos grupos \u00e9tnicos y culturales del estado de Veracruz<\/p><\/div>\n<p><span data-ccp-props=\"{}\">\u00a0<\/span><\/p>\n<p><b><i><span data-contrast=\"auto\">Carlos Hugo Hermida Rosales<\/span><\/i><\/b><span data-ccp-props=\"{}\">\u00a0<\/span><\/p>\n<p><b><i><span data-contrast=\"auto\">Fotos: Omar Portilla Palacios<\/span><\/i><\/b><span data-ccp-props=\"{}\">\u00a0<\/span><\/p>\n<p><b><i><span data-contrast=\"auto\">01\/02\/2022, Xalapa, Ver.-<\/span><\/i><\/b><span data-contrast=\"auto\"> Las autoridades del<a href=\"https:\/\/www.uv.mx\/max\/\" target=\"_blank\" rel=\"noopener\"> Museo de Antropolog\u00eda<\/a> de Xalapa (MAX) de la Universidad Veracruzana (UV) inauguraron la muestra <\/span><i><span data-contrast=\"auto\">As\u00ed viste mi pueblo. Indumentaria tradicional de Veracruz<\/span><\/i><span data-contrast=\"auto\">, del core\u00f3grafo y coleccionista de arte Ren\u00e9 Ram\u00edrez Ord\u00f3<\/span><span data-contrast=\"auto\">\u00f1ez<\/span><span data-contrast=\"auto\">, el 28 de enero en la Sala de Exposiciones Temporales. <\/span><span data-ccp-props=\"{}\">\u00a0<\/span><\/p>\n<p><span data-contrast=\"auto\">El expositor mencion\u00f3 que la muestra est\u00e1 compuesta por 70 trajes tradicionales de diversos grupos \u00e9tnicos y culturales del estado de Veracruz, como huastecos, totonacos, nahuas y jarochos; la vestimenta forma parte de una colecci\u00f3n privada que ha reunido a lo largo de m\u00e1s de medio siglo y supera las 300 piezas.\u00a0<\/span><span data-ccp-props=\"{&quot;335559731&quot;:708}\">\u00a0<\/span><\/p>\n<p><span data-contrast=\"auto\">Mucha de la indumentaria mostrada es desconocida para la mayor parte de la poblaci\u00f3n, por lo que los asistentes a esta muestra tendr\u00e1n la oportunidad de contemplar piezas textiles raras y \u00fanicas.\u00a0<\/span><span data-ccp-props=\"{&quot;335559731&quot;:708}\">\u00a0<\/span><\/p>\n<p>&nbsp;<\/p>\n<div id=\"attachment_109479\" style=\"width: 732px\" class=\"wp-caption aligncenter\"><img aria-describedby=\"caption-attachment-109479\" decoding=\"async\" loading=\"lazy\" class=\"size-full wp-image-109479\" src=\"https:\/\/www.uv.mx\/prensa\/files\/2022\/02\/010222-Asi-viste-mi-pueblo-2.jpg\" alt=\"\" width=\"722\" height=\"481\" srcset=\"https:\/\/www.uv.mx\/prensa\/files\/2022\/02\/010222-Asi-viste-mi-pueblo-2.jpg 722w, https:\/\/www.uv.mx\/prensa\/files\/2022\/02\/010222-Asi-viste-mi-pueblo-2-300x200.jpg 300w\" sizes=\"(max-width: 722px) 100vw, 722px\" \/><p id=\"caption-attachment-109479\" class=\"wp-caption-text\">Ren\u00e9 Ram\u00edrez Ord\u00f3\u00f1ez<\/p><\/div>\n<p>&nbsp;<\/p>\n<p><span data-contrast=\"auto\">Ren\u00e9 Ram\u00edrez agradeci\u00f3 al p\u00fablico que asisti\u00f3 a la inauguraci\u00f3n de su exposici\u00f3n, y declar\u00f3 que a trav\u00e9s de ella espera mostrar a la sociedad que Veracruz es un estado multicultural que produce una cantidad extraordinaria de arte, tradiciones, m\u00fasica y gastronom\u00eda, lo que le puede ayudar a tener una gran apertura tur\u00edstica.\u00a0<\/span><span data-ccp-props=\"{&quot;335559731&quot;:708}\">\u00a0<\/span><\/p>\n<p><span data-contrast=\"auto\">Henri Noel Bernard Medina, director del MAX, destac\u00f3 la importancia de esta muestra, que alberga indumentaria textil que corre el riesgo de desaparecer debido a la discriminaci\u00f3n e invisibilizaci\u00f3n a la que muchas veces se somete a los pueblos originarios.\u00a0<\/span><span data-ccp-props=\"{&quot;335559731&quot;:708}\">\u00a0<\/span><\/p>\n<p><span data-contrast=\"auto\">\u201cEstas piezas nos hablan de la gran diversidad cultural del estado, y el MAX siempre apoyar\u00e1 la revalorizaci\u00f3n de la cultura de los pueblos originarios\u201d, manifest\u00f3.\u00a0<\/span><span data-ccp-props=\"{&quot;335559731&quot;:708}\">\u00a0<\/span><\/p>\n<p><span data-contrast=\"auto\">La exposici\u00f3n <\/span><i><span data-contrast=\"auto\">As\u00ed viste mi pueblo. Indumentaria tradicional de Veracruz<\/span><\/i><span data-contrast=\"auto\"> estar\u00e1\u202fabierta al p\u00fablico en la Sala de Exposiciones Temporales del MAX hasta el 9 de marzo, de martes a domingo de 9:00 a 17:00 horas. La entrada es libre. Es necesario el uso de\u202fcubrebocas y guardar la sana distancia con los otros visitantes.\u00a0<\/span><span data-ccp-props=\"{&quot;335559731&quot;:708}\">\u00a0<\/span><\/p>\n<p><span data-ccp-props=\"{}\">\u00a0<\/span><\/p>\n<div id=\"attachment_109477\" style=\"width: 732px\" class=\"wp-caption aligncenter\"><img aria-describedby=\"caption-attachment-109477\" decoding=\"async\" loading=\"lazy\" class=\"size-full wp-image-109477\" src=\"https:\/\/www.uv.mx\/prensa\/files\/2022\/02\/010222-Asi-viste-mi-pueblo-3.jpg\" alt=\"\" width=\"722\" height=\"481\" srcset=\"https:\/\/www.uv.mx\/prensa\/files\/2022\/02\/010222-Asi-viste-mi-pueblo-3.jpg 722w, https:\/\/www.uv.mx\/prensa\/files\/2022\/02\/010222-Asi-viste-mi-pueblo-3-300x200.jpg 300w\" sizes=\"(max-width: 722px) 100vw, 722px\" \/><p id=\"caption-attachment-109477\" class=\"wp-caption-text\">El expositor estuvo acompa\u00f1ado en la inauguraci\u00f3n por Henri Noel Bernard\u202fy\u202fBeatriz S\u00e1nchez Zurita<\/p><\/div>\n","protected":false},"excerpt":{"rendered":"<p>Los asistentes tendr\u00e1n la oportunidad de contemplar piezas textiles raras y \u00fanicas\u00a0<\/p>\n","protected":false},"author":1869,"featured_media":109478,"comment_status":"closed","ping_status":"closed","sticky":false,"template":"","format":"standard","meta":[],"categories":[11],"tags":[6559,1437,6558,6513],"_links":{"self":[{"href":"https:\/\/www.uv.mx\/prensa\/wp-json\/wp\/v2\/posts\/109476"}],"collection":[{"href":"https:\/\/www.uv.mx\/prensa\/wp-json\/wp\/v2\/posts"}],"about":[{"href":"https:\/\/www.uv.mx\/prensa\/wp-json\/wp\/v2\/types\/post"}],"author":[{"embeddable":true,"href":"https:\/\/www.uv.mx\/prensa\/wp-json\/wp\/v2\/users\/1869"}],"replies":[{"embeddable":true,"href":"https:\/\/www.uv.mx\/prensa\/wp-json\/wp\/v2\/comments?post=109476"}],"version-history":[{"count":1,"href":"https:\/\/www.uv.mx\/prensa\/wp-json\/wp\/v2\/posts\/109476\/revisions"}],"predecessor-version":[{"id":109494,"href":"https:\/\/www.uv.mx\/prensa\/wp-json\/wp\/v2\/posts\/109476\/revisions\/109494"}],"wp:featuredmedia":[{"embeddable":true,"href":"https:\/\/www.uv.mx\/prensa\/wp-json\/wp\/v2\/media\/109478"}],"wp:attachment":[{"href":"https:\/\/www.uv.mx\/prensa\/wp-json\/wp\/v2\/media?parent=109476"}],"wp:term":[{"taxonomy":"category","embeddable":true,"href":"https:\/\/www.uv.mx\/prensa\/wp-json\/wp\/v2\/categories?post=109476"},{"taxonomy":"post_tag","embeddable":true,"href":"https:\/\/www.uv.mx\/prensa\/wp-json\/wp\/v2\/tags?post=109476"}],"curies":[{"name":"wp","href":"https:\/\/api.w.org\/{rel}","templated":true}]}}