{"id":109640,"date":"2022-02-04T12:31:00","date_gmt":"2022-02-04T18:31:00","guid":{"rendered":"https:\/\/www.uv.mx\/prensa\/?p=109640"},"modified":"2022-02-09T13:15:43","modified_gmt":"2022-02-09T19:15:43","slug":"centro-de-idiomas-poza-rica-invita-al-2o-foro-internacional-de-lenguas-extranjeras","status":"publish","type":"post","link":"https:\/\/www.uv.mx\/prensa\/eventos\/centro-de-idiomas-poza-rica-invita-al-2o-foro-internacional-de-lenguas-extranjeras\/","title":{"rendered":"Centro de Idiomas Poza Rica invita al 2\u00ba Foro Internacional de Lenguas Extranjeras"},"content":{"rendered":"<ul>\n<li data-leveltext=\"\uf0b7\" data-font=\"Symbol\" data-listid=\"1\" data-aria-posinset=\"1\" data-aria-level=\"1\"><i><span data-contrast=\"auto\">Docentes e investigadores podr\u00e1n participar de manera virtual en pl\u00e1ticas para la formaci\u00f3n de docentes, adem\u00e1s del intercambio de experiencias relacionadas con la did\u00e1ctica de la lengua y la traducci\u00f3n<\/span><\/i><span data-ccp-props=\"{&quot;201341983&quot;:0,&quot;335559739&quot;:160,&quot;335559740&quot;:240}\">\u00a0<\/span><\/li>\n<\/ul>\n<p>&nbsp;<\/p>\n<div id=\"attachment_109652\" style=\"width: 732px\" class=\"wp-caption aligncenter\"><img aria-describedby=\"caption-attachment-109652\" decoding=\"async\" loading=\"lazy\" class=\"size-full wp-image-109652\" src=\"https:\/\/www.uv.mx\/prensa\/files\/2022\/02\/040222-Foro-LE-1.jpg\" alt=\"\" width=\"722\" height=\"481\" srcset=\"https:\/\/www.uv.mx\/prensa\/files\/2022\/02\/040222-Foro-LE-1.jpg 722w, https:\/\/www.uv.mx\/prensa\/files\/2022\/02\/040222-Foro-LE-1-300x200.jpg 300w\" sizes=\"(max-width: 722px) 100vw, 722px\" \/><p id=\"caption-attachment-109652\" class=\"wp-caption-text\">Centro de Idiomas de Poza Rica<\/p><\/div>\n<p>&nbsp;<\/p>\n<p><b><i><span data-contrast=\"auto\">Alma Celia San Mart\u00edn Cruz<\/span><\/i><\/b><span data-ccp-props=\"{&quot;134233279&quot;:true,&quot;201341983&quot;:0,&quot;335559739&quot;:160,&quot;335559740&quot;:240}\">\u00a0<\/span><\/p>\n<p><b><i><span data-contrast=\"auto\">04\/02\/2022, Poza Rica, Ver.-<\/span><\/i><\/b><span data-contrast=\"auto\"> El <a href=\"https:\/\/www.uv.mx\/pozarica\/ci\/\" target=\"_blank\" rel=\"noopener\">Centro de Idiomas<\/a> de la Universidad Veracruzana (UV) realizar\u00e1 el 25 de febrero el 2\u00ba Foro Internacional de Lenguas Extranjeras \u201cPerspectivas de evaluaci\u00f3n y ense\u00f1anza de lenguas\u201d, a trav\u00e9s de la plataforma <\/span><i><span data-contrast=\"auto\">UVZoom<\/span><\/i><span data-contrast=\"auto\">.<\/span><span data-ccp-props=\"{&quot;134233279&quot;:true,&quot;201341983&quot;:0,&quot;335559739&quot;:160,&quot;335559740&quot;:240}\">\u00a0<\/span><\/p>\n<p><span data-contrast=\"auto\">Anabel Guti\u00e9rrez Rodr\u00edguez, responsable del cuerpo acad\u00e9mico (CA) Did\u00e1ctica y Evaluaci\u00f3n de Lenguas Extranjeras, dio a conocer que el foro se realizar\u00e1 en coordinaci\u00f3n con el CA Ling\u00fc\u00edstica y Traducci\u00f3n, y con el Espacio Franc\u00f3fono, pues desde hace m\u00e1s de un a\u00f1o han trabajado coordinadamente en la organizaci\u00f3n.<\/span><span data-ccp-props=\"{&quot;134233279&quot;:true,&quot;201341983&quot;:0,&quot;335559731&quot;:708,&quot;335559739&quot;:160,&quot;335559740&quot;:240}\">\u00a0<\/span><\/p>\n<p><span data-contrast=\"auto\">Respecto a los objetivos del evento, se\u00f1al\u00f3 que se busca fortalecer el desarrollo de los CA, fomentar el intercambio de experiencias relacionadas con la did\u00e1ctica de la lengua y la traducci\u00f3n, as\u00ed como dar a conocer los aportes m\u00e1s significativos en los procesos de ense\u00f1anza-aprendizaje a trav\u00e9s del ambiente virtual.<\/span><span data-ccp-props=\"{&quot;134233279&quot;:true,&quot;201341983&quot;:0,&quot;335559731&quot;:708,&quot;335559739&quot;:160,&quot;335559740&quot;:240}\">\u00a0<\/span><\/p>\n<p>&nbsp;<\/p>\n<div id=\"attachment_109651\" style=\"width: 732px\" class=\"wp-caption aligncenter\"><img aria-describedby=\"caption-attachment-109651\" decoding=\"async\" loading=\"lazy\" class=\"size-full wp-image-109651\" src=\"https:\/\/www.uv.mx\/prensa\/files\/2022\/02\/040222-Foro-LE-2.jpg\" alt=\"\" width=\"722\" height=\"481\" srcset=\"https:\/\/www.uv.mx\/prensa\/files\/2022\/02\/040222-Foro-LE-2.jpg 722w, https:\/\/www.uv.mx\/prensa\/files\/2022\/02\/040222-Foro-LE-2-300x200.jpg 300w\" sizes=\"(max-width: 722px) 100vw, 722px\" \/><p id=\"caption-attachment-109651\" class=\"wp-caption-text\">Anabel Guti\u00e9rrez Rodr\u00edguez, responsable del CA Did\u00e1ctica y Evaluaci\u00f3n de Lenguas Extranjeras<\/p><\/div>\n<p>&nbsp;<\/p>\n<p><span data-contrast=\"auto\">Los ejes tem\u00e1ticos son: Educaci\u00f3n en l\u00ednea, Uso de TIC, Formaci\u00f3n de profesores, Desaf\u00edo de ense\u00f1anza-aprendizaje en lenguas, y Traducci\u00f3n.<\/span><span data-ccp-props=\"{&quot;134233279&quot;:true,&quot;201341983&quot;:0,&quot;335559731&quot;:708,&quot;335559739&quot;:160,&quot;335559740&quot;:240}\">\u00a0<\/span><\/p>\n<p><span data-contrast=\"auto\">Se invita a estudiantes, docentes e investigadores a participar de manera virtual en las pl\u00e1ticas, mismas que ser\u00e1n de utilidad y calidad para la formaci\u00f3n de docentes y desarrollo en diferentes \u00e1reas de ense\u00f1anza-aprendizaje, como la traducci\u00f3n en lenguas extranjeras.<\/span><span data-ccp-props=\"{&quot;134233279&quot;:true,&quot;201341983&quot;:0,&quot;335559731&quot;:708,&quot;335559739&quot;:160,&quot;335559740&quot;:240}\">\u00a0<\/span><\/p>\n<p><span data-contrast=\"auto\">Las personas interesadas en participar en el foro deber\u00e1n enviar sus propuestas al correo <\/span><a href=\"mailto:delecapr@uv.mx\"><span data-contrast=\"none\">delecapr@uv.mx<\/span><\/a><span data-contrast=\"auto\">, antes del 11 de febrero.<\/span><span data-ccp-props=\"{&quot;134233279&quot;:true,&quot;201341983&quot;:0,&quot;335559731&quot;:708,&quot;335559739&quot;:160,&quot;335559740&quot;:240}\">\u00a0<\/span><\/p>\n","protected":false},"excerpt":{"rendered":"<p>Docentes e investigadores interesados en participar deber\u00e1n enviar sus propuestas al correo delecapr@uv.mx, antes del 11 de febrero<\/p>\n","protected":false},"author":1508,"featured_media":109652,"comment_status":"closed","ping_status":"closed","sticky":false,"template":"","format":"standard","meta":[],"categories":[47,54],"tags":[],"_links":{"self":[{"href":"https:\/\/www.uv.mx\/prensa\/wp-json\/wp\/v2\/posts\/109640"}],"collection":[{"href":"https:\/\/www.uv.mx\/prensa\/wp-json\/wp\/v2\/posts"}],"about":[{"href":"https:\/\/www.uv.mx\/prensa\/wp-json\/wp\/v2\/types\/post"}],"author":[{"embeddable":true,"href":"https:\/\/www.uv.mx\/prensa\/wp-json\/wp\/v2\/users\/1508"}],"replies":[{"embeddable":true,"href":"https:\/\/www.uv.mx\/prensa\/wp-json\/wp\/v2\/comments?post=109640"}],"version-history":[{"count":1,"href":"https:\/\/www.uv.mx\/prensa\/wp-json\/wp\/v2\/posts\/109640\/revisions"}],"predecessor-version":[{"id":109844,"href":"https:\/\/www.uv.mx\/prensa\/wp-json\/wp\/v2\/posts\/109640\/revisions\/109844"}],"wp:featuredmedia":[{"embeddable":true,"href":"https:\/\/www.uv.mx\/prensa\/wp-json\/wp\/v2\/media\/109652"}],"wp:attachment":[{"href":"https:\/\/www.uv.mx\/prensa\/wp-json\/wp\/v2\/media?parent=109640"}],"wp:term":[{"taxonomy":"category","embeddable":true,"href":"https:\/\/www.uv.mx\/prensa\/wp-json\/wp\/v2\/categories?post=109640"},{"taxonomy":"post_tag","embeddable":true,"href":"https:\/\/www.uv.mx\/prensa\/wp-json\/wp\/v2\/tags?post=109640"}],"curies":[{"name":"wp","href":"https:\/\/api.w.org\/{rel}","templated":true}]}}