{"id":109694,"date":"2022-02-05T15:53:43","date_gmt":"2022-02-05T21:53:43","guid":{"rendered":"https:\/\/www.uv.mx\/prensa\/?p=109694"},"modified":"2022-02-09T12:42:40","modified_gmt":"2022-02-09T18:42:40","slug":"uv-refrenda-su-vocacion-artistica-con-publicacion-de-suave-trazo-rector","status":"publish","type":"post","link":"https:\/\/www.uv.mx\/prensa\/cultura\/uv-refrenda-su-vocacion-artistica-con-publicacion-de-suave-trazo-rector\/","title":{"rendered":"UV refrenda su vocaci\u00f3n art\u00edstica con publicaci\u00f3n de <em>Suave trazo<\/em>: Rector"},"content":{"rendered":"<ul>\n<li data-leveltext=\"\uf0b7\" data-font=\"Symbol\" data-listid=\"1\" data-aria-posinset=\"1\" data-aria-level=\"1\"><i><span data-contrast=\"auto\">\u201cMi fantas\u00eda adolescente me hac\u00eda creer que ser\u00eda dibujante y presidente de la Rep\u00fablica, para ayudar a resolver las antiguas demandas de mi gente\u201d: Rafael L\u00f3pez Castro<\/span><\/i><span data-ccp-props=\"{&quot;201341983&quot;:0,&quot;335559739&quot;:160,&quot;335559740&quot;:240}\">\u00a0<\/span><\/li>\n<li data-leveltext=\"\uf0b7\" data-font=\"Symbol\" data-listid=\"1\" data-aria-posinset=\"2\" data-aria-level=\"1\"><i><span data-contrast=\"auto\">\u201cHablar de Rafael es hablar del maestro de maestros, de esos que no son de aula y que hacen escuela en tanto construyen conocimiento desde su oficio\u201d: Jos\u00e9 Manuel <\/span><\/i><i><span data-contrast=\"auto\">Morelos<\/span><\/i><span data-ccp-props=\"{&quot;201341983&quot;:0,&quot;335559739&quot;:160,&quot;335559740&quot;:240}\">\u00a0<\/span><\/li>\n<li data-leveltext=\"\uf0b7\" data-font=\"Symbol\" data-listid=\"1\" data-aria-posinset=\"3\" data-aria-level=\"1\"><i><span data-contrast=\"auto\">\u201c<\/span><\/i><span data-contrast=\"auto\">Suave trazo<\/span><i><span data-contrast=\"auto\"> me deja nostalgia por remembrar el quehacer creativo manual, por las t\u00e9cnicas tradicionales con procesos cognitivos\u201d: Ana Gabriela Ram\u00edrez<\/span><\/i><span data-ccp-props=\"{&quot;201341983&quot;:0,&quot;335559685&quot;:357,&quot;335559731&quot;:0,&quot;335559739&quot;:160,&quot;335559740&quot;:240}\">\u00a0<\/span><\/li>\n<\/ul>\n<p>&nbsp;<\/p>\n<div id=\"attachment_109699\" style=\"width: 732px\" class=\"wp-caption aligncenter\"><img aria-describedby=\"caption-attachment-109699\" decoding=\"async\" loading=\"lazy\" class=\"wp-image-109699 size-full\" src=\"https:\/\/www.uv.mx\/prensa\/files\/2022\/02\/050222-Suave-trazo-1.jpg\" alt=\"\" width=\"722\" height=\"481\" srcset=\"https:\/\/www.uv.mx\/prensa\/files\/2022\/02\/050222-Suave-trazo-1.jpg 722w, https:\/\/www.uv.mx\/prensa\/files\/2022\/02\/050222-Suave-trazo-1-300x200.jpg 300w\" sizes=\"(max-width: 722px) 100vw, 722px\" \/><p id=\"caption-attachment-109699\" class=\"wp-caption-text\">El maestro Rafael L\u00f3pez y el rector Mart\u00edn Aguilar<\/p><\/div>\n<p>&nbsp;<\/p>\n<p><b><i><span data-contrast=\"auto\">Paola Cort\u00e9s P\u00e9rez<\/span><\/i><\/b><span data-ccp-props=\"{&quot;201341983&quot;:0,&quot;335559739&quot;:160,&quot;335559740&quot;:240}\">\u00a0<\/span><\/p>\n<p><b><i><span data-contrast=\"auto\">Fotos: Omar Portilla Palacios<\/span><\/i><\/b><span data-ccp-props=\"{&quot;201341983&quot;:0,&quot;335559739&quot;:160,&quot;335559740&quot;:240}\">\u00a0<\/span><\/p>\n<p><b><i><span data-contrast=\"auto\">05\/02\/2022, Xalapa, Ver.-<\/span><\/i><\/b><span data-contrast=\"auto\"> \u201cEl libro <\/span><i><span data-contrast=\"auto\">Suave tr<\/span><\/i><em>azo de Rafael L\u00f3pez Castro, dise\u00f1ador gr\u00e1fico mexicano<\/em><span data-contrast=\"auto\">, permite a la <a href=\"https:\/\/www.uv.mx\/\" target=\"_blank\" rel=\"noopener\">Universidad Veracruzana<\/a> (UV) refrendar su compromiso con el arte como parte <\/span>integral <span data-contrast=\"auto\">de nuestra labor institucional\u201d, expres\u00f3 el rector Mart\u00edn Aguilar S\u00e1nchez, durante la presentaci\u00f3n de la obra en el auditorio del Museo de Antropolog\u00eda de Xalapa (MAX).<\/span><span data-ccp-props=\"{&quot;201341983&quot;:0,&quot;335559739&quot;:160,&quot;335559740&quot;:240}\">\u00a0<\/span><\/p>\n<p><span data-contrast=\"auto\">En presencia del maestro y dise\u00f1ador gr\u00e1fico Rafael L\u00f3pez Castro, <\/span><i><span data-contrast=\"auto\">Suave trazo <\/span><\/i><span data-contrast=\"auto\">fue comentado por Aguilar S\u00e1nchez; el director del Instituto de Artes Pl\u00e1sticas (IAP), Jos\u00e9 Manuel Morelos Villegas; la directora de la Facultad de Artes Pl\u00e1sticas, Ana Gabriela Ram\u00edrez Liz\u00e1rraga; el coordinador editorial del libro, Alberto Toval\u00edn Ahumada y, a trav\u00e9s de video, los dise\u00f1adores gr\u00e1ficos Antonio P\u00e9rez Gonz\u00e1lez \u201c\u00d1ico\u201d y Germ\u00e1n Montalvo.<\/span><span data-ccp-props=\"{&quot;201341983&quot;:0,&quot;335559731&quot;:708,&quot;335559739&quot;:160,&quot;335559740&quot;:240}\">\u00a0<\/span><\/p>\n<p><span data-contrast=\"auto\">Mart\u00edn Aguilar record\u00f3 que la Universidad tiene el lema \u201cArte, Ciencia, Luz\u201d, cuyo primer eslab\u00f3n, el arte, ha sido \u2013desde sus or\u00edgenes hasta este 2022\u2013 la columna vertebral a partir de la cual la instituci\u00f3n ha moldeado uno de sus rostros m\u00e1s amables y generosos: el del humanismo en su m\u00e1s amplio y universal sentido.<\/span><span data-ccp-props=\"{&quot;201341983&quot;:0,&quot;335559731&quot;:708,&quot;335559739&quot;:160,&quot;335559740&quot;:240}\">\u00a0<\/span><\/p>\n<p><span data-contrast=\"auto\">\u201cHoy, la Universidad Veracruzana refrenda su vocaci\u00f3n art\u00edstica, al lado de otras instituciones de educaci\u00f3n superior y culturales, as\u00ed como de un gobierno estatal, al entregar a su comunidad y a la sociedad un libro que es una obra de arte y un justo y merecido homenaje a un artista de extraordinaria trayectoria en el campo del dise\u00f1o.\u201d<\/span><span data-ccp-props=\"{&quot;201341983&quot;:0,&quot;335559731&quot;:708,&quot;335559739&quot;:160,&quot;335559740&quot;:240}\">\u00a0<\/span><\/p>\n<p><span data-contrast=\"auto\">A trav\u00e9s de un video, Rafael L\u00f3pez Castro cont\u00f3 que calc\u00f3 sus primeros dibujos de su abuelo paterno. \u201cMi fantas\u00eda adolescente me hac\u00eda creer que ser\u00eda dibujante y presidente de la Rep\u00fablica, para ayudar a resolver las antiguas demandas de mi gente\u201d.<\/span><span data-ccp-props=\"{&quot;201341983&quot;:0,&quot;335559731&quot;:708,&quot;335559739&quot;:160,&quot;335559740&quot;:240}\">\u00a0<\/span><\/p>\n<p>&nbsp;<\/p>\n<div id=\"attachment_109701\" style=\"width: 732px\" class=\"wp-caption aligncenter\"><img aria-describedby=\"caption-attachment-109701\" decoding=\"async\" loading=\"lazy\" class=\"size-full wp-image-109701\" src=\"https:\/\/www.uv.mx\/prensa\/files\/2022\/02\/050222-Suave-trazo-2.jpg\" alt=\"\" width=\"722\" height=\"481\" srcset=\"https:\/\/www.uv.mx\/prensa\/files\/2022\/02\/050222-Suave-trazo-2.jpg 722w, https:\/\/www.uv.mx\/prensa\/files\/2022\/02\/050222-Suave-trazo-2-300x200.jpg 300w\" sizes=\"(max-width: 722px) 100vw, 722px\" \/><p id=\"caption-attachment-109701\" class=\"wp-caption-text\">El Rector de la UV celebr\u00f3 la presentaci\u00f3n de <em>Suave trazo<\/em><\/p><\/div>\n<p>&nbsp;<\/p>\n<p><span data-contrast=\"auto\">Fue su maestro de Biolog\u00eda en la secundaria, el militante socialista Humberto Pliego, quien le ayud\u00f3 a poner en pr\u00e1ctica su primera misi\u00f3n y \u00fanica realidad: dibujar. Pero, gracias a Carlos Flores Heras conoci\u00f3 el gusto por la tipograf\u00eda. Con su buen humor, sabidur\u00eda y paciencia, le ayud\u00f3 a ordenar la p\u00e1gina de un peri\u00f3dico, libro o revista, \u201cmarc\u00f3 en m\u00ed, para siempre, ese amor por una p\u00e1gina legible y bella, por la m\u00e1gica e \u00edntima relaci\u00f3n de la tipograf\u00eda consigo misma y no con la ilustraci\u00f3n, el grabado, la pintura y la fotograf\u00eda\u201d.<\/span><span data-ccp-props=\"{&quot;201341983&quot;:0,&quot;335559731&quot;:708,&quot;335559739&quot;:160,&quot;335559740&quot;:240}\">\u00a0<\/span><\/p>\n<p><span data-contrast=\"auto\">\u201cEl maestro Flores Heras me ayud\u00f3 a reunir el dise\u00f1o tipogr\u00e1fico con mis inquietudes pl\u00e1sticas, algo m\u00e1s que le debo: me mostr\u00f3 el trabajo de dise\u00f1ador gr\u00e1fico.\u201d<\/span><span data-ccp-props=\"{&quot;201341983&quot;:0,&quot;335559731&quot;:708,&quot;335559739&quot;:160,&quot;335559740&quot;:240}\">\u00a0<\/span><\/p>\n<p><span data-contrast=\"auto\">Jos\u00e9 Manuel Morelos dijo que con la presentaci\u00f3n de este libro inician los festejos por el 45 aniversario del Instituto de Artes Pl\u00e1sticas. Coment\u00f3 que hablar del maestro Rafael L\u00f3pez Castro equivale a hablar de su aportaci\u00f3n gr\u00e1fica al pa\u00eds y a la historia del dise\u00f1o gr\u00e1fico: carteles; logotipos; portadas de libros, revistas y discos por encargo; publicaciones de fotograf\u00edas y dise\u00f1os de autor\u00eda; de bestiarios y seres fant\u00e1sticos, y collage. Todo esto, agreg\u00f3, forma parte de un imaginario propio y colectivo, que es memoria y patrimonio de todas y todos, pero suyo.<\/span><span data-ccp-props=\"{&quot;201341983&quot;:0,&quot;335559731&quot;:708,&quot;335559739&quot;:160,&quot;335559740&quot;:240}\">\u00a0<\/span><\/p>\n<p><span data-contrast=\"auto\">\u201cSu obra nos remite a M\u00e9xico, a su M\u00e9xico, a su imaginer\u00eda e identidad popular, al fest\u00edn de sus sentidos. Nos habla de los mercados, santos, calaveras y monumentos. De las rosas, de lecturas mexicanas, de la familia y sus amigos. De su andar a pie por barrios y colonias de la ciudad de M\u00e9xico. De su paso por la imprenta Madero, de su peregrinar por la vida, de sus deseos, pasi\u00f3n y razonamientos como fuente de inspiraci\u00f3n.<\/span><span data-ccp-props=\"{&quot;201341983&quot;:0,&quot;335559731&quot;:708,&quot;335559739&quot;:160,&quot;335559740&quot;:240}\">\u00a0<\/span><\/p>\n<p><span data-contrast=\"auto\">\u201dLa historia de la izquierda en M\u00e9xico \u2014y su fragilidad\u2014 estar\u00eda incompleta o al menos ser\u00eda incomprensible, sin la referencia a este importante creador, quien junto con otros autores se encarg\u00f3 de la propaganda pol\u00edtica de diversos partidos y organismos sociales que, por no tener acceso a los medios, valoraron al cartel como una verdadera pieza de comunicaci\u00f3n.\u201d<\/span><span data-ccp-props=\"{&quot;201341983&quot;:0,&quot;335559731&quot;:708,&quot;335559739&quot;:160,&quot;335559740&quot;:240}\">\u00a0<\/span><\/p>\n<p>&nbsp;<\/p>\n<div id=\"attachment_109698\" style=\"width: 732px\" class=\"wp-caption aligncenter\"><img aria-describedby=\"caption-attachment-109698\" decoding=\"async\" loading=\"lazy\" class=\"size-full wp-image-109698\" src=\"https:\/\/www.uv.mx\/prensa\/files\/2022\/02\/050222-Suave-trazo-3.jpg\" alt=\"\" width=\"722\" height=\"481\" srcset=\"https:\/\/www.uv.mx\/prensa\/files\/2022\/02\/050222-Suave-trazo-3.jpg 722w, https:\/\/www.uv.mx\/prensa\/files\/2022\/02\/050222-Suave-trazo-3-300x200.jpg 300w\" sizes=\"(max-width: 722px) 100vw, 722px\" \/><p id=\"caption-attachment-109698\" class=\"wp-caption-text\">Autoridades universitarias, docentes y dise\u00f1adores gr\u00e1ficos abordaron la trayectoria y contribuciones de L\u00f3pez Castro<\/p><\/div>\n<p>&nbsp;<\/p>\n<p><span data-contrast=\"auto\">Dio vida a centenares de carteles sociales, pol\u00edticos y culturales, piezas emblem\u00e1ticas, \u201cpoes\u00eda visual que evoca, convoca, provoca, anuncia y denuncia\u201d, los cuales, una vez concluida la misi\u00f3n de comunicar en un tiempo y espacio determinados, quedan como memoria, como obra de arte, fetiche y pieza de colecci\u00f3n.<\/span><span data-ccp-props=\"{&quot;201341983&quot;:0,&quot;335559731&quot;:708,&quot;335559739&quot;:160,&quot;335559740&quot;:240}\">\u00a0<\/span><\/p>\n<p><span data-contrast=\"auto\">\u201cHablar de Rafael es hablar del maestro de maestros, de esos que no son de aula y que hacen escuela en tanto construyen conocimiento desde su oficio, a partir de la est\u00e9tica de su \u00e9tica, desde su casa-estudio en Mixcoac, entre libros, obras de arte e indistintos l\u00e1pices.<\/span> <span data-contrast=\"auto\">Transita por lo anal\u00f3gico y digital, se crea y recrea, con su l\u00e1piz, fiel escudero de las mil batallas.\u201d<\/span><span data-ccp-props=\"{&quot;201341983&quot;:0,&quot;335559731&quot;:708,&quot;335559739&quot;:160,&quot;335559740&quot;:240,&quot;469777462&quot;:[5070],&quot;469777927&quot;:[0],&quot;469777928&quot;:[1]}\">\u00a0<\/span><\/p>\n<p><span data-contrast=\"auto\">Antonio P\u00e9rez \u201c\u00d1iko\u201d, refiri\u00f3 que el libro-cat\u00e1logo permite a los lectores y personas interesadas en el dise\u00f1o gr\u00e1fico, revisar el trabajo de alguien que ha sido prol\u00edfero y enormemente creativo.<\/span><span data-ccp-props=\"{&quot;201341983&quot;:0,&quot;335559731&quot;:708,&quot;335559739&quot;:160,&quot;335559740&quot;:240,&quot;469777462&quot;:[5070],&quot;469777927&quot;:[0],&quot;469777928&quot;:[1]}\">\u00a0<\/span><\/p>\n<p><span data-contrast=\"auto\">\u201cEs uno de los dise\u00f1adores m\u00e1s prol\u00edferos y que m\u00e1s ha apoyado al dise\u00f1o gr\u00e1fico de M\u00e9xico y Latinoam\u00e9rica, sin exagerar.\u201d<\/span><span data-ccp-props=\"{&quot;201341983&quot;:0,&quot;335559731&quot;:708,&quot;335559739&quot;:160,&quot;335559740&quot;:240,&quot;469777462&quot;:[5070],&quot;469777927&quot;:[0],&quot;469777928&quot;:[1]}\">\u00a0<\/span><\/p>\n<p><span data-contrast=\"auto\">Alberto Toval\u00edn ley\u00f3 el texto de Juan Villoro \u201cEl inventor de la flecha\u201d, incluido en el libro presentado: \u201cL\u00f3pez Castro sabe ver, pero tambi\u00e9n o\u00edr; lo primero, habla de su talento; lo segundo, de su generosidad (\u2026). Ha puesto sus l\u00e1pices al servicio de dos causas fundamentales: la cultura y la izquierda.\u201d<\/span><span data-ccp-props=\"{&quot;201341983&quot;:0,&quot;335559731&quot;:708,&quot;335559739&quot;:160,&quot;335559740&quot;:240,&quot;469777462&quot;:[5070],&quot;469777927&quot;:[0],&quot;469777928&quot;:[1]}\">\u00a0<\/span><\/p>\n<p>&nbsp;<\/p>\n<div id=\"attachment_109700\" style=\"width: 732px\" class=\"wp-caption aligncenter\"><img aria-describedby=\"caption-attachment-109700\" decoding=\"async\" loading=\"lazy\" class=\"size-full wp-image-109700\" src=\"https:\/\/www.uv.mx\/prensa\/files\/2022\/02\/050222-Suave-trazo-4.jpg\" alt=\"\" width=\"722\" height=\"481\" srcset=\"https:\/\/www.uv.mx\/prensa\/files\/2022\/02\/050222-Suave-trazo-4.jpg 722w, https:\/\/www.uv.mx\/prensa\/files\/2022\/02\/050222-Suave-trazo-4-300x200.jpg 300w\" sizes=\"(max-width: 722px) 100vw, 722px\" \/><p id=\"caption-attachment-109700\" class=\"wp-caption-text\">El libro fue coeditado por la Editorial UV, UNAM, El Colegio Nacional, BUAP, UAM, Gobierno del Estado de Jalisco, Cineman\u00eda y Parametr\u00eda<\/p><\/div>\n<p>&nbsp;<\/p>\n<p><span data-contrast=\"auto\">Para Ana Gabriela Ram\u00edrez, la obra de L\u00f3pez Castro recrea la vivencia humana, cada suceso hist\u00f3rico, cultural, pol\u00edtico y organizacional, en sus manos se transforma en una simbiosis art\u00edstica que va m\u00e1s all\u00e1 de ser una portada, un cartel o una fotograf\u00eda, \u201ces una obra con valor art\u00edstico trascendental, a nivel del arte, del dise\u00f1o y del estudio de las manifestaciones art\u00edsticas\u201d.<\/span><span data-ccp-props=\"{&quot;201341983&quot;:0,&quot;335559731&quot;:708,&quot;335559739&quot;:160,&quot;335559740&quot;:240,&quot;469777462&quot;:[5070],&quot;469777927&quot;:[0],&quot;469777928&quot;:[1]}\">\u00a0<\/span><\/p>\n<p><span data-contrast=\"auto\">Se\u00f1al\u00f3 que el libro aloja 50 a\u00f1os de creaci\u00f3n y leerlo es vivir un eje de la historia del dise\u00f1o en M\u00e9xico, que muestra cuan valioso es un simple trazo de l\u00e1piz, un recorte de papel, el clic de una c\u00e1mara, el manejo tipogr\u00e1fico manual, el collage, y hasta un expresivo gesto en un rostro o de un cuerpo.<\/span><span data-ccp-props=\"{&quot;201341983&quot;:0,&quot;335559731&quot;:708,&quot;335559739&quot;:160,&quot;335559740&quot;:240,&quot;469777462&quot;:[5070],&quot;469777927&quot;:[0],&quot;469777928&quot;:[1]}\">\u00a0<\/span><\/p>\n<p><span data-contrast=\"auto\">\u201cMe deja, en parte, nostalgia por remembrar el quehacer creativo manual, por las t\u00e9cnicas tradicionales con procesos cognitivos; por otro lado, es fenomenal contar con esta narrativa visual, es una significativa aportaci\u00f3n que nos invita a leer y a pensar en la imagen como un potenciador de la creatividad. Para quien ame el arte y el dise\u00f1o, <\/span><i><span data-contrast=\"auto\">Suave trazo<\/span><\/i><span data-contrast=\"auto\"> es imprescindible.\u201d<\/span><span data-ccp-props=\"{&quot;201341983&quot;:0,&quot;335559731&quot;:708,&quot;335559739&quot;:160,&quot;335559740&quot;:240,&quot;469777462&quot;:[5070],&quot;469777927&quot;:[0],&quot;469777928&quot;:[1]}\">\u00a0<\/span><\/p>\n<p><span data-contrast=\"auto\">El libro es coeditado por Editorial UV, El Colegio Nacional, la Universidad Nacional Aut\u00f3noma de M\u00e9xico (UNAM), la Benem\u00e9rita Universidad Aut\u00f3noma de Puebla (BUAP), la Universidad Aut\u00f3noma Metropolitana (UAM), Gobierno del estado de Jalisco, Cineman\u00eda y Parametr\u00eda.<\/span><span data-ccp-props=\"{&quot;201341983&quot;:0,&quot;335559731&quot;:708,&quot;335559739&quot;:160,&quot;335559740&quot;:240,&quot;469777462&quot;:[5070],&quot;469777927&quot;:[0],&quot;469777928&quot;:[1]}\">\u00a0<\/span><\/p>\n<p><span data-contrast=\"auto\">El ejemplar, que tard\u00f3 20 a\u00f1os en gestarse, est\u00e1 conformado por m\u00e1s de 40 escritos. El dise\u00f1o y la curadur\u00eda estuvieron a cargo de Germ\u00e1n y Jacqueline Montalvo, y la producci\u00f3n ejecutiva fue realizada por Jos\u00e9 Manuel Morelos, Santiago Robles y Guillermo L\u00f3pez.<\/span><span data-ccp-props=\"{&quot;201341983&quot;:0,&quot;335559731&quot;:708,&quot;335559739&quot;:160,&quot;335559740&quot;:240}\">\u00a0<\/span><\/p>\n<p><span data-contrast=\"auto\">Cabe destacar que la portada del libro se convierte en un p\u00f3ster que muestra al equipo de trabajo de la imprenta Madero, parteaguas en el dise\u00f1o gr\u00e1fico en el M\u00e9xico del siglo XX.<\/span><span data-ccp-props=\"{&quot;201341983&quot;:0,&quot;335559731&quot;:708,&quot;335559739&quot;:160,&quot;335559740&quot;:240}\">\u00a0<\/span><\/p>\n","protected":false},"excerpt":{"rendered":"<p>\u201cAloja 50 a\u00f1os de creaci\u00f3n y leerlo es vivir un eje de la historia del dise\u00f1o en M\u00e9xico, que muestra cuan valioso es un simple trazo de l\u00e1piz, un recorte de papel, el clic de una c\u00e1mara\u2026\u201d<\/p>\n","protected":false},"author":1508,"featured_media":109704,"comment_status":"closed","ping_status":"closed","sticky":false,"template":"","format":"standard","meta":[],"categories":[11,61],"tags":[],"_links":{"self":[{"href":"https:\/\/www.uv.mx\/prensa\/wp-json\/wp\/v2\/posts\/109694"}],"collection":[{"href":"https:\/\/www.uv.mx\/prensa\/wp-json\/wp\/v2\/posts"}],"about":[{"href":"https:\/\/www.uv.mx\/prensa\/wp-json\/wp\/v2\/types\/post"}],"author":[{"embeddable":true,"href":"https:\/\/www.uv.mx\/prensa\/wp-json\/wp\/v2\/users\/1508"}],"replies":[{"embeddable":true,"href":"https:\/\/www.uv.mx\/prensa\/wp-json\/wp\/v2\/comments?post=109694"}],"version-history":[{"count":1,"href":"https:\/\/www.uv.mx\/prensa\/wp-json\/wp\/v2\/posts\/109694\/revisions"}],"predecessor-version":[{"id":109827,"href":"https:\/\/www.uv.mx\/prensa\/wp-json\/wp\/v2\/posts\/109694\/revisions\/109827"}],"wp:featuredmedia":[{"embeddable":true,"href":"https:\/\/www.uv.mx\/prensa\/wp-json\/wp\/v2\/media\/109704"}],"wp:attachment":[{"href":"https:\/\/www.uv.mx\/prensa\/wp-json\/wp\/v2\/media?parent=109694"}],"wp:term":[{"taxonomy":"category","embeddable":true,"href":"https:\/\/www.uv.mx\/prensa\/wp-json\/wp\/v2\/categories?post=109694"},{"taxonomy":"post_tag","embeddable":true,"href":"https:\/\/www.uv.mx\/prensa\/wp-json\/wp\/v2\/tags?post=109694"}],"curies":[{"name":"wp","href":"https:\/\/api.w.org\/{rel}","templated":true}]}}