{"id":109712,"date":"2022-02-05T15:52:58","date_gmt":"2022-02-05T21:52:58","guid":{"rendered":"https:\/\/www.uv.mx\/prensa\/?p=109712"},"modified":"2022-02-09T12:48:49","modified_gmt":"2022-02-09T18:48:49","slug":"uv-dio-bienvenida-a-estudiantes-de-movilidad-nacional-e-internacional","status":"publish","type":"post","link":"https:\/\/www.uv.mx\/prensa\/banner\/uv-dio-bienvenida-a-estudiantes-de-movilidad-nacional-e-internacional\/","title":{"rendered":"UV dio bienvenida a estudiantes de movilidad nacional e internacional"},"content":{"rendered":"<ul>\n<li data-leveltext=\"\u25cf\" data-font=\"\" data-listid=\"1\" data-aria-posinset=\"1\" data-aria-level=\"1\"><i><span data-contrast=\"auto\">Luego de dos a\u00f1os, la Direcci\u00f3n General de Relaciones Internacionales recibi\u00f3 nuevamente a 28 alumnos, 19 de ellos extranjeros, que cursar\u00e1n el periodo febrero-julio de 2022 en tres regiones universitarias<\/span><\/i><span data-ccp-props=\"{&quot;201341983&quot;:0,&quot;335559740&quot;:240}\">\u00a0<\/span><\/li>\n<li data-leveltext=\"\u25cf\" data-font=\"\" data-listid=\"1\" data-aria-posinset=\"2\" data-aria-level=\"1\"><i><span data-contrast=\"auto\">Existen las condiciones para que puedan hacer una buena estancia, atendiendo las medidas de protecci\u00f3n sanitaria, se\u00f1al\u00f3 Mario Oliva, titular de la dependencia<\/span><\/i><\/li>\n<\/ul>\n<p>&nbsp;<\/p>\n<div id=\"attachment_109715\" style=\"width: 732px\" class=\"wp-caption aligncenter\"><img aria-describedby=\"caption-attachment-109715\" decoding=\"async\" loading=\"lazy\" class=\"size-full wp-image-109715\" src=\"https:\/\/www.uv.mx\/prensa\/files\/2022\/02\/050222-Bienvenida-movilidad-1.jpg\" alt=\"\" width=\"722\" height=\"481\" srcset=\"https:\/\/www.uv.mx\/prensa\/files\/2022\/02\/050222-Bienvenida-movilidad-1.jpg 722w, https:\/\/www.uv.mx\/prensa\/files\/2022\/02\/050222-Bienvenida-movilidad-1-300x200.jpg 300w\" sizes=\"(max-width: 722px) 100vw, 722px\" \/><p id=\"caption-attachment-109715\" class=\"wp-caption-text\">Son 28 estudiantes de movilidad nacional e internacional quienes cursar\u00e1n el periodo febrero-julio 2022 en la UV<\/p><\/div>\n<p>&nbsp;<\/p>\n<p><b><i><span data-contrast=\"auto\">David Sandoval Rodr\u00edguez<\/span><\/i><\/b><span data-ccp-props=\"{&quot;201341983&quot;:0,&quot;335559740&quot;:240}\">\u00a0<\/span><\/p>\n<p><b><i><span data-contrast=\"auto\">Fotos: C\u00e9sar Pisil Ramos<\/span><\/i><\/b><span data-ccp-props=\"{&quot;201341983&quot;:0,&quot;335559740&quot;:240}\">\u00a0<\/span><\/p>\n<p><span data-ccp-props=\"{&quot;201341983&quot;:0,&quot;335559740&quot;:240}\">\u00a0<\/span><b><i><span data-contrast=\"auto\">05\/02\/2022, Xalapa, Ver.-<\/span><\/i><\/b><span data-contrast=\"auto\"> La <a href=\"https:\/\/www.uv.mx\/internacional\/\" target=\"_blank\" rel=\"noopener\">Direcci\u00f3n General de Relaciones Internacionales<\/a> (DGRI) y la Escuela para Estudiantes Extranjeros (EEE) de la Universidad Veracruzana (UV) dieron la bienvenida a las y los estudiantes extranjeros que realizar\u00e1n su estancia de movilidad presencial, en un acto protocolario donde se mostr\u00f3 lo que la m\u00e1xima casa de estudios de la entidad les ofrece para el periodo escolar febrero-julio 2022.<\/span><span data-ccp-props=\"{&quot;201341983&quot;:0,&quot;335559740&quot;:240}\">\u00a0<\/span><\/p>\n<p><span data-contrast=\"auto\">En toda la UV se recibir\u00e1 a un total de 28 universitarios provenientes de Brasil, Colombia y tres universidades nacionales, quienes atendieron a la sesi\u00f3n informativa posterior a la bienvenida a cargo del equipo de la DGRI, encabezado por Mario Oliva Su\u00e1rez.<\/span><span data-ccp-props=\"{&quot;201341983&quot;:0,&quot;335559740&quot;:240}\">\u00a0<\/span><\/p>\n<p><span data-contrast=\"auto\">\u201cTengan la seguridad de que toda la Universidad va a estar con ustedes, cuenten con nosotros\u201d, afirm\u00f3 Oliva Su\u00e1rez.<\/span><span data-ccp-props=\"{&quot;201341983&quot;:0,&quot;335559731&quot;:720,&quot;335559740&quot;:240}\">\u00a0<\/span><\/p>\n<p><span data-contrast=\"auto\">Record\u00f3 las indicaciones del rector Mart\u00edn Aguilar S\u00e1nchez, de seguir las normas sanitarias establecidas durante este regreso a clases presenciales y en modalidad h\u00edbrida; \u201csabemos lo que representa una movilidad de este tipo en lo estudiantil y en lo profesional, y est\u00e1n las condiciones para que puedan hacer una buena estancia. Bienvenidos\u201d.<\/span><span data-ccp-props=\"{&quot;201341983&quot;:0,&quot;335559731&quot;:720,&quot;335559740&quot;:240}\">\u00a0<\/span><\/p>\n<p>&nbsp;<\/p>\n<div id=\"attachment_109716\" style=\"width: 732px\" class=\"wp-caption aligncenter\"><img aria-describedby=\"caption-attachment-109716\" decoding=\"async\" loading=\"lazy\" class=\"size-full wp-image-109716\" src=\"https:\/\/www.uv.mx\/prensa\/files\/2022\/02\/050222-Bienvenida-movilidad-2.jpg\" alt=\"\" width=\"722\" height=\"481\" srcset=\"https:\/\/www.uv.mx\/prensa\/files\/2022\/02\/050222-Bienvenida-movilidad-2.jpg 722w, https:\/\/www.uv.mx\/prensa\/files\/2022\/02\/050222-Bienvenida-movilidad-2-300x200.jpg 300w\" sizes=\"(max-width: 722px) 100vw, 722px\" \/><p id=\"caption-attachment-109716\" class=\"wp-caption-text\">Mario Oliva, titular de la DGRI, refrend\u00f3 el respaldo y acompa\u00f1amiento de la UV hacia los alumnos visitantes<\/p><\/div>\n<p>&nbsp;<\/p>\n<p><span data-contrast=\"auto\">Daniel Romero Le\u00f3n, titular de la Coordinaci\u00f3n de Movilidad, agradeci\u00f3 la confianza del alumnado visitante: \u201cNos es muy grato porque desde hace dos a\u00f1os no ten\u00edamos la oportunidad de recibir estudiantes nacionales ni extranjeros; hubo algunos de Colombia y Asia que no pudieron llegar debido a las restricciones de viaje ocasionadas por la COVID-19. Que su estancia sea lo m\u00e1s grata posible, a pesar de la pandemia\u201d.<\/span><span data-ccp-props=\"{&quot;201341983&quot;:0,&quot;335559731&quot;:720,&quot;335559740&quot;:240}\">\u00a0<\/span><\/p>\n<p><span data-contrast=\"auto\">Les record\u00f3 el acompa\u00f1amiento permanente que tendr\u00e1n por parte de la DGRI y las facultades en general.<\/span><span data-ccp-props=\"{&quot;201341983&quot;:0,&quot;335559731&quot;:720,&quot;335559740&quot;:240}\">\u00a0<\/span><\/p>\n<p><span data-contrast=\"auto\">Celia Cristina Contreras Asturias, directora de la EEE, tambi\u00e9n les dio la bienvenida y les record\u00f3 que la oferta educativa de esta entidad abarca experiencias extracurriculares, adem\u00e1s de cursos gratuitos de espa\u00f1ol para los alumnos de movilidad.<\/span><span data-ccp-props=\"{&quot;201341983&quot;:0,&quot;335559731&quot;:720,&quot;335559740&quot;:240}\">\u00a0<\/span><\/p>\n<p><span data-contrast=\"auto\">Myrna Jim\u00e9nez Guerrero, coordinadora de Programas y Servicios de la DGRI, inici\u00f3 la sesi\u00f3n de inducci\u00f3n en la que los integrantes de la direcci\u00f3n abordaron temas como el registro de cursos, asuntos acad\u00e9micos, asuntos migratorios, alojamiento, comida y transporte.<\/span><span data-ccp-props=\"{&quot;201341983&quot;:0,&quot;335559731&quot;:720,&quot;335559740&quot;:240}\">\u00a0<\/span><\/p>\n<p>&nbsp;<\/p>\n<div id=\"attachment_109717\" style=\"width: 732px\" class=\"wp-caption aligncenter\"><img aria-describedby=\"caption-attachment-109717\" decoding=\"async\" loading=\"lazy\" class=\"size-full wp-image-109717\" src=\"https:\/\/www.uv.mx\/prensa\/files\/2022\/02\/050222-Bienvenida-movilidad-3.jpg\" alt=\"\" width=\"722\" height=\"481\" srcset=\"https:\/\/www.uv.mx\/prensa\/files\/2022\/02\/050222-Bienvenida-movilidad-3.jpg 722w, https:\/\/www.uv.mx\/prensa\/files\/2022\/02\/050222-Bienvenida-movilidad-3-300x200.jpg 300w\" sizes=\"(max-width: 722px) 100vw, 722px\" \/><p id=\"caption-attachment-109717\" class=\"wp-caption-text\">Daniel Romero, Celia Contreras, Mario Oliva y Myrna Jim\u00e9nez agradecieron la confianza en la instituci\u00f3n por parte de los universitarios<\/p><\/div>\n<p>&nbsp;<\/p>\n<p><span data-contrast=\"auto\">La funcionaria detall\u00f3 que en el periodo actual se incorporan 19 estudiantes extranjeros y nueve nacionales. La regi\u00f3n Xalapa recibir\u00e1 17 estudiantes: un alumno de la Universidad Aut\u00f3noma del Estado de M\u00e9xico, un estudiante de la Universidad Aut\u00f3noma de Yucat\u00e1n, una estudiante del Instituto de Arte de la Universidad Estadual de Paulista de Brasil y 14 estudiantes de Colombia, provenientes de las universidades: Cooperativa de Colombia, de Antioquia, de la Guajira, de Manizales, del Valle y de la Tecnol\u00f3gica de Bol\u00edvar.<\/span><span data-ccp-props=\"{&quot;201341983&quot;:0,&quot;335559731&quot;:720,&quot;335559740&quot;:240}\">\u00a0<\/span><\/p>\n<p><span data-contrast=\"auto\">Tres de ellos cursar\u00e1n programas del \u00c1rea Acad\u00e9mica de Artes, seis del \u00c1rea de Ciencias de la Salud, dos del \u00c1rea Econ\u00f3mico-Administrativa, dos de Humanidades y cuatro del \u00c1rea T\u00e9cnica.<\/span><span data-ccp-props=\"{&quot;201341983&quot;:0,&quot;335559731&quot;:720,&quot;335559740&quot;:240}\">\u00a0<\/span><\/p>\n<p><span data-contrast=\"auto\">Veracruz recibir\u00e1 nueve estudiantes: siete de la Universidad Aut\u00f3noma de Guerrero y dos de la Universidad Tecnol\u00f3gica de Bol\u00edvar de Colombia; siete cursar\u00e1n programas del \u00c1rea de Ciencias Biol\u00f3gicas y Agropecuaria y dos en el \u00c1rea Acad\u00e9mica de Humanidades.<\/span><span data-ccp-props=\"{&quot;201341983&quot;:0,&quot;335559731&quot;:720,&quot;335559740&quot;:240}\">\u00a0<\/span><\/p>\n<p><span data-contrast=\"auto\">Poza Rica-Tuxpan recibir\u00e1 a dos estudiantes provenientes de la Universidad de la Guajira y de Antioquia, respectivamente, uno en el \u00c1rea Acad\u00e9mica de Humanidades y otro en el \u00c1rea Acad\u00e9mica de Ciencias Biol\u00f3gicas y Agropecuarias.<\/span><span data-ccp-props=\"{&quot;201341983&quot;:0,&quot;335559731&quot;:720,&quot;335559740&quot;:240}\">\u00a0<\/span><\/p>\n<p><span data-ccp-props=\"{&quot;201341983&quot;:0,&quot;335559740&quot;:240}\">\u00a0<\/span><\/p>\n<div id=\"attachment_109718\" style=\"width: 732px\" class=\"wp-caption aligncenter\"><img aria-describedby=\"caption-attachment-109718\" decoding=\"async\" loading=\"lazy\" class=\"size-full wp-image-109718\" src=\"https:\/\/www.uv.mx\/prensa\/files\/2022\/02\/050222-Bienvenida-movilidad-4.jpg\" alt=\"\" width=\"722\" height=\"481\" srcset=\"https:\/\/www.uv.mx\/prensa\/files\/2022\/02\/050222-Bienvenida-movilidad-4.jpg 722w, https:\/\/www.uv.mx\/prensa\/files\/2022\/02\/050222-Bienvenida-movilidad-4-300x200.jpg 300w\" sizes=\"(max-width: 722px) 100vw, 722px\" \/><p id=\"caption-attachment-109718\" class=\"wp-caption-text\">Luiza Kaegi, de la Universidad Estadual Paulista de Brasil, asistir\u00e1 a la Facultad de Teatro<\/p><\/div>\n<p>&nbsp;<\/p>\n<p><b><span data-contrast=\"auto\">Estudiantes de Brasil y Colombia compartieron sus impresiones<\/span><\/b><span data-ccp-props=\"{&quot;201341983&quot;:0,&quot;335559740&quot;:240}\">\u00a0<\/span><\/p>\n<p><span data-contrast=\"auto\">Luiza Kaegi, alumna de la Universidad Estadual Paulista, dijo que siempre tuvo inter\u00e9s de volver a M\u00e9xico, pa\u00eds que visit\u00f3 en 2014; \u201cuna amiga me dijo que Xalapa es una ciudad muy hermosa con actividad de estudiantes y por eso decid\u00ed venir\u201d.<\/span><span data-ccp-props=\"{&quot;201341983&quot;:0,&quot;335559740&quot;:240}\">\u00a0<\/span><\/p>\n<p><span data-contrast=\"auto\">Su inter\u00e9s principal es estudiar en la Facultad de Teatro, enfoc\u00e1ndose en la actuaci\u00f3n y posteriormente en la direcci\u00f3n; \u201ccreo que voy a descubrir muchas cosas y me gustar\u00eda conocer la historia del teatro en M\u00e9xico\u201d.<\/span><span data-ccp-props=\"{&quot;201341983&quot;:0,&quot;335559740&quot;:240}\">\u00a0<\/span><\/p>\n<p><span data-contrast=\"auto\">Daniela Sof\u00eda Vallejo, alumna de la Facultad de Medicina de la Universidad Cooperativa de Colombia, viene a prepararse en materias de pediatr\u00eda y ortopedia en la regi\u00f3n Xalapa.<\/span><span data-ccp-props=\"{&quot;201341983&quot;:0,&quot;335559731&quot;:720,&quot;335559740&quot;:240}\">\u00a0<\/span><\/p>\n<p><span data-contrast=\"auto\">\u201cMe gust\u00f3 mucho la ubicaci\u00f3n y el pa\u00eds, ya hab\u00eda visitado y ten\u00eda el sue\u00f1o de venir ac\u00e1. Todas las competencias que nos brinda la Universidad Veracruzana y su modo de ense\u00f1ar fue lo que me trajo, fue complicado por la cuesti\u00f3n de la COVID-19 y los permisos para viajar pero me siento bien, es muy ch\u00e9vere, llegu\u00e9 hace una semana a Xalapa y tuve la oportunidad de probar comida deliciosa y visitar lugares muy lindos.\u201d<\/span><span data-ccp-props=\"{&quot;201341983&quot;:0,&quot;335559731&quot;:720,&quot;335559740&quot;:240}\">\u00a0<\/span><\/p>\n<p><span data-contrast=\"auto\">Agreg\u00f3 que ya tuvo clases virtuales y reconoci\u00f3 que son muy similares en ambos pa\u00edses porque usan las mismas plataformas y fue f\u00e1cil adaptarse; \u201cesperamos que en un buen tiempo sean presenciales, poder compartir mis conocimientos con mis compa\u00f1eros y llevarme las mejores experiencias de haber conocido lugares y comer delicioso\u201d.<\/span><span data-ccp-props=\"{&quot;201341983&quot;:0,&quot;335559731&quot;:720,&quot;335559740&quot;:240}\">\u00a0<\/span><\/p>\n<p>&nbsp;<\/p>\n<div id=\"attachment_109719\" style=\"width: 732px\" class=\"wp-caption aligncenter\"><img aria-describedby=\"caption-attachment-109719\" decoding=\"async\" loading=\"lazy\" class=\"size-full wp-image-109719\" src=\"https:\/\/www.uv.mx\/prensa\/files\/2022\/02\/050222-Bienvenida-movilidad-5.jpg\" alt=\"\" width=\"722\" height=\"481\" srcset=\"https:\/\/www.uv.mx\/prensa\/files\/2022\/02\/050222-Bienvenida-movilidad-5.jpg 722w, https:\/\/www.uv.mx\/prensa\/files\/2022\/02\/050222-Bienvenida-movilidad-5-300x200.jpg 300w\" sizes=\"(max-width: 722px) 100vw, 722px\" \/><p id=\"caption-attachment-109719\" class=\"wp-caption-text\">Daniela Vallejo, de la Universidad Cooperativa de Colombia, cursar\u00e1 materias en la Facultad de Medicina<\/p><\/div>\n","protected":false},"excerpt":{"rendered":"<p>Un total de 28 universitarios de Brasil, Colombia y M\u00e9xico cursar\u00e1n el periodo febrero-julio 2022 <\/p>\n","protected":false},"author":1508,"featured_media":109714,"comment_status":"closed","ping_status":"closed","sticky":false,"template":"","format":"standard","meta":[],"categories":[61],"tags":[],"_links":{"self":[{"href":"https:\/\/www.uv.mx\/prensa\/wp-json\/wp\/v2\/posts\/109712"}],"collection":[{"href":"https:\/\/www.uv.mx\/prensa\/wp-json\/wp\/v2\/posts"}],"about":[{"href":"https:\/\/www.uv.mx\/prensa\/wp-json\/wp\/v2\/types\/post"}],"author":[{"embeddable":true,"href":"https:\/\/www.uv.mx\/prensa\/wp-json\/wp\/v2\/users\/1508"}],"replies":[{"embeddable":true,"href":"https:\/\/www.uv.mx\/prensa\/wp-json\/wp\/v2\/comments?post=109712"}],"version-history":[{"count":1,"href":"https:\/\/www.uv.mx\/prensa\/wp-json\/wp\/v2\/posts\/109712\/revisions"}],"predecessor-version":[{"id":109836,"href":"https:\/\/www.uv.mx\/prensa\/wp-json\/wp\/v2\/posts\/109712\/revisions\/109836"}],"wp:featuredmedia":[{"embeddable":true,"href":"https:\/\/www.uv.mx\/prensa\/wp-json\/wp\/v2\/media\/109714"}],"wp:attachment":[{"href":"https:\/\/www.uv.mx\/prensa\/wp-json\/wp\/v2\/media?parent=109712"}],"wp:term":[{"taxonomy":"category","embeddable":true,"href":"https:\/\/www.uv.mx\/prensa\/wp-json\/wp\/v2\/categories?post=109712"},{"taxonomy":"post_tag","embeddable":true,"href":"https:\/\/www.uv.mx\/prensa\/wp-json\/wp\/v2\/tags?post=109712"}],"curies":[{"name":"wp","href":"https:\/\/api.w.org\/{rel}","templated":true}]}}