{"id":109732,"date":"2022-02-06T08:59:52","date_gmt":"2022-02-06T14:59:52","guid":{"rendered":"https:\/\/www.uv.mx\/prensa\/?p=109732"},"modified":"2022-02-08T12:52:16","modified_gmt":"2022-02-08T18:52:16","slug":"facultad-de-pedagogia-presento-el-libro-tenemos-que-conversar","status":"publish","type":"post","link":"https:\/\/www.uv.mx\/prensa\/regiones\/veracruz\/facultad-de-pedagogia-presento-el-libro-tenemos-que-conversar\/","title":{"rendered":"Facultad de Pedagog\u00eda present\u00f3 el libro <em>Tenemos que conversar<\/em>"},"content":{"rendered":"<ul>\n<li data-leveltext=\"\uf0b7\" data-font=\"Symbol\" data-listid=\"1\" data-aria-posinset=\"1\" data-aria-level=\"1\"><i><span data-contrast=\"auto\">El texto aborda, desde una mirada cr\u00edtica y reflexiva, el quehacer tutorial a la luz de experiencias documentadas<\/span><\/i><span data-ccp-props=\"{&quot;201341983&quot;:0,&quot;335559739&quot;:160,&quot;335559740&quot;:240}\">\u00a0<\/span><\/li>\n<li data-leveltext=\"\uf0b7\" data-font=\"Symbol\" data-listid=\"1\" data-aria-posinset=\"2\" data-aria-level=\"1\"><i><span data-contrast=\"auto\">\u201cEn la UV estamos retomando la intervenci\u00f3n de manera conjunta en el trabajo tutorial\u201d: Directora de la Facultad de Pedagog\u00eda<\/span><\/i><span data-ccp-props=\"{&quot;201341983&quot;:0,&quot;335559739&quot;:160,&quot;335559740&quot;:240}\">\u00a0<\/span><\/li>\n<\/ul>\n<p>&nbsp;<\/p>\n<div id=\"attachment_109733\" style=\"width: 732px\" class=\"wp-caption aligncenter\"><img aria-describedby=\"caption-attachment-109733\" decoding=\"async\" loading=\"lazy\" class=\"size-full wp-image-109733\" src=\"https:\/\/www.uv.mx\/prensa\/files\/2022\/02\/060222-Tenemos-que-conversar.jpg\" alt=\"\" width=\"722\" height=\"481\" srcset=\"https:\/\/www.uv.mx\/prensa\/files\/2022\/02\/060222-Tenemos-que-conversar.jpg 722w, https:\/\/www.uv.mx\/prensa\/files\/2022\/02\/060222-Tenemos-que-conversar-300x200.jpg 300w\" sizes=\"(max-width: 722px) 100vw, 722px\" \/><p id=\"caption-attachment-109733\" class=\"wp-caption-text\">La secretaria Acad\u00e9mica regional, Claudia Enr\u00edquez Hern\u00e1ndez, inaugur\u00f3 el evento<\/p><\/div>\n<p>&nbsp;<\/p>\n<p><b><i><span data-contrast=\"auto\">Shuguey Enr\u00edquez Ambell<\/span><\/i><\/b><span data-ccp-props=\"{&quot;134233279&quot;:true,&quot;201341983&quot;:0,&quot;335559739&quot;:160,&quot;335559740&quot;:240}\">\u00a0<\/span><\/p>\n<p><b><i><span data-contrast=\"auto\">06\/02\/2022, Veracruz, Ver.-<\/span><\/i><\/b> <span data-contrast=\"auto\">En la <\/span><span data-contrast=\"auto\"><a href=\"https:\/\/www.uv.mx\/veracruz\/pedagogia\/\" target=\"_blank\" rel=\"noopener\">Facultad de Pedagog\u00eda<\/a>, la Universidad Veracruzana (UV) present\u00f3 el libro <\/span><i><span data-contrast=\"auto\">Tenemos que conversar<\/span><\/i><span data-contrast=\"auto\">, de Miguel Rivera Alvarado, quien adem\u00e1s dict\u00f3 la conferencia magistral \u201cCompetencias conversacionales para el bienestar personal y social\u201d.<\/span><span data-ccp-props=\"{&quot;134233279&quot;:true,&quot;201341983&quot;:0,&quot;335559739&quot;:160,&quot;335559740&quot;:240}\">\u00a0<\/span><\/p>\n<p><span data-contrast=\"auto\">El prop\u00f3sito del evento fue revisar, desde una mirada cr\u00edtica y reflexiva, el quehacer tutorial a la luz de las experiencias documentadas por Rivera Alvarado y actores involucrados, \u201cc\u00f3mo es nuestro encuentro con nuestro tutorado, nuestro proceso de comunicaci\u00f3n, si propiciamos el di\u00e1logo, qu\u00e9 tipo de conversaci\u00f3n desarrollamos y en qu\u00e9 la fundamentamos\u201d, dijo el autor.<\/span><span data-ccp-props=\"{&quot;134233279&quot;:true,&quot;201341983&quot;:0,&quot;335559739&quot;:160,&quot;335559740&quot;:240}\">\u00a0<\/span><\/p>\n<p><span data-contrast=\"auto\">En representaci\u00f3n del vicerrector Rub\u00e9n Edel Navarro asisti\u00f3 Claudia Beatriz Enr\u00edquez Hern\u00e1ndez, secretaria Acad\u00e9mica regional, quien expres\u00f3: \u201cEsta conferencia magistral es muy atinada, agradezco a Miguel Rivera su disposici\u00f3n y esta informaci\u00f3n tan importante, no solamente se queda en el \u00c1rea de Humanidades, sino que trasciende a otras\u201d.<\/span><span data-ccp-props=\"{&quot;134233279&quot;:true,&quot;201341983&quot;:0,&quot;335559739&quot;:160,&quot;335559740&quot;:240}\">\u00a0<\/span><\/p>\n<p><span data-contrast=\"auto\">De manera virtual Mar\u00eda del Carmen S\u00e1nchez Zamudio, directora de la Facultad de Pedagog\u00eda, se\u00f1al\u00f3: \u201cIntervenir de manera conjunta en el trabajo tutorial es algo que estamos retomando en la UV. Estas tem\u00e1ticas de la psicolog\u00eda positiva del bienestar y las fortalezas de car\u00e1cter son enriquecedoras para todos y cada uno de los que estamos aqu\u00ed\u201d.<\/span><span data-ccp-props=\"{&quot;134233279&quot;:true,&quot;201341983&quot;:0,&quot;335559739&quot;:160,&quot;335559740&quot;:240}\">\u00a0<\/span><\/p>\n<p><span data-contrast=\"auto\">En el acto tambi\u00e9n estuvieron presentes Martha Castro Montoya, directora de la Unidad de Servicios Bibliotecarios y de Informaci\u00f3n Veracruz; Yolanda Francisca Molohua Gonz\u00e1lez, directora general del \u00c1rea Acad\u00e9mica de Humanidades; Virginia Duarte Mandujano, coordinadora de Desarrollo Acad\u00e9mico e Innovaci\u00f3n regional, y Alejandra Yamel Assad Meza, coordinadora general del Departamento de Apoyo a la Formaci\u00f3n Integral del estudiante UV.<\/span><span data-ccp-props=\"{&quot;134233279&quot;:true,&quot;201341983&quot;:0,&quot;335559739&quot;:160,&quot;335559740&quot;:240}\">\u00a0<\/span><\/p>\n","protected":false},"excerpt":{"rendered":"<p>Miguel Rivera Alvarado, su autor, habl\u00f3 de los beneficios de esta pr\u00e1ctica en el trabajo tutorial <\/p>\n","protected":false},"author":1508,"featured_media":109733,"comment_status":"closed","ping_status":"closed","sticky":false,"template":"","format":"standard","meta":[],"categories":[55],"tags":[],"_links":{"self":[{"href":"https:\/\/www.uv.mx\/prensa\/wp-json\/wp\/v2\/posts\/109732"}],"collection":[{"href":"https:\/\/www.uv.mx\/prensa\/wp-json\/wp\/v2\/posts"}],"about":[{"href":"https:\/\/www.uv.mx\/prensa\/wp-json\/wp\/v2\/types\/post"}],"author":[{"embeddable":true,"href":"https:\/\/www.uv.mx\/prensa\/wp-json\/wp\/v2\/users\/1508"}],"replies":[{"embeddable":true,"href":"https:\/\/www.uv.mx\/prensa\/wp-json\/wp\/v2\/comments?post=109732"}],"version-history":[{"count":1,"href":"https:\/\/www.uv.mx\/prensa\/wp-json\/wp\/v2\/posts\/109732\/revisions"}],"predecessor-version":[{"id":109761,"href":"https:\/\/www.uv.mx\/prensa\/wp-json\/wp\/v2\/posts\/109732\/revisions\/109761"}],"wp:featuredmedia":[{"embeddable":true,"href":"https:\/\/www.uv.mx\/prensa\/wp-json\/wp\/v2\/media\/109733"}],"wp:attachment":[{"href":"https:\/\/www.uv.mx\/prensa\/wp-json\/wp\/v2\/media?parent=109732"}],"wp:term":[{"taxonomy":"category","embeddable":true,"href":"https:\/\/www.uv.mx\/prensa\/wp-json\/wp\/v2\/categories?post=109732"},{"taxonomy":"post_tag","embeddable":true,"href":"https:\/\/www.uv.mx\/prensa\/wp-json\/wp\/v2\/tags?post=109732"}],"curies":[{"name":"wp","href":"https:\/\/api.w.org\/{rel}","templated":true}]}}