{"id":109747,"date":"2022-02-07T23:53:35","date_gmt":"2022-02-08T05:53:35","guid":{"rendered":"https:\/\/www.uv.mx\/prensa\/?p=109747"},"modified":"2022-02-14T18:19:09","modified_gmt":"2022-02-15T00:19:09","slug":"uv-refrendo-su-compromiso-con-la-ciencia-y-la-tecnologia","status":"publish","type":"post","link":"https:\/\/www.uv.mx\/prensa\/ciencia\/uv-refrendo-su-compromiso-con-la-ciencia-y-la-tecnologia\/","title":{"rendered":"UV refrend\u00f3 su compromiso con la ciencia y la tecnolog\u00eda"},"content":{"rendered":"<p><a href=\"https:\/\/www.uv.mx\/prensa\/files\/2022\/02\/UV-COVEICYDET.jpg\" target=\"_blank\" rel=\"noopener\"><img decoding=\"async\" loading=\"lazy\" class=\"aligncenter wp-image-109748 size-large\" src=\"https:\/\/www.uv.mx\/prensa\/files\/2022\/02\/UV-COVEICYDET-1024x1024.jpg\" alt=\"\" width=\"639\" height=\"639\" srcset=\"https:\/\/www.uv.mx\/prensa\/files\/2022\/02\/UV-COVEICYDET-1024x1024.jpg 1024w, https:\/\/www.uv.mx\/prensa\/files\/2022\/02\/UV-COVEICYDET-300x300.jpg 300w, https:\/\/www.uv.mx\/prensa\/files\/2022\/02\/UV-COVEICYDET-150x150.jpg 150w, https:\/\/www.uv.mx\/prensa\/files\/2022\/02\/UV-COVEICYDET-768x768.jpg 768w, https:\/\/www.uv.mx\/prensa\/files\/2022\/02\/UV-COVEICYDET-120x120.jpg 120w, https:\/\/www.uv.mx\/prensa\/files\/2022\/02\/UV-COVEICYDET-360x360.jpg 360w, https:\/\/www.uv.mx\/prensa\/files\/2022\/02\/UV-COVEICYDET.jpg 1200w\" sizes=\"(max-width: 639px) 100vw, 639px\" \/><\/a><\/p>\n","protected":false},"excerpt":{"rendered":"<p>El rector Mart\u00edn Aguilar S\u00e1nchez destac\u00f3 la importancia de estos aspectos para la generaci\u00f3n de nuevos conocimientos y capacidades, que ayuden a atender los problemas de la realidad veracruzana<\/p>\n","protected":false},"author":1508,"featured_media":109750,"comment_status":"closed","ping_status":"closed","sticky":false,"template":"","format":"standard","meta":[],"categories":[45,6596,61,51],"tags":[6237],"_links":{"self":[{"href":"https:\/\/www.uv.mx\/prensa\/wp-json\/wp\/v2\/posts\/109747"}],"collection":[{"href":"https:\/\/www.uv.mx\/prensa\/wp-json\/wp\/v2\/posts"}],"about":[{"href":"https:\/\/www.uv.mx\/prensa\/wp-json\/wp\/v2\/types\/post"}],"author":[{"embeddable":true,"href":"https:\/\/www.uv.mx\/prensa\/wp-json\/wp\/v2\/users\/1508"}],"replies":[{"embeddable":true,"href":"https:\/\/www.uv.mx\/prensa\/wp-json\/wp\/v2\/comments?post=109747"}],"version-history":[{"count":1,"href":"https:\/\/www.uv.mx\/prensa\/wp-json\/wp\/v2\/posts\/109747\/revisions"}],"predecessor-version":[{"id":109749,"href":"https:\/\/www.uv.mx\/prensa\/wp-json\/wp\/v2\/posts\/109747\/revisions\/109749"}],"wp:featuredmedia":[{"embeddable":true,"href":"https:\/\/www.uv.mx\/prensa\/wp-json\/wp\/v2\/media\/109750"}],"wp:attachment":[{"href":"https:\/\/www.uv.mx\/prensa\/wp-json\/wp\/v2\/media?parent=109747"}],"wp:term":[{"taxonomy":"category","embeddable":true,"href":"https:\/\/www.uv.mx\/prensa\/wp-json\/wp\/v2\/categories?post=109747"},{"taxonomy":"post_tag","embeddable":true,"href":"https:\/\/www.uv.mx\/prensa\/wp-json\/wp\/v2\/tags?post=109747"}],"curies":[{"name":"wp","href":"https:\/\/api.w.org\/{rel}","templated":true}]}}