{"id":109755,"date":"2022-02-08T14:29:24","date_gmt":"2022-02-08T20:29:24","guid":{"rendered":"https:\/\/www.uv.mx\/prensa\/?p=109755"},"modified":"2022-02-10T14:45:48","modified_gmt":"2022-02-10T20:45:48","slug":"egresada-de-posgrado-realizo-estudio-en-minera-penasquito-zacatecas","status":"publish","type":"post","link":"https:\/\/www.uv.mx\/prensa\/general\/egresada-de-posgrado-realizo-estudio-en-minera-penasquito-zacatecas\/","title":{"rendered":"Egresada de posgrado realiz\u00f3 estudio en Minera \u201cPe\u00f1asquito\u201d, Zacatecas"},"content":{"rendered":"<ul>\n<li data-leveltext=\"\uf0b7\" data-font=\"Symbol\" data-listid=\"1\" data-aria-posinset=\"1\" data-aria-level=\"1\"><i><span data-contrast=\"auto\">Itzel Alejandra Esparza Ramos estudi\u00f3 la Maestr\u00eda en Ciencias del Ambiente<\/span><\/i><span data-ccp-props=\"{&quot;201341983&quot;:0,&quot;335559739&quot;:160,&quot;335559740&quot;:240}\">\u00a0<\/span><\/li>\n<li data-leveltext=\"\uf0b7\" data-font=\"Symbol\" data-listid=\"1\" data-aria-posinset=\"2\" data-aria-level=\"1\"><i><span data-contrast=\"auto\">Su propuesta metodol\u00f3gica permite identificar el origen de las externalidades ambientales, a trav\u00e9s del an\u00e1lisis de los impactos y medidas de mitigaci\u00f3n<\/span><\/i><span data-ccp-props=\"{&quot;201341983&quot;:0,&quot;335559739&quot;:160,&quot;335559740&quot;:240}\">\u00a0<\/span><\/li>\n<\/ul>\n<p><span data-ccp-props=\"{&quot;134233279&quot;:true,&quot;201341983&quot;:0,&quot;335559739&quot;:160,&quot;335559740&quot;:240}\">\u00a0<\/span><\/p>\n<div id=\"attachment_109763\" style=\"width: 732px\" class=\"wp-caption aligncenter\"><a href=\"https:\/\/www.uv.mx\/prensa\/general\/egresada-de-posgrado-realizo-estudio-en-minera-penasquito-zacatecas\/attachment\/080222-egresada-uv-100k\/\" rel=\"attachment wp-att-109763\"><img aria-describedby=\"caption-attachment-109763\" decoding=\"async\" loading=\"lazy\" class=\"size-full wp-image-109763\" src=\"https:\/\/www.uv.mx\/prensa\/files\/2022\/02\/080222-egresada-UV-100k.jpg\" alt=\"Itzel Alejandra Esparza Ramos \" width=\"722\" height=\"532\" srcset=\"https:\/\/www.uv.mx\/prensa\/files\/2022\/02\/080222-egresada-UV-100k.jpg 722w, https:\/\/www.uv.mx\/prensa\/files\/2022\/02\/080222-egresada-UV-100k-300x221.jpg 300w\" sizes=\"(max-width: 722px) 100vw, 722px\" \/><\/a><p id=\"caption-attachment-109763\" class=\"wp-caption-text\">Itzel Alejandra Esparza Ramos<\/p><\/div>\n<p>&nbsp;<\/p>\n<p><b><i><span data-contrast=\"auto\">Alma Celia San Mart\u00edn Cruz<\/span><\/i><\/b><span data-ccp-props=\"{&quot;134233279&quot;:true,&quot;201341983&quot;:0,&quot;335559739&quot;:160,&quot;335559740&quot;:240}\">\u00a0<\/span><\/p>\n<p><b><i><span data-contrast=\"auto\">08\/02\/2022, Tuxpan, Ver.-<\/span><\/i><\/b><span data-contrast=\"auto\"> Itzel Alejandra Esparza Ramos, egresada de la<a href=\"https:\/\/www.uv.mx\/pozarica\/mca\/\" target=\"_blank\" rel=\"noopener\"> Maestr\u00eda en Ciencias del Ambiente<\/a> de la Universidad Veracruzana (UV), realiz\u00f3 la investigaci\u00f3n \u201c<\/span><span data-contrast=\"auto\">Externalidades ambientales (EA) generadas por la Unidad Minera \u2018Pe\u00f1asquito\u2019 de Mazapil, Zacatecas, M\u00e9xico\u201d, para titularse de ese programa educativo (PE).<\/span><span data-ccp-props=\"{&quot;134233279&quot;:true,&quot;201341983&quot;:0,&quot;335559739&quot;:160,&quot;335559740&quot;:240}\">\u00a0<\/span><\/p>\n<p><span data-contrast=\"auto\">Esparza Ramos mencion\u00f3 que las EA son un conjunto de impactos negativos que afectan o pueden afectar variables econ\u00f3micas, sociales y ambientales, de manera local, regional o global, a corto, mediano y largo plazo.<\/span><span data-ccp-props=\"{&quot;134233279&quot;:true,&quot;201341983&quot;:0,&quot;335559731&quot;:720,&quot;335559739&quot;:160,&quot;335559740&quot;:240}\">\u00a0<\/span><\/p>\n<p><span data-contrast=\"auto\">\u201cOcurren cuando los impactos ambientales (IA) generados por una obra o actividad no han sido previstos, identificados adecuadamente, mitigados y\/o no se cumple con el marco regulatorio en materia ambiental.\u201d<\/span><span data-ccp-props=\"{&quot;134233279&quot;:true,&quot;201341983&quot;:0,&quot;335559731&quot;:720,&quot;335559739&quot;:160,&quot;335559740&quot;:240}\">\u00a0<\/span><\/p>\n<p><span data-contrast=\"auto\">Pueden representarse a trav\u00e9s de la fragmentaci\u00f3n del paisaje, efectos en la salud humana, modificaci\u00f3n en los acu\u00edferos y cuerpos de agua superficiales, cambios en la calidad del aire, agua y suelo, erosi\u00f3n, calentamiento global, p\u00e9rdida de biodiversidad y degradaci\u00f3n del h\u00e1bitat. De ah\u00ed la importancia de estudiar su generaci\u00f3n.\u00a0<\/span><span data-ccp-props=\"{&quot;134233279&quot;:true,&quot;201341983&quot;:0,&quot;335559731&quot;:720,&quot;335559739&quot;:160,&quot;335559740&quot;:240}\">\u00a0<\/span><\/p>\n<p><span data-contrast=\"auto\">Coment\u00f3 que las metodolog\u00edas existentes sobre evaluaci\u00f3n de EA han estado enfocadas en determinar cu\u00e1nto cuestan econ\u00f3micamente, dejando a un lado c\u00f3mo se originan. Por ello, se ha realizado una propuesta metodol\u00f3gica que permita identificar su origen, a trav\u00e9s del an\u00e1lisis de los IA y medidas de mitigaci\u00f3n, usando como principal herramienta las manifestaciones de IA y el marco legal.<\/span><span data-ccp-props=\"{&quot;134233279&quot;:true,&quot;201341983&quot;:0,&quot;335559731&quot;:720,&quot;335559739&quot;:160,&quot;335559740&quot;:240}\">\u00a0<\/span><\/p>\n<p><span data-contrast=\"auto\">A trav\u00e9s de la aplicaci\u00f3n metodol\u00f3gica al estudio de caso se realiz\u00f3 el an\u00e1lisis de cambio de las variables uso de suelo y cobertura vegetal e hidrolog\u00eda subterr\u00e1nea. A partir de ello, se determin\u00f3 que la generaci\u00f3n de EA proviene principalmente del incorrecto dise\u00f1o de las medidas de mitigaci\u00f3n, la falta de an\u00e1lisis y criterio en la identificaci\u00f3n de los IA, as\u00ed como de la discrepancia en la aplicaci\u00f3n de la legislaci\u00f3n y otros instrumentos regulatorios.<\/span><span data-ccp-props=\"{&quot;134233279&quot;:true,&quot;201341983&quot;:0,&quot;335559731&quot;:720,&quot;335559739&quot;:160,&quot;335559740&quot;:240}\">\u00a0<\/span><\/p>\n<p><span data-contrast=\"auto\">Te\u00f3ricamente la generaci\u00f3n de las EA negativas tendr\u00eda que ser nula cuando los instrumentos de gesti\u00f3n, como el estudio de IA, se aplican correctamente. Por lo anterior, se concluye que no hay una ejecuci\u00f3n integral de los instrumentos regulatorios en materia ambiental y su marco legal, lo que genera que los impactos primarios ambientales no sean mitigados adecuadamente y \u00e9stos se desencadenen en impactos secundarios, que posteriormente se presentan como EA.<\/span><span data-ccp-props=\"{&quot;134233279&quot;:true,&quot;201341983&quot;:0,&quot;335559731&quot;:720,&quot;335559739&quot;:160,&quot;335559740&quot;:240}\">\u00a0<\/span><\/p>\n<p><span data-contrast=\"auto\">Aunque la metodolog\u00eda propuesta se dise\u00f1\u00f3 para una minera, puede ser aplicada a cualquier giro industrial. Para ello, se debe contar con las manifestaciones de los IA base, para identificarlos antes del desarrollo de cualquier proyecto. Los impactos y medidas de mitigaci\u00f3n deben ser identificados de acuerdo con las variables de inter\u00e9s y su medio de verificaci\u00f3n (fuentes que proporcionan informaci\u00f3n para medir indicadores), que podr\u00e1 ser simple o complejo, dependiendo de los alcances de la empresa o proyecto que desee aplicar la metodolog\u00eda.\u00a0<\/span><span data-ccp-props=\"{&quot;134233279&quot;:true,&quot;201341983&quot;:0,&quot;335559731&quot;:720,&quot;335559739&quot;:160,&quot;335559740&quot;:240}\">\u00a0<\/span><\/p>\n<p><span data-contrast=\"auto\">Esta aportaci\u00f3n permitir\u00e1, a las empresas y proyectos interesados en aplicarla, identificar el origen de la generaci\u00f3n de sus EA, ayudando a mejorar sus acciones y estrategias de mitigaci\u00f3n, y as\u00ed prevenir los costos por su internalizaci\u00f3n y posibles da\u00f1os al ambiente.<\/span><span data-ccp-props=\"{&quot;134233279&quot;:true,&quot;201341983&quot;:0,&quot;335559731&quot;:720,&quot;335559739&quot;:160,&quot;335559740&quot;:240}\">\u00a0<\/span><\/p>\n","protected":false},"excerpt":{"rendered":"<p>La propuesta desarrollada por la universitaria permitir\u00e1 a las empresas y proyectos prevenir posibles da\u00f1os al ambiente <\/p>\n","protected":false},"author":1775,"featured_media":109764,"comment_status":"closed","ping_status":"closed","sticky":false,"template":"","format":"standard","meta":[],"categories":[1],"tags":[4339,80,6579,5397,507,1296],"_links":{"self":[{"href":"https:\/\/www.uv.mx\/prensa\/wp-json\/wp\/v2\/posts\/109755"}],"collection":[{"href":"https:\/\/www.uv.mx\/prensa\/wp-json\/wp\/v2\/posts"}],"about":[{"href":"https:\/\/www.uv.mx\/prensa\/wp-json\/wp\/v2\/types\/post"}],"author":[{"embeddable":true,"href":"https:\/\/www.uv.mx\/prensa\/wp-json\/wp\/v2\/users\/1775"}],"replies":[{"embeddable":true,"href":"https:\/\/www.uv.mx\/prensa\/wp-json\/wp\/v2\/comments?post=109755"}],"version-history":[{"count":1,"href":"https:\/\/www.uv.mx\/prensa\/wp-json\/wp\/v2\/posts\/109755\/revisions"}],"predecessor-version":[{"id":109900,"href":"https:\/\/www.uv.mx\/prensa\/wp-json\/wp\/v2\/posts\/109755\/revisions\/109900"}],"wp:featuredmedia":[{"embeddable":true,"href":"https:\/\/www.uv.mx\/prensa\/wp-json\/wp\/v2\/media\/109764"}],"wp:attachment":[{"href":"https:\/\/www.uv.mx\/prensa\/wp-json\/wp\/v2\/media?parent=109755"}],"wp:term":[{"taxonomy":"category","embeddable":true,"href":"https:\/\/www.uv.mx\/prensa\/wp-json\/wp\/v2\/categories?post=109755"},{"taxonomy":"post_tag","embeddable":true,"href":"https:\/\/www.uv.mx\/prensa\/wp-json\/wp\/v2\/tags?post=109755"}],"curies":[{"name":"wp","href":"https:\/\/api.w.org\/{rel}","templated":true}]}}