{"id":109990,"date":"2022-02-11T13:26:42","date_gmt":"2022-02-11T19:26:42","guid":{"rendered":"https:\/\/www.uv.mx\/prensa\/?p=109990"},"modified":"2022-02-14T13:38:52","modified_gmt":"2022-02-14T19:38:52","slug":"galeria-ramon-alva-de-la-canal-exhibe-obra-de-arturo-rodriguez-doring","status":"publish","type":"post","link":"https:\/\/www.uv.mx\/prensa\/cultura\/galeria-ramon-alva-de-la-canal-exhibe-obra-de-arturo-rodriguez-doring\/","title":{"rendered":"Galer\u00eda Ram\u00f3n Alva de la Canal exhibe obra de Arturo Rodr\u00edguez D\u00f6ring"},"content":{"rendered":"<ul>\n<li data-leveltext=\"\uf0b7\" data-font=\"Symbol\" data-listid=\"1\" data-aria-posinset=\"1\" data-aria-level=\"1\"><i><span data-contrast=\"auto\">Son 25 relieves mayas y algunas p\u00e1ginas del C\u00f3dice Rojo, que desde el pasado 26 de enero y hasta el 20 de febrero<\/span><\/i><i><span data-contrast=\"auto\"> permanecer\u00e1n en este recinto de la UV<\/span><\/i><span data-ccp-props=\"{&quot;201341983&quot;:0,&quot;335559739&quot;:160,&quot;335559740&quot;:240}\">\u00a0<\/span><\/li>\n<\/ul>\n<p>&nbsp;<\/p>\n<div id=\"attachment_109994\" style=\"width: 732px\" class=\"wp-caption aligncenter\"><img aria-describedby=\"caption-attachment-109994\" decoding=\"async\" loading=\"lazy\" class=\"size-full wp-image-109994\" src=\"https:\/\/www.uv.mx\/prensa\/files\/2022\/02\/110222-Exposicion-RAC-1.jpg\" alt=\"\" width=\"722\" height=\"481\" srcset=\"https:\/\/www.uv.mx\/prensa\/files\/2022\/02\/110222-Exposicion-RAC-1.jpg 722w, https:\/\/www.uv.mx\/prensa\/files\/2022\/02\/110222-Exposicion-RAC-1-300x200.jpg 300w\" sizes=\"(max-width: 722px) 100vw, 722px\" \/><p id=\"caption-attachment-109994\" class=\"wp-caption-text\">Aspecto de <i><span data-contrast=\"auto\">25 relieves mayas y algunas p\u00e1ginas del C\u00f3dice Rojo<\/span><\/i><\/p><\/div>\n<p>&nbsp;<\/p>\n<p><b><i>Carlos-Blas Galindo<\/i><\/b><\/p>\n<p><b><i><span data-contrast=\"auto\">11\/02\/2022, Xalapa, Ver<\/span><\/i><\/b><b><i><span data-contrast=\"auto\">.-<\/span><\/i><\/b><span data-contrast=\"auto\"> Las 36 obras recientes (realizadas entre 2019 y 2021) que integran la exposici\u00f3n individual <\/span><i><span data-contrast=\"auto\">25 relieves mayas y algunas p\u00e1ginas del C\u00f3dice Rojo<\/span><\/i><span data-contrast=\"auto\"> que desde el pasado 26 de enero y hasta el 20 de febrero Arturo Rodr\u00edguez D\u00f6ring presenta en la <a href=\"https:\/\/www.uv.mx\/galeriarac\/\" target=\"_blank\" rel=\"noopener\">Galer\u00eda Ram\u00f3n Alva de la Canal<\/a>, de la Universidad Veracruzana<\/span><span data-contrast=\"auto\"> (UV)<\/span><span data-contrast=\"auto\">, resultan de una extrema complejidad, lo cual obliga a transitar en su lectura del an\u00e1lisis a la s\u00edntesis y de \u00e9sta al primero.<\/span><span data-ccp-props=\"{&quot;201341983&quot;:0,&quot;335559739&quot;:160,&quot;335559740&quot;:240}\">\u00a0<\/span><\/p>\n<p><span data-contrast=\"auto\">Dicha cualidad deriva entre otras cosas del hecho de que si, por una parte, el artista se asume con su obra como continuador de aquella tradici\u00f3n pict\u00f3rica occidental que est\u00e1 basada en la aplicaci\u00f3n de la teor\u00eda del color que tiene su antecedente m\u00e1s intenso en la producci\u00f3n neo-impresionista, y que pese a ello este autor retoma del Romanticismo, por otra parte este mismo conjunto de obras constituye un claro ejemplo de arte decolonial; esto es, del que es opuesto al colonialismo de Occidente. Lo que sucede en el caso de <\/span><i><span data-contrast=\"auto\">25 relieves mayas\u2026 <\/span><\/i><span data-contrast=\"auto\">es que las pinturas que conforman esta muestra son soluciones en im\u00e1genes de pares de opuestos \u2212como los mencionados\u2212 y hasta de triadas de conceptos que \u00e9l yuxtapone y, en otros casos, contrapone.<\/span><span data-ccp-props=\"{&quot;201341983&quot;:0,&quot;335559731&quot;:708,&quot;335559739&quot;:160,&quot;335559740&quot;:240}\">\u00a0<\/span><\/p>\n<p><span data-contrast=\"auto\">La exposici\u00f3n <\/span><i><span data-contrast=\"auto\">25 relieves mayas\u2026<\/span><\/i><span data-contrast=\"auto\"> est\u00e1 integrada por 25 pinturas al \u00f3leo sobre telas bordadas y adheridas a soportes r\u00edgidos de madera. Las telas en cuesti\u00f3n son falsificaciones \u2212seguramente provenientes de la industria china\u2212 de tejidos tradicionales mayas que las personas pobladoras de Guatemala ofrecen en venta al turismo local y extranjero y, solo en alg\u00fan caso, se trata de una tela artesanal aut\u00e9ntica. Estos textiles est\u00e1n adheridos a madera e imprimados de manera que permanezcan visibles los relieves de sus tramas y, por ende, de sus dise\u00f1os (que constituyen comunicaciones visuales).\u00a0<\/span><span data-ccp-props=\"{&quot;201341983&quot;:0,&quot;335559731&quot;:708,&quot;335559739&quot;:160,&quot;335559740&quot;:240}\">\u00a0<\/span><\/p>\n<p><span data-contrast=\"auto\">En 16 de estas pinturas Rodr\u00edguez D\u00f6ring representa, al fondo, el volc\u00e1n San Pedro y el celaje; hacia el frente, las aguas del lago adyacente al volc\u00e1n visto desde la poblaci\u00f3n guatemalteca llamada Panajachel y, en primer\u00edsimo plano (pintado con el mismo esmero y detalle que el resto de cada cuadro), alguno de los muchos objetos encontrados por \u00e9l en los muelles y en el malec\u00f3n del lago y que son parte de la basura que abandonan quienes, sobre todo durante los fines de semana, visitan como turistas ese lugar<\/span><span data-contrast=\"auto\">1<\/span><span data-contrast=\"auto\">.\u00a0<\/span><span data-ccp-props=\"{&quot;201341983&quot;:0,&quot;335559731&quot;:708,&quot;335559739&quot;:160,&quot;335559740&quot;:240}\">\u00a0<\/span><\/p>\n<p><span data-contrast=\"auto\">Ocho pinturas tienen como elemento principal la representaci\u00f3n de alguna estela de la Cultura Maya o alg\u00fan detalle de estos monumentos y, adem\u00e1s, la reproducci\u00f3n de una etiqueta que identifica la proveniencia de pl\u00e1tanos de las plantaciones de la United Fruit Company. Las p\u00e1ginas del <\/span><i><span data-contrast=\"auto\">C\u00f3dice Rojo<\/span><\/i><span data-contrast=\"auto\"> a las que se refiere el t\u00edtulo de esta individual son pinturas en acr\u00edlico sobre papel amate<\/span><span data-contrast=\"auto\">2<\/span><span data-contrast=\"auto\">, en las que este artista trabaja elementos que provienen de nuestro pasado mesoamericano.<\/span><span data-ccp-props=\"{&quot;201341983&quot;:0,&quot;335559731&quot;:708,&quot;335559739&quot;:160,&quot;335559740&quot;:240}\">\u00a0<\/span><\/p>\n<p><span data-contrast=\"auto\">La innegable elocuencia que caracteriza a las pinturas que ahora expone Rodr\u00edguez D\u00f6ring deriva de la capacidad de este artista para asombrar, impactar, sorprender y, con mucho, intrigar e incluso agredir a los p\u00fablicos. Sus pinturas causan azoro como consecuencia de la h\u00e1bil combinaci\u00f3n que \u00e9l consigue, a manera de un entramado contrapunt\u00edstico, de los recursos expresivos que utiliza \u2212sean \u00e9stos convergentes o antag\u00f3nicos\u2212 y los asuntos que aborda, tales como lo trivial (la representaci\u00f3n de basura, que a final de cuentas cobra una gran importancia), lo sublime (el paisaje lacustre y monta\u00f1oso) y lo precario (el riesgo ecol\u00f3gico que implica la contaminaci\u00f3n por basura para el entorno natural). O bien como lo t\u00edpico (la venta de artesan\u00edas o falsas artesan\u00edas por parte de la poblaci\u00f3n ind\u00edgena de la regi\u00f3n que otrora constituyera Mesoam\u00e9rica), lo placentero (el turismo en zonas arqueol\u00f3gicas) y lo nefasto (la violencia estructural contra quienes son descendientes de nuestra poblaci\u00f3n originaria, con \u00e9nfasis en la explotaci\u00f3n inherente al cultivo de pl\u00e1tano en beneficio de empresas estadunidenses). O lo ins\u00f3lito (la representaci\u00f3n de un ejemplo de basura en primer plano y, al fondo, un lago, una monta\u00f1a y el cielo), lo grotesco (el que el turismo constituya la principal fuente de ingresos para quienes son ind\u00edgenas y que ese turismo contamine con basura) y lo dram\u00e1tico (que haya quienes contin\u00faan ofendiendo a muchos pa\u00edses de Nuestra Am\u00e9rica con el t\u00e9rmino de \u201crep\u00fablicas bananeras\u201d). O, para el caso de las estelas de la Cultura Maya y la infame presencia de la United Fruit Company, el par de categor\u00edas de lo perdurable y lo brutal; y para el de los desechos y el paisaje, lo estable y lo fr\u00e1gil.<\/span><span data-ccp-props=\"{&quot;201341983&quot;:0,&quot;335559731&quot;:708,&quot;335559739&quot;:160,&quot;335559740&quot;:240}\">\u00a0<\/span><\/p>\n<p>&nbsp;<\/p>\n<div id=\"attachment_109993\" style=\"width: 732px\" class=\"wp-caption aligncenter\"><img aria-describedby=\"caption-attachment-109993\" decoding=\"async\" loading=\"lazy\" class=\"size-full wp-image-109993\" src=\"https:\/\/www.uv.mx\/prensa\/files\/2022\/02\/110222-Exposicion-RAC-2.jpg\" alt=\"\" width=\"722\" height=\"481\" srcset=\"https:\/\/www.uv.mx\/prensa\/files\/2022\/02\/110222-Exposicion-RAC-2.jpg 722w, https:\/\/www.uv.mx\/prensa\/files\/2022\/02\/110222-Exposicion-RAC-2-300x200.jpg 300w\" sizes=\"(max-width: 722px) 100vw, 722px\" \/><p id=\"caption-attachment-109993\" class=\"wp-caption-text\"><span data-contrast=\"auto\">La exposici\u00f3n estar\u00e1 abierta hasta el 20 de febrero<\/span><\/p><\/div>\n<p>&nbsp;<\/p>\n<p><span data-contrast=\"auto\">Am\u00e9n de la funci\u00f3n tem\u00e1tica que les asigna a sus opciones expresivas y a la funci\u00f3n expresiva o est\u00e9tica que establece para sus temas, Rodr\u00edguez D\u00f6ring aborda otros asuntos en forma simult\u00e1nea y entreverada. En varios de entre \u00e9stos les confiere, a elementos t\u00e9cnicos y formales (esto es, a los espec\u00edficamente art\u00edsticos), funciones de contenido. As\u00ed, el color mismo deviene tema al protagonizar las escenas pintadas a consecuencia de la refracci\u00f3n de la luz blanca al interactuar con el aire, las nubes, la vegetaci\u00f3n, la geograf\u00eda, el agua, los objetos, los animales o las personas, lo cual genera cambios crom\u00e1ticos con base en la \u00e9poca del a\u00f1o, la hora o el clima, entre otras variantes.\u00a0<\/span><span data-ccp-props=\"{&quot;201341983&quot;:0,&quot;335559731&quot;:708,&quot;335559739&quot;:160,&quot;335559740&quot;:240}\">\u00a0<\/span><\/p>\n<p><span data-contrast=\"auto\">Es por lo anterior que este artista pinta el volc\u00e1n San Pedro diferente en cada cuadro, pese a que el encuadre de la escena sea el mismo, y es por esta misma raz\u00f3n por la que seleccion\u00f3, con base en las armon\u00edas de color, cu\u00e1l ejemplo de basura retratar en cada caso. Inclusive, hay otro componente de lo art\u00edstico que, en esta exposici\u00f3n, cumple con un papel tem\u00e1tico: el de la vigencia del quehacer pict\u00f3rico en el contexto del arte contempor\u00e1neo, mismo que \u00e9l apuntala con elevada solvencia. Un tema relevante en este conjunto de obras es el que deriva de la presencia, oculta por la imprimatura, de los dise\u00f1os textiles de los soportes de las pinturas de este autor. Se trata de elementos formales que tienen prop\u00f3sitos comunicativos y que, pese a que no todas las personas occidentalizadas y colonizadas somos capaces de leer, subsisten hasta la actualidad y permanecen ah\u00ed, subyacentes, pero sobre todo latentes. Rodr\u00edguez D\u00f6ring subraya la tem\u00e1tica de la persistencia de los saberes ancestrales en su <\/span><i><span data-contrast=\"auto\">C\u00f3dice Rojo<\/span><\/i><span data-contrast=\"auto\">.<\/span><span data-ccp-props=\"{&quot;201341983&quot;:0,&quot;335559731&quot;:708,&quot;335559739&quot;:160,&quot;335559740&quot;:240}\">\u00a0<\/span><\/p>\n<p><span data-contrast=\"auto\">Este autor enfoca los contenidos de sus obras con profundidad y de una manera sumamente provocativa. Lo hace desde una posici\u00f3n de integridad como profesional de las artes y con algo de desasosiego. Los tratamientos a los asuntos que aborda son precisos, persuasivos y (otra vez un par de opuestos complementarios), con una pertinente combinaci\u00f3n de ludismo y severidad. A juzgar por esta exposici\u00f3n con obras de su autor\u00eda, para Arturo Rodr\u00edguez D\u00f6ring la utilidad de su quehacer como artista es la de participar en el cambio de los paradigmas dominantes en el campo cultural.\u00a0<\/span><span data-ccp-props=\"{&quot;201341983&quot;:0,&quot;335559731&quot;:708,&quot;335559739&quot;:160,&quot;335559740&quot;:240}\">\u00a0<\/span><\/p>\n<p><span data-contrast=\"auto\">Es por eso que sus pinturas sobre telas bordadas e imprimadas y sobre papel amate apuntan a lo decolonial, tambi\u00e9n a una soluci\u00f3n entre expansi\u00f3n del arte y artecentrismo (lo segundo, por sus alusiones a la tradici\u00f3n occidental), a la utilidad social, a los procesos de sanaci\u00f3n, a lo heterogeneizante, a lo solidario, a la no subalternidad (de ah\u00ed que se asuma como continuador de vertientes de la pintura de Occidente en cuanto a la aplicaci\u00f3n de la teor\u00eda del color), a un nuevo utopismo, a la irreverencia, a cierto artivismo y a lo comunitario, todo lo cual resulta contracultural. Es decir que, para \u00e9l, la utilidad del arte del presente es la de cimentar un arte por venir; un arte otro que es tan posible como urgente. Y eso es reconfortante en tiempo del predominio postvanguardista que tiene vigencia desde los 80 del siglo pasado.<\/span><span data-ccp-props=\"{&quot;201341983&quot;:0,&quot;335559731&quot;:708,&quot;335559739&quot;:160,&quot;335559740&quot;:240}\">\u00a0<\/span><\/p>\n<p>&nbsp;<\/p>\n<div id=\"attachment_109992\" style=\"width: 732px\" class=\"wp-caption aligncenter\"><a href=\"https:\/\/www.uv.mx\/prensa\/files\/2022\/02\/110222-Exposicion-RAC-3-e1644607578675.jpg\" target=\"_blank\" rel=\"noopener\"><img aria-describedby=\"caption-attachment-109992\" decoding=\"async\" loading=\"lazy\" class=\"wp-image-109992\" src=\"https:\/\/www.uv.mx\/prensa\/files\/2022\/02\/110222-Exposicion-RAC-3.jpg\" alt=\"\" width=\"722\" height=\"917\" \/><\/a><p id=\"caption-attachment-109992\" class=\"wp-caption-text\"><span data-contrast=\"auto\">Este autor enfoca los contenidos de sus obras con profundidad<\/span><\/p><\/div>\n<p>&nbsp;<\/p>\n<p><span data-contrast=\"auto\">En la actitud con la que acomete sus obras se advierte un decidido compromiso con la transformaci\u00f3n de la realidad tangible y no solo de la art\u00edstica. Adem\u00e1s, en este rubro se detecta otra dupla: procede con optimismo y, a la vez, con objetividad. Sus pareceres sobre el contexto del presente son de rebeld\u00eda, testimoniales, vitales y humanistas. En lo que concierne a la eficacia que consigue para la comunicaci\u00f3n de sus contenidos cabe resaltar que, debido a la citada complejidad que sus obras presentan, \u00e9stas resultan algo enigm\u00e1ticas para algunos sectores de los p\u00fablicos no especializados. En las pinturas que ahora muestra evidencia su inter\u00e9s por generar evocaciones, as\u00ed como procesos de asociaci\u00f3n. Por otra parte, el hecho de que sus contenidos no resulten expl\u00edcitos en una primera lectura es algo que propicia la ampliaci\u00f3n de las opciones interpretativas entre las personas que somos las destinatarias del resultado de su labor.<\/span><span data-ccp-props=\"{&quot;201341983&quot;:0,&quot;335559731&quot;:708,&quot;335559739&quot;:160,&quot;335559740&quot;:240}\">\u00a0<\/span><\/p>\n<p><span data-contrast=\"auto\">Con referencia a lo espec\u00edficamente art\u00edstico, am\u00e9n de lo ya mencionado con relaci\u00f3n a las funciones tem\u00e1ticas que les concede a algunos importantes componentes de este rubro, cabe reconocer que Rodr\u00edguez D\u00f6ring cuenta con un lenguaje individual consolidado, el cual descansa en constantes sobre todo crom\u00e1ticas.<\/span><span data-ccp-props=\"{&quot;201341983&quot;:0,&quot;335559739&quot;:160,&quot;335559740&quot;:240}\">\u00a0<\/span><\/p>\n<p><span data-contrast=\"auto\">Las series que ahora muestra constituyen un evidente avance en el desarrollo de sus planteamientos, y cabe afirmar que su trabajo es tan decidido como atrevido. La aplicaci\u00f3n de un m\u00e9todo heur\u00edstico al momento de resolver sus obras lo conduce a la innovaci\u00f3n y al aporte a la cultura art\u00edstica. Si en sus \u00f3leos con paisajes y representaciones de basura puede realizar mezclas crom\u00e1ticas sobre las superficies pict\u00f3ricas, en los que alude a estelas construye sus im\u00e1genes mediante pinceladas superpuestas y contiguas, en tanto que en su <\/span><i><span data-contrast=\"auto\">C\u00f3dice<\/span><\/i><span data-contrast=\"auto\"> destacan los trazos largos combinados con pinceladas cortas, as\u00ed como los escurrimientos y el aprovechamiento de las caracter\u00edsticas del soporte como \u201cfondo de ninguna parte\u201d. Este artista aplica el amplio repertorio t\u00e9cnico mencionado con indudable osad\u00eda.\u00a0<\/span><span data-ccp-props=\"{&quot;201341983&quot;:0,&quot;335559731&quot;:708,&quot;335559739&quot;:160,&quot;335559740&quot;:240}\">\u00a0<\/span><\/p>\n<p><span data-contrast=\"auto\">Rodr\u00edguez D\u00f6ring consigue altos rangos de calidad de factura como consecuencia directa del manejo diestro, decidido y audaz que hace tanto de su acervo t\u00e9cnico como de los procesos de producci\u00f3n que utiliza a lo que hay que agregar, para el caso de su actual exposici\u00f3n en la Galer\u00eda Ram\u00f3n Alva de la Canal, un formidable enmarcado.\u00a0<\/span><span data-ccp-props=\"{&quot;201341983&quot;:0,&quot;335559731&quot;:708,&quot;335559739&quot;:160,&quot;335559740&quot;:240}\">\u00a0<\/span><\/p>\n<p><span data-contrast=\"auto\">En contraste con la extrema complejidad de los rubros est\u00e9tico y tem\u00e1tico hasta ahora referidos, para sus soluciones compositivas este autor elude las tensiones y recurre, en cambio, a la simetr\u00eda axial (la cual, en el caso de su <\/span><i><span data-contrast=\"auto\">C\u00f3dice<\/span><\/i><span data-contrast=\"auto\"> remite a la etapa post pop<\/span><span data-contrast=\"auto\">3<\/span><span data-contrast=\"auto\"> de su obra, durante la cual pintaba sobre soportes manufacturados con tela plastificada que se utiliza para confeccionar manteles para fondas y mercados), as\u00ed como a la compensaci\u00f3n de pesos visuales. Su filiaci\u00f3n voluntaria a un l\u00e9xico colectivo emergente que practican quienes, como \u00e9l, buscan establecer un arte del futuro inmediato que sea opuesto al del <\/span><i><span data-contrast=\"auto\">mainstream<\/span><\/i><span data-contrast=\"auto\"> actual deriva de su rigor autocr\u00edtico como artista. La suya es una obra acertada, a la vez que trascendente.<\/span><span data-ccp-props=\"{&quot;201341983&quot;:0,&quot;335559731&quot;:708,&quot;335559739&quot;:160,&quot;335559740&quot;:240}\">\u00a0<\/span><\/p>\n<p>&nbsp;<\/p>\n","protected":false},"excerpt":{"rendered":"<p>Las 36 obras recientes que integran la exposici\u00f3n individual <em>25 relieves mayas y algunas p\u00e1ginas del C\u00f3dice Rojo<\/em> son de una extrema complejidad: Carlos-Blas Galindo <\/p>\n","protected":false},"author":1508,"featured_media":109994,"comment_status":"closed","ping_status":"closed","sticky":false,"template":"","format":"standard","meta":[],"categories":[11],"tags":[],"_links":{"self":[{"href":"https:\/\/www.uv.mx\/prensa\/wp-json\/wp\/v2\/posts\/109990"}],"collection":[{"href":"https:\/\/www.uv.mx\/prensa\/wp-json\/wp\/v2\/posts"}],"about":[{"href":"https:\/\/www.uv.mx\/prensa\/wp-json\/wp\/v2\/types\/post"}],"author":[{"embeddable":true,"href":"https:\/\/www.uv.mx\/prensa\/wp-json\/wp\/v2\/users\/1508"}],"replies":[{"embeddable":true,"href":"https:\/\/www.uv.mx\/prensa\/wp-json\/wp\/v2\/comments?post=109990"}],"version-history":[{"count":1,"href":"https:\/\/www.uv.mx\/prensa\/wp-json\/wp\/v2\/posts\/109990\/revisions"}],"predecessor-version":[{"id":110057,"href":"https:\/\/www.uv.mx\/prensa\/wp-json\/wp\/v2\/posts\/109990\/revisions\/110057"}],"wp:featuredmedia":[{"embeddable":true,"href":"https:\/\/www.uv.mx\/prensa\/wp-json\/wp\/v2\/media\/109994"}],"wp:attachment":[{"href":"https:\/\/www.uv.mx\/prensa\/wp-json\/wp\/v2\/media?parent=109990"}],"wp:term":[{"taxonomy":"category","embeddable":true,"href":"https:\/\/www.uv.mx\/prensa\/wp-json\/wp\/v2\/categories?post=109990"},{"taxonomy":"post_tag","embeddable":true,"href":"https:\/\/www.uv.mx\/prensa\/wp-json\/wp\/v2\/tags?post=109990"}],"curies":[{"name":"wp","href":"https:\/\/api.w.org\/{rel}","templated":true}]}}