{"id":110069,"date":"2022-02-14T14:38:25","date_gmt":"2022-02-14T20:38:25","guid":{"rendered":"https:\/\/www.uv.mx\/prensa\/?p=110069"},"modified":"2022-02-15T11:00:29","modified_gmt":"2022-02-15T17:00:29","slug":"con-concierto-recordaran-a-natalia-valderrama","status":"publish","type":"post","link":"https:\/\/www.uv.mx\/prensa\/cultura\/con-concierto-recordaran-a-natalia-valderrama\/","title":{"rendered":"Con concierto, recordar\u00e1n a Natalia Valderrama"},"content":{"rendered":"<ul>\n<li data-leveltext=\"\uf0b7\" data-font=\"Symbol\" data-listid=\"1\" data-aria-posinset=\"1\" data-aria-level=\"1\"><i><span data-contrast=\"auto\">Su piano fue donado a la Casa de Cultura de Coatepec, por ello amistades y disc\u00edpulos dar\u00e1n un concierto para celebrar el arribo del instrumento a su nueva sede<\/span><\/i><span data-ccp-props=\"{&quot;201341983&quot;:0,&quot;335559739&quot;:160,&quot;335559740&quot;:240}\">\u00a0<\/span><\/li>\n<\/ul>\n<p>&nbsp;<\/p>\n<div id=\"attachment_68077\" style=\"width: 732px\" class=\"wp-caption aligncenter\"><img aria-describedby=\"caption-attachment-68077\" decoding=\"async\" loading=\"lazy\" class=\"size-full wp-image-68077\" src=\"https:\/\/www.uv.mx\/prensa\/files\/2019\/05\/170519-NATALIA-VALDERRAMA-1.jpg\" alt=\"\" width=\"722\" height=\"482\" srcset=\"https:\/\/www.uv.mx\/prensa\/files\/2019\/05\/170519-NATALIA-VALDERRAMA-1.jpg 722w, https:\/\/www.uv.mx\/prensa\/files\/2019\/05\/170519-NATALIA-VALDERRAMA-1-300x200.jpg 300w\" sizes=\"(max-width: 722px) 100vw, 722px\" \/><p id=\"caption-attachment-68077\" class=\"wp-caption-text\"><span class=\"TextRun SCXW5732876 BCX4\" lang=\"ES-MX\" xml:lang=\"ES-MX\" data-contrast=\"auto\"><span class=\"NormalTextRun SCXW5732876 BCX4\">La destacada trayectoria de<\/span><\/span> <span class=\"TextRun SCXW5732876 BCX4\" lang=\"ES-MX\" xml:lang=\"ES-MX\" data-contrast=\"auto\"><span class=\"NormalTextRun SCXW5732876 BCX4\">Natalia Valderrama <\/span><span class=\"NormalTextRun SCXW5732876 BCX4\">fue reconocida con <\/span><span class=\"NormalTextRun SCXW5732876 BCX4\">el Premio al Decano UV<\/span><span class=\"NormalTextRun SCXW5732876 BCX4\"> en 20<\/span><span class=\"NormalTextRun SCXW5732876 BCX4\">19 (Foto de archivo)<\/span><\/span><span class=\"EOP SCXW5732876 BCX4\" data-ccp-props=\"{&quot;134233279&quot;:true,&quot;201341983&quot;:0,&quot;335559739&quot;:160,&quot;335559740&quot;:240}\">\u00a0<\/span><\/p><\/div>\n<p>&nbsp;<\/p>\n<p><b><i><span data-contrast=\"auto\">Karina de la Paz Reyes D\u00edaz<\/span><\/i><\/b><span data-ccp-props=\"{&quot;134233279&quot;:true,&quot;201341983&quot;:0,&quot;335559739&quot;:160,&quot;335559740&quot;:240}\">\u00a0<\/span><\/p>\n<p><b><i><span data-contrast=\"auto\">14\/02\/2022, Xalapa, Ver.- <\/span><\/i><\/b><span data-contrast=\"auto\">Natalia Valderrama Rouy, quien fue una distinguida flautista y docente de la <a href=\"https:\/\/www.uv.mx\/musica\/\" target=\"_blank\" rel=\"noopener\">Facultad de M\u00fasica<\/a> de la Universidad Veracruzana (UV), ser\u00e1 recordada el pr\u00f3ximo 22 de febrero, a un a\u00f1o de su partida, por amistades, colegas y alumnado, que han organizado un concierto de flauta y piano, pero no ser\u00e1 cualquier piano, sino el suyo.<\/span><span data-ccp-props=\"{&quot;134233279&quot;:true,&quot;201341983&quot;:0,&quot;335559739&quot;:160,&quot;335559740&quot;:240}\">\u00a0<\/span><\/p>\n<p><span data-contrast=\"auto\">En el \u00e1mbito nacional e internacional, la Facultad de M\u00fasica de la UV goza de gran prestigio por el nivel de flauta del profesorado, estudiantado y egresados, y en mucho se debe a la labor que hizo Natalia Valderrama.<\/span><span data-ccp-props=\"{&quot;134233279&quot;:true,&quot;201341983&quot;:0,&quot;335559731&quot;:708,&quot;335559739&quot;:160,&quot;335559740&quot;:240}\">\u00a0<\/span><\/p>\n<p><span data-contrast=\"auto\">Flautistas formados por ella se encuentran actualmente en orquestas de varias entidades del pa\u00eds y del extranjero, destacaron en entrevista Isabel Ladr\u00f3n de Guevara Gonz\u00e1lez, acad\u00e9mica de piano en dicha entidad universitaria, y Samadhi M\u00e9ndez Su\u00e1rez, profesora del Centro de Iniciaci\u00f3n Musical Infantil (CIMI).<\/span><span data-ccp-props=\"{&quot;134233279&quot;:true,&quot;201341983&quot;:0,&quot;335559731&quot;:708,&quot;335559739&quot;:160,&quot;335559740&quot;:240}\">\u00a0<\/span><\/p>\n<p><span data-contrast=\"auto\">\u201cNatalia Valderrama fue una figura muy importante en el desarrollo de la Facultad de M\u00fasica y del CIMI, a trav\u00e9s de sus ense\u00f1anzas y su pedagog\u00eda en la flauta\u201d, expuso Isabel Ladr\u00f3n de Guevara; \u201caunque parti\u00f3, su legado contin\u00faa a trav\u00e9s de los egresados y los estudiantes que todav\u00eda est\u00e1n en la Facultad\u201d, a\u00f1adi\u00f3 la pianista.<\/span><span data-ccp-props=\"{&quot;134233279&quot;:true,&quot;201341983&quot;:0,&quot;335559731&quot;:708,&quot;335559739&quot;:160,&quot;335559740&quot;:240}\">\u00a0<\/span><\/p>\n<p><span data-contrast=\"auto\">Samadhi M\u00e9ndez record\u00f3 que Natalia Valderrama fue coordinadora del CIMI por cinco a\u00f1os, donde tambi\u00e9n hizo una gran labor; por tal motivo, don\u00f3 su colecci\u00f3n de partituras a esta entidad de la UV, mismas que a la fecha est\u00e1n en proceso de clasificaci\u00f3n y en breve estar\u00e1n disponibles para la comunidad universitaria, especialmente la que est\u00e1 dedicada a la m\u00fasica.<\/span><span data-ccp-props=\"{&quot;134233279&quot;:true,&quot;201341983&quot;:0,&quot;335559731&quot;:708,&quot;335559739&quot;:160,&quot;335559740&quot;:240}\">\u00a0<\/span><\/p>\n<p><span data-contrast=\"auto\">\u201cTuve la fortuna de ser alumna de sus primeras generaciones y justamente como lo dice Isabel, entre la comunidad flaut\u00edstica, tanto de la Facultad como del CIMI, dej\u00f3 un sello muy importante\u201d, coment\u00f3.<\/span><span data-ccp-props=\"{&quot;134233279&quot;:true,&quot;201341983&quot;:0,&quot;335559731&quot;:708,&quot;335559739&quot;:160,&quot;335559740&quot;:240}\">\u00a0<\/span><\/p>\n<p><span data-ccp-props=\"{&quot;134233279&quot;:true,&quot;201341983&quot;:0,&quot;335559739&quot;:160,&quot;335559740&quot;:240}\">\u00a0<\/span><\/p>\n<div id=\"attachment_110077\" style=\"width: 732px\" class=\"wp-caption aligncenter\"><img aria-describedby=\"caption-attachment-110077\" decoding=\"async\" loading=\"lazy\" class=\"size-full wp-image-110077\" src=\"https:\/\/www.uv.mx\/prensa\/files\/2022\/02\/140222-Homenaje-Valderrama-2.jpg\" alt=\"\" width=\"722\" height=\"481\" srcset=\"https:\/\/www.uv.mx\/prensa\/files\/2022\/02\/140222-Homenaje-Valderrama-2.jpg 722w, https:\/\/www.uv.mx\/prensa\/files\/2022\/02\/140222-Homenaje-Valderrama-2-300x200.jpg 300w\" sizes=\"(max-width: 722px) 100vw, 722px\" \/><p id=\"caption-attachment-110077\" class=\"wp-caption-text\">Isabel Ladr\u00f3n de Guevara, Samadhi M\u00e9ndez y Alejandra M\u00e9ndez hablaron del piano que la artista don\u00f3 a la Casa de Cultura de Coatepec (Foto: Luis Fernando Fern\u00e1ndez Carrillo)<\/p><\/div>\n<p>&nbsp;<\/p>\n<p><b><span data-contrast=\"auto\">Ecos y notas en su primer aniversario luctuoso<\/span><\/b><span data-ccp-props=\"{&quot;134233279&quot;:true,&quot;201341983&quot;:0,&quot;335559739&quot;:160,&quot;335559740&quot;:240}\">\u00a0<\/span><\/p>\n<p><span data-contrast=\"auto\">La trayectoria, liderazgo acad\u00e9mico y desarrollo profesional de Natalia Valderrama recibi\u00f3 incontables reconocimientos. Uno de ellos fue en 2019, cuando la UV le otorg\u00f3 el Premio al Decano. En esa ocasi\u00f3n, expuso:<\/span><span data-ccp-props=\"{&quot;134233279&quot;:true,&quot;201341983&quot;:0,&quot;335559739&quot;:160,&quot;335559740&quot;:240}\">\u00a0<\/span><\/p>\n<p><span data-contrast=\"auto\">\u201cNo tuve hijos, pero todos <\/span><a href=\"https:\/\/www.uv.mx\/prensa\/banner\/ser-maestra-de-esta-institucion-es-un-privilegio-natalia-valderrama\/\"><span data-contrast=\"none\">mis alumnos y ex alumnos representan eso para m\u00ed<\/span><\/a><span data-contrast=\"auto\">, a pesar de que muchos ya concluyeron sus estudios desde hace m\u00e1s de 10 a\u00f1os y trabajen en otros pa\u00edses, siempre se acuerdan de m\u00ed y me env\u00edan mensajes en el D\u00eda del Maestro o el D\u00eda de las Madres, porque soy su segunda mam\u00e1. Pienso que ser maestra es como tener hijos con muchas satisfacciones.\u201d<\/span><span data-ccp-props=\"{&quot;134233279&quot;:true,&quot;201341983&quot;:0,&quot;335559731&quot;:708,&quot;335559739&quot;:160,&quot;335559740&quot;:240}\">\u00a0<\/span><\/p>\n<p><span data-contrast=\"auto\">Una muestra de tales planteamientos est\u00e1 materializada en el piano citado l\u00edneas arriba: se lo compr\u00f3 hace algunos a\u00f1os a un estudiante, quien lo ofreci\u00f3 en venta para posteriormente irse a estudiar su maestr\u00eda en m\u00fasica al extranjero.<\/span><span data-ccp-props=\"{&quot;134233279&quot;:true,&quot;201341983&quot;:0,&quot;335559739&quot;:160,&quot;335559740&quot;:240}\">\u00a0<\/span><\/p>\n<p><span data-contrast=\"auto\">Por un lado, le encantaba la idea de apoyarle en su proceso de formaci\u00f3n y, por otro, signific\u00f3 una oportunidad para retomar la pr\u00e1ctica de este instrumento. Adem\u00e1s, no era un piano cualquiera, sino un modelo 8 de la marca alemana Bechstein y data de 1907.<\/span><span data-ccp-props=\"{&quot;134233279&quot;:true,&quot;201341983&quot;:0,&quot;335559731&quot;:708,&quot;335559739&quot;:160,&quot;335559740&quot;:240}\">\u00a0<\/span><\/p>\n<p><span data-contrast=\"auto\">\u201cHay de pianos a pianos, y \u00e9ste es uno lind\u00edsimo; vale mucho la pena restaurarlo y cuidarlo\u201d, refiri\u00f3 Isabel Ladr\u00f3n de Guevara.<\/span><span data-ccp-props=\"{&quot;134233279&quot;:true,&quot;201341983&quot;:0,&quot;335559731&quot;:708,&quot;335559739&quot;:160,&quot;335559740&quot;:240}\">\u00a0<\/span><\/p>\n<p><span data-contrast=\"auto\">A la muerte de Natalia Valderrama, su hermano tuvo la iniciativa de encontrar un espacio para ese piano vertical: la Casa de Cultura de Coatepec del Instituto Veracruzano de la Cultura (<\/span><i><span data-contrast=\"auto\">Ivec<\/span><\/i><span data-contrast=\"auto\">), toda vez que la artista le tuvo un especial cari\u00f1o a ese pueblo.<\/span><span data-ccp-props=\"{&quot;134233279&quot;:true,&quot;201341983&quot;:0,&quot;335559739&quot;:160,&quot;335559740&quot;:240}\">\u00a0<\/span><\/p>\n<p><span data-contrast=\"auto\">Si todo instrumento requiere un mantenimiento espec\u00edfico, el del piano es muy especial pues si bien se trata de una pieza de alto valor, \u00e9ste tiene m\u00e1s de un siglo de existencia, refiri\u00f3 Isabel Ladr\u00f3n de Guevara.<\/span><span data-ccp-props=\"{&quot;134233279&quot;:true,&quot;201341983&quot;:0,&quot;335559739&quot;:160,&quot;335559740&quot;:240}\">\u00a0<\/span><\/p>\n<p><span data-contrast=\"auto\">Por ello, iniciaron una campa\u00f1a de recaudaci\u00f3n de fondos, \u201cEcos y notas\u201d, que permitiera repararlo y, a la par, convertir a la Casa de Cultura de Coatepec en un espacio m\u00e1s para conciertos por parte de pianistas y m\u00fasicos universitarios en formaci\u00f3n, toda vez que son escasos los lugares que poseen un instrumento de esa \u00edndole y de tal calidad.<\/span><span data-ccp-props=\"{&quot;134233279&quot;:true,&quot;201341983&quot;:0,&quot;335559739&quot;:160,&quot;335559740&quot;:240}\">\u00a0<\/span><\/p>\n<p><span data-contrast=\"auto\">\u201cEstamos haciendo trabajos de vinculaci\u00f3n con la iniciativa privada, el <\/span><i><span data-contrast=\"auto\">Ivec<\/span><\/i><span data-contrast=\"auto\"> y nosotros, los mismos profesores y comunidad universitaria, para que este piano se habilite\u201d, dijo Isabel Ladr\u00f3n de Guevara.<\/span><span data-ccp-props=\"{&quot;134233279&quot;:true,&quot;201341983&quot;:0,&quot;335559739&quot;:160,&quot;335559740&quot;:240}\">\u00a0<\/span><\/p>\n<p><span data-contrast=\"auto\">Los trabajos realizados en el taller de Carlos Gordillo se enfocaron en lograr que el piano est\u00e9 listo para ser tocado en el primer aniversario luctuoso de la flautista y as\u00ed ser\u00e1, expusieron Isabel Ladr\u00f3n de Guevara, Samadhi M\u00e9ndez y Alejandra M\u00e9ndez, esta \u00faltima directora del recinto coatepecano.<\/span><span data-ccp-props=\"{&quot;134233279&quot;:true,&quot;201341983&quot;:0,&quot;335559739&quot;:160,&quot;335559740&quot;:240}\">\u00a0<\/span><\/p>\n<p><span data-contrast=\"auto\">El concierto de flauta y piano, en el que participar\u00e1n colegas, amistades y disc\u00edpulos de Natalia Valderrama, tendr\u00e1 como sede el edificio antiguo que alberga a la Casa de Cultura de Coatepec y ser\u00e1 precisamente el 22 de febrero, a las 18:00 horas.<\/span><span data-ccp-props=\"{&quot;134233279&quot;:true,&quot;201341983&quot;:0,&quot;335559739&quot;:160,&quot;335559740&quot;:240}\">\u00a0<\/span><\/p>\n<p><span data-contrast=\"auto\">En palabras de Alejandra M\u00e9ndez, es importante celebrar y recordar siempre a seres como Natalia Valderrama, \u201ccuyo coraz\u00f3n fue generoso sin fin; le gustaba compartir qui\u00e9n era y a cada una de las personas que estuvimos cerca nos daba lo que necesit\u00e1bamos; era una persona muy inteligente, emocionalmente hablando, con una gran percepci\u00f3n de la otredad y un gran respeto a la diferencia de quienes pertenecimos a su comunidad de amistades\u201d.<\/span><span data-ccp-props=\"{&quot;134233279&quot;:true,&quot;201341983&quot;:0,&quot;335559739&quot;:160,&quot;335559740&quot;:240}\">\u00a0<\/span><\/p>\n<p><span data-ccp-props=\"{&quot;134233279&quot;:true,&quot;201341983&quot;:0,&quot;335559739&quot;:160,&quot;335559740&quot;:240}\">\u00a0<\/span><\/p>\n<p><b><span data-contrast=\"auto\">El concierto<\/span><\/b><span data-ccp-props=\"{&quot;134233279&quot;:true,&quot;201341983&quot;:0,&quot;335559739&quot;:160,&quot;335559740&quot;:240}\">\u00a0<\/span><\/p>\n<p><span data-contrast=\"auto\">Isabel Ladr\u00f3n de Guevara especific\u00f3 que este primer concierto es un agradecimiento para quienes colaboraron a esta causa, \u201cporque realmente hay una muy buena voluntad de parte de quienes donaron, una confianza en la comunidad de maestros y gestores que estamos participando en esto\u201d.<\/span><span data-ccp-props=\"{&quot;134233279&quot;:true,&quot;201341983&quot;:0,&quot;335559739&quot;:160,&quot;335559740&quot;:240}\">\u00a0<\/span><\/p>\n<p><span data-contrast=\"auto\">De acuerdo con la pianista, cuando se es estudiante o docente suele surgir el autocuestionamiento sobre si lo que se hace tiene sentido, y el suceso aqu\u00ed relatado le permite enfatizar que s\u00ed: \u201cA m\u00ed me hace ver que nuestro trabajo como docentes impacta y que la vinculaci\u00f3n es permanente, incluso despu\u00e9s de la vida, y m\u00e1s en estos tiempos. Natalia sigue haciendo y yo me sorprendo\u201d.<\/span><span data-ccp-props=\"{&quot;134233279&quot;:true,&quot;201341983&quot;:0,&quot;335559731&quot;:708,&quot;335559739&quot;:160,&quot;335559740&quot;:240}\">\u00a0<\/span><\/p>\n<p><span data-contrast=\"auto\">El concierto ser\u00e1 con aforo limitado, dadas las condiciones de la pandemia, y se dar\u00e1 prioridad a las personas que colaboraron en la campa\u00f1a de recaudaci\u00f3n de fondos \u2013como se especific\u00f3 en los lineamientos de la misma\u2013, pero si alguna persona est\u00e1 interesada en asistir, puede consultar si hay espacios disponibles a trav\u00e9s del correo: <\/span><a href=\"mailto:cameliastorni@gmail.com\"><span data-contrast=\"none\">cameliastorni@gmail.com<\/span><\/a><span data-contrast=\"auto\">.<\/span><span data-ccp-props=\"{&quot;134233279&quot;:true,&quot;201341983&quot;:0,&quot;335559739&quot;:160,&quot;335559740&quot;:240}\">\u00a0<\/span><\/p>\n<p><span data-contrast=\"auto\">Cabe citar que la campa\u00f1a de recaudaci\u00f3n de fondos continuar\u00e1, toda vez que es necesario concluir el proceso de reparaci\u00f3n y tener recursos para el mantenimiento que requiere un piano de esa naturaleza.<\/span><span data-ccp-props=\"{&quot;134233279&quot;:true,&quot;201341983&quot;:0,&quot;335559731&quot;:708,&quot;335559739&quot;:160,&quot;335559740&quot;:240}\">\u00a0<\/span><\/p>\n","protected":false},"excerpt":{"rendered":"<p>Fue una distinguida flautista y docente de la Facultad de M\u00fasica de la Universidad Veracruzana <\/p>\n","protected":false},"author":1508,"featured_media":68077,"comment_status":"closed","ping_status":"closed","sticky":false,"template":"","format":"standard","meta":[],"categories":[11,47],"tags":[],"_links":{"self":[{"href":"https:\/\/www.uv.mx\/prensa\/wp-json\/wp\/v2\/posts\/110069"}],"collection":[{"href":"https:\/\/www.uv.mx\/prensa\/wp-json\/wp\/v2\/posts"}],"about":[{"href":"https:\/\/www.uv.mx\/prensa\/wp-json\/wp\/v2\/types\/post"}],"author":[{"embeddable":true,"href":"https:\/\/www.uv.mx\/prensa\/wp-json\/wp\/v2\/users\/1508"}],"replies":[{"embeddable":true,"href":"https:\/\/www.uv.mx\/prensa\/wp-json\/wp\/v2\/comments?post=110069"}],"version-history":[{"count":1,"href":"https:\/\/www.uv.mx\/prensa\/wp-json\/wp\/v2\/posts\/110069\/revisions"}],"predecessor-version":[{"id":110154,"href":"https:\/\/www.uv.mx\/prensa\/wp-json\/wp\/v2\/posts\/110069\/revisions\/110154"}],"wp:featuredmedia":[{"embeddable":true,"href":"https:\/\/www.uv.mx\/prensa\/wp-json\/wp\/v2\/media\/68077"}],"wp:attachment":[{"href":"https:\/\/www.uv.mx\/prensa\/wp-json\/wp\/v2\/media?parent=110069"}],"wp:term":[{"taxonomy":"category","embeddable":true,"href":"https:\/\/www.uv.mx\/prensa\/wp-json\/wp\/v2\/categories?post=110069"},{"taxonomy":"post_tag","embeddable":true,"href":"https:\/\/www.uv.mx\/prensa\/wp-json\/wp\/v2\/tags?post=110069"}],"curies":[{"name":"wp","href":"https:\/\/api.w.org\/{rel}","templated":true}]}}