{"id":110242,"date":"2022-02-16T16:45:05","date_gmt":"2022-02-16T22:45:05","guid":{"rendered":"https:\/\/www.uv.mx\/prensa\/?p=110242"},"modified":"2022-02-17T11:17:59","modified_gmt":"2022-02-17T17:17:59","slug":"uv-ofrece-17-mil-389-lugares-en-la-convocatoria-de-ingreso-2022","status":"publish","type":"post","link":"https:\/\/www.uv.mx\/prensa\/banner\/uv-ofrece-17-mil-389-lugares-en-la-convocatoria-de-ingreso-2022\/","title":{"rendered":"UV ofrece 17 mil 389 lugares en la Convocatoria de Ingreso 2022"},"content":{"rendered":"<p>&nbsp;<\/p>\n<ul>\n<li data-leveltext=\"\u00b7\" data-font=\"Symbol\" data-listid=\"3\" data-aria-posinset=\"1\" data-aria-level=\"1\"><i><span data-contrast=\"auto\">Est\u00e1 disponible en el <\/span><\/i><a href=\"http:\/\/www.uv.mx\/\"><i><span data-contrast=\"none\">portal institucional<\/span><\/i><\/a><i><span data-contrast=\"auto\"> de esta casa de estudios, en <\/span><\/i><a href=\"http:\/\/www.uv.mx\/escolar\/licenciatura2022\/\"><i><span data-contrast=\"none\">www.uv.mx\/escolar\/licenciatura2022\/<\/span><\/i><\/a><span data-ccp-props=\"{&quot;201341983&quot;:0,&quot;335559739&quot;:160,&quot;335559740&quot;:259}\">\u00a0<\/span><\/li>\n<li data-leveltext=\"\u00b7\" data-font=\"Symbol\" data-listid=\"3\" data-aria-posinset=\"2\" data-aria-level=\"1\"><i><span data-contrast=\"auto\">El periodo de registro ser\u00e1 del 17 de febrero al 28 de marzo, por lo que las y los aspirantes tendr\u00e1n casi un mes para cumplir con esta parte del proceso<\/span><\/i><span data-ccp-props=\"{&quot;201341983&quot;:0,&quot;335559739&quot;:160,&quot;335559740&quot;:259}\">\u00a0<\/span><\/li>\n<\/ul>\n<p><i><span data-contrast=\"auto\">\u00a0<\/span><\/i><span data-ccp-props=\"{&quot;201341983&quot;:0,&quot;335559739&quot;:160,&quot;335559740&quot;:259}\">\u00a0<\/span><\/p>\n<div id=\"attachment_110226\" style=\"width: 732px\" class=\"wp-caption aligncenter\"><img aria-describedby=\"caption-attachment-110226\" decoding=\"async\" loading=\"lazy\" class=\"size-full wp-image-110226\" src=\"https:\/\/www.uv.mx\/prensa\/files\/2022\/02\/160222-Ingreso-2022.jpg\" alt=\"\" width=\"722\" height=\"481\" srcset=\"https:\/\/www.uv.mx\/prensa\/files\/2022\/02\/160222-Ingreso-2022.jpg 722w, https:\/\/www.uv.mx\/prensa\/files\/2022\/02\/160222-Ingreso-2022-300x200.jpg 300w\" sizes=\"(max-width: 722px) 100vw, 722px\" \/><p id=\"caption-attachment-110226\" class=\"wp-caption-text\">Los lugares vacantes podr\u00e1n solicitarse los d\u00edas 11 y 12 de agosto para que, finalmente, todas y todos ingresen a cursos el 15 del mismo mes<\/p><\/div>\n<p>&nbsp;<\/p>\n<p><b><i><span data-contrast=\"auto\">16\/02\/2022, Xalapa, Ver.-<\/span><\/i><\/b> <span data-contrast=\"auto\">La <a href=\"https:\/\/www.uv.mx\/\" target=\"_blank\" rel=\"noopener\">Universidad Veracruzana<\/a> (UV), a trav\u00e9s de la Direcci\u00f3n General de Administraci\u00f3n Escolar (DGAE), public\u00f3 este mi\u00e9rcoles 16 de febrero en su <\/span><a href=\"http:\/\/www.uv.mx\/\"><span data-contrast=\"none\">portal institucional<\/span><\/a><span data-contrast=\"auto\"> la <\/span><a href=\"https:\/\/www.uv.mx\/escolar\/licenciatura2022\/\"><span data-contrast=\"none\">Convocatoria de Ingreso 2022<\/span><\/a><span data-contrast=\"auto\"> para los niveles Iniciaci\u00f3n, T\u00e9cnico, T\u00e9cnico Superior Universitario (TSU) y Licenciatura, en la que ofrece 17 mil 389 lugares en 214 programas educativos (PE) de sus cinco regiones y sedes de la Universidad Veracruzana Intercultural (UVI).<\/span><span data-ccp-props=\"{&quot;201341983&quot;:0,&quot;335559739&quot;:160,&quot;335559740&quot;:259}\">\u00a0<\/span><\/p>\n<p><span data-contrast=\"auto\">Del total de espacios disponibles, corresponden: seis mil 695 a la regi\u00f3n Xalapa; tres mil 810, a Veracruz; dos mil 448, a Orizaba-C\u00f3rdoba; dos mil 490, a Poza Rica-Tuxpan, y mil 946, a Coatzacoalcos-Minatitl\u00e1n.<\/span><span data-ccp-props=\"{&quot;201341983&quot;:0,&quot;335559731&quot;:708,&quot;335559739&quot;:160,&quot;335559740&quot;:259}\">\u00a0<\/span><\/p>\n<p><span data-contrast=\"auto\">L<\/span><span data-contrast=\"auto\">a convocatoria<\/span><span data-contrast=\"auto\"> publicada en el portal <\/span><a href=\"http:\/\/www.uv.mx\/escolar\/licenciatura2022\"><span data-contrast=\"none\">www.uv.mx\/escolar\/licenciatura2022<\/span><\/a><span data-contrast=\"auto\"> contiene toda la informaci\u00f3n necesaria referente al examen de ingreso y para poder llevar a cabo un registro exitoso, por lo que se invita a las y los aspirantes a que la exploren y conozcan los distintos PE que ofrece la UV en sus cinco regiones, los cuales pueden consultar <\/span><span data-contrast=\"auto\">(<\/span><span data-contrast=\"auto\">en la convocatoria<\/span><span data-contrast=\"auto\">) dando clic en el<\/span><span data-contrast=\"auto\"> bot\u00f3n \u201cOferta\u201d.\u00a0<\/span><span data-ccp-props=\"{&quot;201341983&quot;:0,&quot;335559731&quot;:708,&quot;335559739&quot;:160,&quot;335559740&quot;:259}\">\u00a0<\/span><\/p>\n<p><span data-contrast=\"auto\">Los aspirantes presentar\u00e1n el nuevo examen de ingreso EXANI, por lo que es importante que consulten las caracter\u00edsticas del mismo en el bot\u00f3n \u201cM\u00f3dulos para el examen de ingreso\u201d, pues dependiendo del PE elegido la evaluaci\u00f3n contendr\u00e1 dos m\u00f3dulos espec\u00edficos, adem\u00e1s de las \u00e1reas Comprensi\u00f3n Lectora, Redacci\u00f3n Indirecta y Pensamiento Matem\u00e1tico.\u00a0<\/span><span data-ccp-props=\"{&quot;201341983&quot;:0,&quot;335559731&quot;:708,&quot;335559739&quot;:160,&quot;335559740&quot;:259}\">\u00a0<\/span><\/p>\n<p><span data-contrast=\"auto\">Por ejemplo, para el PE de Matem\u00e1ticas, adem\u00e1s de las \u00e1reas del examen, los aspirantes deber\u00e1n responder los m\u00f3dulos espec\u00edficos: Aritm\u00e9tica y C\u00e1lculo Diferencial e Integral. Otro ejemplo es el PE de M\u00e9dico Cirujano, donde adem\u00e1s deben presentar los m\u00f3dulos espec\u00edficos Pre-Medicina I y II; y as\u00ed por cada uno de los PE que ofrece la Universidad.<\/span><span data-ccp-props=\"{&quot;201341983&quot;:0,&quot;335559731&quot;:708,&quot;335559739&quot;:160,&quot;335559740&quot;:259}\">\u00a0<\/span><\/p>\n<p><span data-contrast=\"auto\">El periodo de registro se llevar\u00e1 a cabo del 17 de febrero al 28 de marzo, por lo que las y los aspirantes tendr\u00e1n casi un mes para cumplir con esta parte del proceso. Para ello \u00fanicamente deben capturar datos personales, escolares y socioecon\u00f3micos; posteriormente, deben hacer el pago correspondiente y subir la fotograf\u00eda solicitada.\u00a0<\/span><span data-ccp-props=\"{&quot;201341983&quot;:0,&quot;335559731&quot;:708,&quot;335559739&quot;:160,&quot;335559740&quot;:259}\">\u00a0<\/span><\/p>\n<p><span data-ccp-props=\"{&quot;201341983&quot;:0,&quot;335559739&quot;:160,&quot;335559740&quot;:259}\">\u00a0<\/span><b><span data-contrast=\"auto\">Fechas del examen, modalidad y resultados<\/span><\/b><span data-ccp-props=\"{&quot;201341983&quot;:0,&quot;335559739&quot;:160,&quot;335559740&quot;:259}\">\u00a0<\/span><\/p>\n<p><span data-contrast=\"auto\">El examen en sede ser\u00e1 los d\u00edas 21, 22, 28 y 29 de mayo, y en casa los d\u00edas 24, 25, 31 de mayo y 1 de junio. En atenci\u00f3n a la situaci\u00f3n sanitaria que a\u00fan prevalece se fijaron diferentes fechas, para evitar aglomeraciones.<\/span><span data-ccp-props=\"{&quot;201341983&quot;:0,&quot;335559739&quot;:160,&quot;335559740&quot;:259}\">\u00a0<\/span><\/p>\n<p><span data-contrast=\"auto\">Los resultados ser\u00e1n publicados el 27 de junio. Quienes obtengan derecho a inscripci\u00f3n podr\u00e1n ejercerlo a partir del 1 de julio y hasta el 2 de agosto; es importante resaltar que a cada aspirante que obtenga el derecho a inscripci\u00f3n se le asignar\u00e1 una fecha determinada para que realice el procedimiento.\u00a0<\/span><span data-ccp-props=\"{&quot;201341983&quot;:0,&quot;335559731&quot;:708,&quot;335559739&quot;:160,&quot;335559740&quot;:259}\">\u00a0<\/span><\/p>\n<p><span data-contrast=\"auto\">Los d\u00edas 5 y 6 de agosto se anunciar\u00e1n los lugares disponibles por corrimiento. Los lugares vacantes podr\u00e1n solicitarse los d\u00edas 11 y 12 para que, finalmente, todas y todos ingresen a cursos el 15 del mismo mes.<\/span><span data-ccp-props=\"{&quot;201341983&quot;:0,&quot;335559731&quot;:708,&quot;335559739&quot;:160,&quot;335559740&quot;:259}\">\u00a0<\/span><\/p>\n<p><span data-contrast=\"auto\">Es importante aclarar que la UV no ofrece ni avala ning\u00fan curso de preparaci\u00f3n para el examen de ingreso y la \u00fanica forma de obtener un lugar es a trav\u00e9s del puntaje obtenido y del cupo en los espacios establecidos por cada uno de los PE.\u00a0<\/span><span data-ccp-props=\"{&quot;201341983&quot;:0,&quot;335559731&quot;:708,&quot;335559739&quot;:160,&quot;335559740&quot;:259}\">\u00a0<\/span><\/p>\n<p><span data-contrast=\"auto\">La UV pone especial cuidado en ofrecer condiciones de equidad para los aspirantes con discapacidad, trabajando colaborativamente con el Centro para el Desarrollo Humano e Integral de los Universitarios (<\/span><i><span data-contrast=\"auto\">Cendhiu<\/span><\/i><span data-contrast=\"auto\">).<\/span><span data-ccp-props=\"{&quot;201341983&quot;:0,&quot;335559731&quot;:708,&quot;335559739&quot;:160,&quot;335559740&quot;:259}\">\u00a0<\/span><\/p>\n<p><span data-contrast=\"auto\">\u00a0<\/span><span data-ccp-props=\"{&quot;201341983&quot;:0,&quot;335559739&quot;:160,&quot;335559740&quot;:259}\">\u00a0<\/span><\/p>\n<div id=\"attachment_110243\" style=\"width: 732px\" class=\"wp-caption aligncenter\"><img aria-describedby=\"caption-attachment-110243\" decoding=\"async\" loading=\"lazy\" class=\"size-full wp-image-110243\" src=\"https:\/\/www.uv.mx\/prensa\/files\/2022\/02\/160222-Nota-Ingreso-UV2-11.jpg\" alt=\"\" width=\"722\" height=\"481\" srcset=\"https:\/\/www.uv.mx\/prensa\/files\/2022\/02\/160222-Nota-Ingreso-UV2-11.jpg 722w, https:\/\/www.uv.mx\/prensa\/files\/2022\/02\/160222-Nota-Ingreso-UV2-11-300x200.jpg 300w\" sizes=\"(max-width: 722px) 100vw, 722px\" \/><p id=\"caption-attachment-110243\" class=\"wp-caption-text\">Es importante aclarar que la UV no ofrece ni avala ning\u00fan curso de preparaci\u00f3n para el examen de ingreso<\/p><\/div>\n","protected":false},"excerpt":{"rendered":"<p>Del total de espacios disponibles, corresponden: seis mil 695 a la regi\u00f3n Xalapa; tres mil 810, a Veracruz; dos mil 448, a Orizaba-C\u00f3rdoba; dos mil 490, a Poza Rica-Tuxpan, y mil 946, a Coatzacoalcos-Minatitl\u00e1n<\/p>\n","protected":false},"author":1869,"featured_media":110227,"comment_status":"closed","ping_status":"closed","sticky":false,"template":"","format":"standard","meta":[],"categories":[61],"tags":[],"_links":{"self":[{"href":"https:\/\/www.uv.mx\/prensa\/wp-json\/wp\/v2\/posts\/110242"}],"collection":[{"href":"https:\/\/www.uv.mx\/prensa\/wp-json\/wp\/v2\/posts"}],"about":[{"href":"https:\/\/www.uv.mx\/prensa\/wp-json\/wp\/v2\/types\/post"}],"author":[{"embeddable":true,"href":"https:\/\/www.uv.mx\/prensa\/wp-json\/wp\/v2\/users\/1869"}],"replies":[{"embeddable":true,"href":"https:\/\/www.uv.mx\/prensa\/wp-json\/wp\/v2\/comments?post=110242"}],"version-history":[{"count":1,"href":"https:\/\/www.uv.mx\/prensa\/wp-json\/wp\/v2\/posts\/110242\/revisions"}],"predecessor-version":[{"id":110267,"href":"https:\/\/www.uv.mx\/prensa\/wp-json\/wp\/v2\/posts\/110242\/revisions\/110267"}],"wp:featuredmedia":[{"embeddable":true,"href":"https:\/\/www.uv.mx\/prensa\/wp-json\/wp\/v2\/media\/110227"}],"wp:attachment":[{"href":"https:\/\/www.uv.mx\/prensa\/wp-json\/wp\/v2\/media?parent=110242"}],"wp:term":[{"taxonomy":"category","embeddable":true,"href":"https:\/\/www.uv.mx\/prensa\/wp-json\/wp\/v2\/categories?post=110242"},{"taxonomy":"post_tag","embeddable":true,"href":"https:\/\/www.uv.mx\/prensa\/wp-json\/wp\/v2\/tags?post=110242"}],"curies":[{"name":"wp","href":"https:\/\/api.w.org\/{rel}","templated":true}]}}