{"id":110316,"date":"2022-02-17T15:12:12","date_gmt":"2022-02-17T21:12:12","guid":{"rendered":"https:\/\/www.uv.mx\/prensa\/?p=110316"},"modified":"2022-02-18T14:28:42","modified_gmt":"2022-02-18T20:28:42","slug":"uv-reconocio-a-sus-cientificos-y-aliados","status":"publish","type":"post","link":"https:\/\/www.uv.mx\/prensa\/banner\/uv-reconocio-a-sus-cientificos-y-aliados\/","title":{"rendered":"UV reconoci\u00f3 a sus cient\u00edficos y aliados"},"content":{"rendered":"<ul>\n<li><em>Mart\u00edn Aguilar, rector de la m\u00e1xima casa de estudios de Veracruz, expres\u00f3 sus felicitaciones por su capacidad para detectar necesidades, problemas y elementos con los que abrir las v\u00edas hacia soluciones<\/em><\/li>\n<li><em>La Red OTT M\u00e9xico ha encontrado en la UV una gran coordinadora de la regi\u00f3n, afirm\u00f3 su Director<\/em><\/li>\n<\/ul>\n<p>&nbsp;<\/p>\n<div id=\"attachment_110319\" style=\"width: 732px\" class=\"wp-caption aligncenter\"><img aria-describedby=\"caption-attachment-110319\" decoding=\"async\" loading=\"lazy\" class=\"size-full wp-image-110319\" src=\"https:\/\/www.uv.mx\/prensa\/files\/2022\/02\/170222-Dia-Inventor-1.jpg\" alt=\"\" width=\"722\" height=\"481\" srcset=\"https:\/\/www.uv.mx\/prensa\/files\/2022\/02\/170222-Dia-Inventor-1.jpg 722w, https:\/\/www.uv.mx\/prensa\/files\/2022\/02\/170222-Dia-Inventor-1-300x200.jpg 300w\" sizes=\"(max-width: 722px) 100vw, 722px\" \/><p id=\"caption-attachment-110319\" class=\"wp-caption-text\">Autoridades y comunidad UV celebraron el D\u00eda del Inventor Mexicano<\/p><\/div>\n<p>&nbsp;<\/p>\n<p><b><i><span data-contrast=\"auto\">David Sandoval Rodr\u00edguez<\/span><\/i><\/b><span data-ccp-props=\"{&quot;201341983&quot;:0,&quot;335559740&quot;:240}\">\u00a0<\/span><\/p>\n<p><em><strong>Fotos: Luis Fernando Fern\u00e1ndez\u00a0Carrillo<\/strong><\/em><\/p>\n<p><span data-ccp-props=\"{&quot;201341983&quot;:0,&quot;335559740&quot;:240}\">\u00a0<\/span><b><i><span data-contrast=\"auto\">17\/02\/2022, Xalapa, Ver.-<\/span><\/i><\/b><span data-contrast=\"auto\"> La <a href=\"https:\/\/www.uv.mx\/\" target=\"_blank\" rel=\"noopener\">Universidad Veracruzana<\/a> (UV) celebr\u00f3 por cuarto a\u00f1o consecutivo el D\u00eda del Inventor Mexicano entregando reconocimientos a estudiantes, acad\u00e9micos de la instituci\u00f3n e instituciones aliadas que recibieron un registro de patente o iniciaron solicitudes respectivas ante el Instituto Mexicano de la Propiedad Industrial (IMPI).<\/span><span data-ccp-props=\"{&quot;201341983&quot;:0,&quot;335559740&quot;:240}\">\u00a0<\/span><\/p>\n<p><span data-contrast=\"auto\">El evento virtual, organizado por la Direcci\u00f3n General de Vinculaci\u00f3n de la UV \u2013a trav\u00e9s de la Oficina de Transferencia de Tecnolog\u00eda (OTT)\u2013, ocurre en el natalicio del mexicano Guillermo Gonz\u00e1lez Camarena, inventor del primer sistema de televisi\u00f3n a color y se celebra en alianza con la Red OTT M\u00e9xico, asociaci\u00f3n sin fines de lucro que agrupa a las Oficinas de Transferencia de Tecnolog\u00eda en el pa\u00eds.<\/span><span data-ccp-props=\"{&quot;201341983&quot;:0,&quot;335559740&quot;:240}\">\u00a0<\/span><\/p>\n<p><span data-contrast=\"auto\">El rector de la UV, Mart\u00edn Aguilar S\u00e1nchez, al inaugurar, enfatiz\u00f3 que en la m\u00e1xima casa de estudios no s\u00f3lo se hace un gran llamado por la cultura, la experimentaci\u00f3n y el pensamiento libre, sino que busca generar entornos educativos donde seguir imaginando presentes m\u00e1s justos y futuros mejores.<\/span><span data-ccp-props=\"{&quot;201341983&quot;:0,&quot;335559731&quot;:720,&quot;335559740&quot;:240}\">\u00a0<\/span><\/p>\n<p><span data-contrast=\"none\">\u201cAplaudo calurosamente la iniciativa de la Direcci\u00f3n General de Vinculaci\u00f3n de celebrar el D\u00eda del Inventor Mexicano en torno al papel que juega la invenci\u00f3n en las universidades y temas como la propiedad industrial, las patentes y la transferencia tecnol\u00f3gica\u201d.<\/span><span data-ccp-props=\"{&quot;201341983&quot;:0,&quot;335559731&quot;:720,&quot;335559740&quot;:240}\">\u00a0<\/span><\/p>\n<p>&nbsp;<\/p>\n<div id=\"attachment_110320\" style=\"width: 732px\" class=\"wp-caption aligncenter\"><img aria-describedby=\"caption-attachment-110320\" decoding=\"async\" loading=\"lazy\" class=\"size-full wp-image-110320\" src=\"https:\/\/www.uv.mx\/prensa\/files\/2022\/02\/170222-Dia-Inventor-2.jpg\" alt=\"\" width=\"722\" height=\"481\" srcset=\"https:\/\/www.uv.mx\/prensa\/files\/2022\/02\/170222-Dia-Inventor-2.jpg 722w, https:\/\/www.uv.mx\/prensa\/files\/2022\/02\/170222-Dia-Inventor-2-300x200.jpg 300w\" sizes=\"(max-width: 722px) 100vw, 722px\" \/><p id=\"caption-attachment-110320\" class=\"wp-caption-text\">El rector Mart\u00edn Aguilar felicit\u00f3 a estudiantes y acad\u00e9micos que solicitaron un registro de patente, as\u00ed como a aquellos que ya lo obtuvieron ante el IMPI<\/p><\/div>\n<p>&nbsp;<\/p>\n<p><span data-contrast=\"auto\">A todos los inventores e inventoras que recibieron durante 2021 una patente o hicieron el registro de alguna invenci\u00f3n ante el IMPI les expres\u00f3 sus \u201csinceras felicitaciones por su esmero, inventiva y capacidad para detectar necesidades, problemas y elementos con los que abrir las v\u00edas hacia soluciones impensadas\u201d.<\/span><span data-ccp-props=\"{&quot;201341983&quot;:0,&quot;335559731&quot;:720,&quot;335559740&quot;:240}\">\u00a0<\/span><\/p>\n<p><span data-contrast=\"auto\">Aguilar S\u00e1nchez dijo que ser creativo va m\u00e1s all\u00e1 de un don, una gracia o un talento; m\u00e1s bien, crear \u201ces una pr\u00e1ctica que se aprende desde las perspectivas sobre el mundo e insistimos en la importancia de favorecer el crecimiento de espacios de pensamiento, de lectura, de trabajo colaborativo en torno a la cultura y la tecnolog\u00eda\u201d.<\/span><span data-ccp-props=\"{&quot;201341983&quot;:0,&quot;335559731&quot;:720,&quot;335559740&quot;:240}\">\u00a0<\/span><\/p>\n<p><span data-contrast=\"auto\">Finalmente, record\u00f3 que \u201cel pensamiento libre y aut\u00f3nomo depende de la capacidad de imaginar; quien imagina otras posibilidades ya se ha empezado a liberar aunque tenga muy poco margen de acci\u00f3n, y es el esfuerzo y la disciplina de la imaginaci\u00f3n lo que nos puede ayudar a dar un salto m\u00e1s all\u00e1 de lo que nunca nadie hab\u00eda previsto respecto a nosotros\u201d.<\/span><span data-ccp-props=\"{&quot;201341983&quot;:0,&quot;335559731&quot;:720,&quot;335559740&quot;:240}\">\u00a0<\/span><\/p>\n<p><span data-contrast=\"auto\">Seraf\u00edn Flores de la Cruz, director general de Vinculaci\u00f3n de la UV, record\u00f3 que la ciencia y la tecnolog\u00eda son poderosas herramientas que nos permiten avanzar como sociedad y en esta \u201ccuarentena forzada (por la pandemia de COVID-19) la tecnolog\u00eda nos ha salvado, nos ha permitido seguir trabajando, estudiar y mantener contacto con los seres queridos; gracias a ambas estamos haciendo frente a la pandemia\u201d.<\/span><span data-ccp-props=\"{&quot;201341983&quot;:0,&quot;335559731&quot;:720,&quot;335559740&quot;:240}\">\u00a0<\/span><\/p>\n<p>&nbsp;<\/p>\n<div id=\"attachment_110321\" style=\"width: 732px\" class=\"wp-caption aligncenter\"><img aria-describedby=\"caption-attachment-110321\" decoding=\"async\" loading=\"lazy\" class=\"size-full wp-image-110321\" src=\"https:\/\/www.uv.mx\/prensa\/files\/2022\/02\/170222-Dia-Inventor-3.jpg\" alt=\"\" width=\"722\" height=\"481\" srcset=\"https:\/\/www.uv.mx\/prensa\/files\/2022\/02\/170222-Dia-Inventor-3.jpg 722w, https:\/\/www.uv.mx\/prensa\/files\/2022\/02\/170222-Dia-Inventor-3-300x200.jpg 300w\" sizes=\"(max-width: 722px) 100vw, 722px\" \/><p id=\"caption-attachment-110321\" class=\"wp-caption-text\">Seraf\u00edn Flores, director general de Vinculaci\u00f3n, record\u00f3 que es la inventiva y la tecnolog\u00eda lo que ha permitido seguir conviviendo durante la pandemia<\/p><\/div>\n<p>&nbsp;<\/p>\n<p><span data-contrast=\"auto\">Sobre el D\u00eda del Inventor Mexicano, subray\u00f3 que \u201ces para celebrar a todos aquellos que han cambiado el mundo con sus inventos, para celebrar su creatividad e ingenio\u201d.<\/span><span data-ccp-props=\"{&quot;201341983&quot;:0,&quot;335559731&quot;:720,&quot;335559740&quot;:240}\">\u00a0<\/span><\/p>\n<p><span data-contrast=\"auto\">V\u00edctor S\u00e1nchez Trejo, director de la Red OTT M\u00e9xico, reconoci\u00f3 que en la Universidad Veracruzana: \u201cHemos encontrado un gran aliado en la UV como una coordinadora de la regi\u00f3n, ha integrado actividades con otras OTT de estados vecinos y con un proyecto particular, generando una comunicaci\u00f3n transversal con dichas oficinas. Agradecemos que la UV haya asumido este prop\u00f3sito\u201d.<\/span><span data-ccp-props=\"{&quot;201341983&quot;:0,&quot;335559731&quot;:720,&quot;335559740&quot;:240}\">\u00a0<\/span><\/p>\n<p><span data-contrast=\"auto\">Refiri\u00f3 que a pesar de un contexto dif\u00edcil como el de 2021, se observa un crecimiento del 14 por ciento en el n\u00famero de registros ante el IMPI porque la ciencia est\u00e1 atendiendo problemas relevantes de la sociedad.<\/span><span data-ccp-props=\"{&quot;201341983&quot;:0,&quot;335559731&quot;:720,&quot;335559740&quot;:240}\">\u00a0<\/span><\/p>\n<p><span data-contrast=\"auto\">\u201cEn los \u00faltimos cinco a\u00f1os temas como salud, alimentos y biotecnolog\u00eda cuentan con registros de invenciones provenientes de nuestras universidades y, seg\u00fan nuestros estudios, tales capacidades se pueden fortalecer y consolidar para que tengan aplicaci\u00f3n y protecci\u00f3n; tal es el prop\u00f3sito de nuestra red\u201d, puntualiz\u00f3.<\/span><span data-ccp-props=\"{&quot;201341983&quot;:0,&quot;335559731&quot;:720,&quot;335559740&quot;:240}\">\u00a0<\/span><\/p>\n<p><span data-ccp-props=\"{&quot;201341983&quot;:0,&quot;335559740&quot;:240}\">\u00a0<\/span><\/p>\n<div id=\"attachment_110322\" style=\"width: 732px\" class=\"wp-caption aligncenter\"><img aria-describedby=\"caption-attachment-110322\" decoding=\"async\" loading=\"lazy\" class=\"size-full wp-image-110322\" src=\"https:\/\/www.uv.mx\/prensa\/files\/2022\/02\/170222-Dia-Inventor-4.jpg\" alt=\"\" width=\"722\" height=\"481\" srcset=\"https:\/\/www.uv.mx\/prensa\/files\/2022\/02\/170222-Dia-Inventor-4.jpg 722w, https:\/\/www.uv.mx\/prensa\/files\/2022\/02\/170222-Dia-Inventor-4-300x200.jpg 300w\" sizes=\"(max-width: 722px) 100vw, 722px\" \/><p id=\"caption-attachment-110322\" class=\"wp-caption-text\">V\u00edctor S\u00e1nchez, director de la Red OTT M\u00e9xico, reconoci\u00f3 p\u00fablicamente a la UV por ser coordinadora regional de las OTT<\/p><\/div>\n<p>&nbsp;<\/p>\n<p><b><span data-contrast=\"auto\">Reconocimiento a inventores de la comunidad universitaria<\/span><\/b><span data-ccp-props=\"{&quot;201341983&quot;:0,&quot;335559740&quot;:240}\">\u00a0<\/span><\/p>\n<p><span data-contrast=\"auto\">Jaqueline Jongitud Zamora, secretaria de Desarrollo Institucional, mencion\u00f3 los registros y mostr\u00f3 los reconocimientos a los estudiantes y acad\u00e9micos de la UV y de instituciones de educaci\u00f3n superior aliadas que solicitaron patentes durante el periodo febrero de 2021 a 2022 y que recibieron apoyo o capacitaci\u00f3n de la OTT.<\/span><span data-ccp-props=\"{&quot;201341983&quot;:0,&quot;335551550&quot;:1,&quot;335551620&quot;:1,&quot;335559740&quot;:240}\">\u00a0<\/span><\/p>\n<p><span data-contrast=\"auto\">Detall\u00f3 que las solicitudes de patente registradas fueron por: \u201cProceso para la obtenci\u00f3n de c\u00e1psulas compartimentalizadas que contienen probi\u00f3ticos y fracciones de fructuano de agave\u201d; \u201cDispositivo de separaci\u00f3n de flujos multifase\u201d; \u201cM\u00e9todo para predecir el tiempo de ejecuci\u00f3n de una pluralidad de m\u00e1quinas virtuales en una nube de c\u00f3mputo\u201d, y \u201cMalet\u00edn de equipo m\u00e9dico\u201d.<\/span><span data-ccp-props=\"{&quot;201341983&quot;:0,&quot;335559740&quot;:240}\">\u00a0<\/span><\/p>\n<p><span data-contrast=\"auto\">Enseguida mencion\u00f3 las patentes concedidas durante 2021 y entreg\u00f3 reconocimientos a sus inventores por: \u201cProceso para la micropropagaci\u00f3n a escala comercial de <\/span><i><span data-contrast=\"auto\">stevia spp<\/span><\/i><span data-contrast=\"auto\">\u201d; \u201cM\u00e9todo no invasivo para caracterizar la fuente lar\u00edngea\u201d; \u201cProceso para tratamiento de grasas residuales\u201d; \u201cAmortiguador diafragm\u00e1tico para la detecci\u00f3n de sobreesfuerzo\u201d; \u201cUso y composiciones de <\/span><i><span data-contrast=\"auto\">Croton draco var.draco<\/span><\/i><span data-contrast=\"auto\"> SCHTDL. &amp; CHAM. (EUPHORBIACEAE) con actividad antitumoral\u201d; \u201cSistema mec\u00e1nico para desgarre de envolturas de material flexible\u201d, y \u201cM\u00e9todo de recuperaci\u00f3n de oro y cobre de placas de circuito impreso con una soluci\u00f3n i\u00f3nica\u201d.<\/span><span data-ccp-props=\"{&quot;201341983&quot;:0,&quot;335559731&quot;:720,&quot;335559740&quot;:240}\">\u00a0<\/span><\/p>\n<div id=\"attachment_110323\" style=\"width: 732px\" class=\"wp-caption aligncenter\"><img aria-describedby=\"caption-attachment-110323\" decoding=\"async\" loading=\"lazy\" class=\"size-full wp-image-110323\" src=\"https:\/\/www.uv.mx\/prensa\/files\/2022\/02\/170222-Dia-Inventor-5.jpg\" alt=\"\" width=\"722\" height=\"481\" srcset=\"https:\/\/www.uv.mx\/prensa\/files\/2022\/02\/170222-Dia-Inventor-5.jpg 722w, https:\/\/www.uv.mx\/prensa\/files\/2022\/02\/170222-Dia-Inventor-5-300x200.jpg 300w\" sizes=\"(max-width: 722px) 100vw, 722px\" \/><p id=\"caption-attachment-110323\" class=\"wp-caption-text\">Jaqueline Jongitud, secretaria de Desarrollo Institucional, entreg\u00f3 los reconocimientos virtuales a estudiantes y acad\u00e9micos<\/p><\/div>\n<p>&nbsp;<\/p>\n<p><span data-contrast=\"auto\">En la ceremonia estuvieron como invitados especiales: Darwin Mayorga Cruz, director general del Consejo Veracruzano de Investigaci\u00f3n Cient\u00edfica y Desarrollo Tecnol\u00f3gico (<\/span><i><span data-contrast=\"auto\">Coveicydet<\/span><\/i><span data-contrast=\"auto\">); Sergio Ra\u00fal del Valle M\u00e9ndez, jefe de la Divisi\u00f3n Tecnol\u00f3gica del <\/span><i><span data-contrast=\"auto\">Coveicydet<\/span><\/i><span data-contrast=\"auto\">; Emilia Hern\u00e1ndez Priegas, subdirectora divisional de examen de fondo de las \u00e1reas Biotecnolog\u00eda, Farmac\u00e9utica y Qu\u00edmica del IMPI, e Ingrid Romaneli Rivera, registradora de la Propiedad Intelectual de Guatemala.<\/span><span data-ccp-props=\"{&quot;201341983&quot;:0,&quot;335559731&quot;:720,&quot;335559740&quot;:240}\">\u00a0<\/span><\/p>\n<p><span data-contrast=\"auto\">Por la UV asistieron: Elena Rustri\u00e1n Portilla, secretaria Acad\u00e9mica; Lizbeth Margarita Viveros Cancino, secretaria de Administraci\u00f3n y Finanzas; Marisol Luna Leal, Abogada General; siguieron por enlace los vicerrectores de las cuatro regiones, as\u00ed como directores generales acad\u00e9micos y administrativos, de facultades e institutos.<\/span><span data-ccp-props=\"{&quot;201341983&quot;:0,&quot;335559740&quot;:240}\">\u00a0<\/span><\/p>\n<p>&nbsp;<\/p>\n<div id='gallery-1' class='gallery galleryid-110316 gallery-columns-2 gallery-size-full'><dl class='gallery-item'>\n\t\t\t<dt class='gallery-icon landscape'>\n\t\t\t\t<a href='https:\/\/www.uv.mx\/prensa\/files\/2022\/02\/170222-Patentes-5.jpg'><img width=\"1284\" height=\"481\" src=\"https:\/\/www.uv.mx\/prensa\/files\/2022\/02\/170222-Patentes-5.jpg\" class=\"attachment-full size-full\" alt=\"\" decoding=\"async\" loading=\"lazy\" aria-describedby=\"gallery-1-110325\" srcset=\"https:\/\/www.uv.mx\/prensa\/files\/2022\/02\/170222-Patentes-5.jpg 1284w, https:\/\/www.uv.mx\/prensa\/files\/2022\/02\/170222-Patentes-5-300x112.jpg 300w, https:\/\/www.uv.mx\/prensa\/files\/2022\/02\/170222-Patentes-5-1024x384.jpg 1024w, https:\/\/www.uv.mx\/prensa\/files\/2022\/02\/170222-Patentes-5-768x288.jpg 768w, https:\/\/www.uv.mx\/prensa\/files\/2022\/02\/170222-Patentes-5-1200x450.jpg 1200w\" sizes=\"(max-width: 1284px) 100vw, 1284px\" \/><\/a>\n\t\t\t<\/dt>\n\t\t\t\t<dd class='wp-caption-text gallery-caption' id='gallery-1-110325'>\n\t\t\t\tLa UV reconoci\u00f3 a los inventores de su comunidad que registraron una patente ante el IMPI \n\t\t\t\t<\/dd><\/dl><dl class='gallery-item'>\n\t\t\t<dt class='gallery-icon landscape'>\n\t\t\t\t<a href='https:\/\/www.uv.mx\/prensa\/files\/2022\/02\/170222-Patentes-6.jpg'><img width=\"1284\" height=\"481\" src=\"https:\/\/www.uv.mx\/prensa\/files\/2022\/02\/170222-Patentes-6.jpg\" class=\"attachment-full size-full\" alt=\"\" decoding=\"async\" loading=\"lazy\" aria-describedby=\"gallery-1-110324\" srcset=\"https:\/\/www.uv.mx\/prensa\/files\/2022\/02\/170222-Patentes-6.jpg 1284w, https:\/\/www.uv.mx\/prensa\/files\/2022\/02\/170222-Patentes-6-300x112.jpg 300w, https:\/\/www.uv.mx\/prensa\/files\/2022\/02\/170222-Patentes-6-1024x384.jpg 1024w, https:\/\/www.uv.mx\/prensa\/files\/2022\/02\/170222-Patentes-6-768x288.jpg 768w, https:\/\/www.uv.mx\/prensa\/files\/2022\/02\/170222-Patentes-6-1200x450.jpg 1200w\" sizes=\"(max-width: 1284px) 100vw, 1284px\" \/><\/a>\n\t\t\t<\/dt>\n\t\t\t\t<dd class='wp-caption-text gallery-caption' id='gallery-1-110324'>\n\t\t\t\tTambi\u00e9n fueron reconocidas las solicitudes de registro de patente ante el IMPI\n\t\t\t\t<\/dd><\/dl><br style=\"clear: both\" \/>\n\t\t<\/div>\n\n","protected":false},"excerpt":{"rendered":"<p>En esta casa de estudios buscamos generar entornos educativos donde seguir imaginando presentes m\u00e1s justos y futuros mejores: Mart\u00edn Aguilar S\u00e1nchez<\/p>\n","protected":false},"author":1508,"featured_media":110317,"comment_status":"closed","ping_status":"closed","sticky":false,"template":"","format":"standard","meta":[],"categories":[61],"tags":[],"_links":{"self":[{"href":"https:\/\/www.uv.mx\/prensa\/wp-json\/wp\/v2\/posts\/110316"}],"collection":[{"href":"https:\/\/www.uv.mx\/prensa\/wp-json\/wp\/v2\/posts"}],"about":[{"href":"https:\/\/www.uv.mx\/prensa\/wp-json\/wp\/v2\/types\/post"}],"author":[{"embeddable":true,"href":"https:\/\/www.uv.mx\/prensa\/wp-json\/wp\/v2\/users\/1508"}],"replies":[{"embeddable":true,"href":"https:\/\/www.uv.mx\/prensa\/wp-json\/wp\/v2\/comments?post=110316"}],"version-history":[{"count":1,"href":"https:\/\/www.uv.mx\/prensa\/wp-json\/wp\/v2\/posts\/110316\/revisions"}],"predecessor-version":[{"id":110403,"href":"https:\/\/www.uv.mx\/prensa\/wp-json\/wp\/v2\/posts\/110316\/revisions\/110403"}],"wp:featuredmedia":[{"embeddable":true,"href":"https:\/\/www.uv.mx\/prensa\/wp-json\/wp\/v2\/media\/110317"}],"wp:attachment":[{"href":"https:\/\/www.uv.mx\/prensa\/wp-json\/wp\/v2\/media?parent=110316"}],"wp:term":[{"taxonomy":"category","embeddable":true,"href":"https:\/\/www.uv.mx\/prensa\/wp-json\/wp\/v2\/categories?post=110316"},{"taxonomy":"post_tag","embeddable":true,"href":"https:\/\/www.uv.mx\/prensa\/wp-json\/wp\/v2\/tags?post=110316"}],"curies":[{"name":"wp","href":"https:\/\/api.w.org\/{rel}","templated":true}]}}