{"id":110399,"date":"2022-02-18T14:08:00","date_gmt":"2022-02-18T20:08:00","guid":{"rendered":"https:\/\/www.uv.mx\/prensa\/?p=110399"},"modified":"2022-02-18T14:40:56","modified_gmt":"2022-02-18T20:40:56","slug":"region-coatzacoalcos-minatitlan-presento-su-oferta-educativa","status":"publish","type":"post","link":"https:\/\/www.uv.mx\/prensa\/regiones\/coatzacoalcos\/region-coatzacoalcos-minatitlan-presento-su-oferta-educativa\/","title":{"rendered":"Regi\u00f3n Coatzacoalcos-Minatitl\u00e1n present\u00f3 su oferta educativa"},"content":{"rendered":"<ul>\n<li data-leveltext=\"\uf0b7\" data-font=\"Symbol\" data-listid=\"1\" data-aria-posinset=\"1\" data-aria-level=\"1\"><i><span data-contrast=\"auto\">Incluye el programa educativo de Licenciatura en Agroecolog\u00eda y Soberan\u00eda Alimentaria, adscrito a la UVI Las Selvas<\/span><\/i><span data-ccp-props=\"{&quot;201341983&quot;:0,&quot;335559739&quot;:160,&quot;335559740&quot;:240}\">\u00a0<\/span><\/li>\n<li data-leveltext=\"\uf0b7\" data-font=\"Symbol\" data-listid=\"1\" data-aria-posinset=\"2\" data-aria-level=\"1\"><i><span data-contrast=\"auto\">Est\u00e1n disponibles mil 946 lugares en 26 programas educativos: tres de TSU y 23 de licenciatura<\/span><\/i><span data-ccp-props=\"{&quot;201341983&quot;:0,&quot;335559739&quot;:160,&quot;335559740&quot;:240}\">\u00a0<\/span><\/li>\n<\/ul>\n<p>&nbsp;<\/p>\n<div id=\"attachment_110329\" style=\"width: 732px\" class=\"wp-caption aligncenter\"><a href=\"https:\/\/www.uv.mx\/prensa\/files\/2022\/02\/18022-Convocatoria-Coatza.jpg\"><img aria-describedby=\"caption-attachment-110329\" decoding=\"async\" loading=\"lazy\" class=\"size-full wp-image-110329\" src=\"https:\/\/www.uv.mx\/prensa\/files\/2022\/02\/18022-Convocatoria-Coatza.jpg\" alt=\"\" width=\"722\" height=\"481\" srcset=\"https:\/\/www.uv.mx\/prensa\/files\/2022\/02\/18022-Convocatoria-Coatza.jpg 722w, https:\/\/www.uv.mx\/prensa\/files\/2022\/02\/18022-Convocatoria-Coatza-300x200.jpg 300w\" sizes=\"(max-width: 722px) 100vw, 722px\" \/><\/a><p id=\"caption-attachment-110329\" class=\"wp-caption-text\">Presentaci\u00f3n de la convocatoria 2022<\/p><\/div>\n<p>&nbsp;<\/p>\n<p><b><i><span data-contrast=\"auto\">Cecilia Escribano Reyes<\/span><\/i><\/b><\/p>\n<p><b><i><span data-contrast=\"auto\">18\/02\/2022, Coatzacoalcos, Ver.- <\/span><\/i><\/b><span data-contrast=\"auto\">Georgina Hern\u00e1ndez R\u00edos y Florentino Cruz Mart\u00ednez, vicerrectora y secretario Acad\u00e9mico de la <a href=\"https:\/\/www.uv.mx\/coatza\/\" target=\"_blank\" rel=\"noopener\">regi\u00f3n Coatzacoalcos-Minatitl\u00e1n<\/a> de la Universidad Veracruzana (UV), respectivamente, presentaron la oferta educativa de esta casa de estudios en el sur de la entidad, en rueda de prensa realizada en instalaciones universitarias.<\/span><span data-ccp-props=\"{&quot;134233279&quot;:true,&quot;201341983&quot;:0,&quot;335559739&quot;:160,&quot;335559740&quot;:240}\">\u00a0<\/span><\/p>\n<p><span data-contrast=\"auto\">La Vicerrectora inform\u00f3 que el 16 de febrero la UV public\u00f3 la convocatoria correspondiente al ciclo escolar 2022 para el ingreso a la licenciatura y T\u00e9cnico Superior Universitario (TSU), disponible en:\u00a0 <\/span><a href=\"https:\/\/www.uv.mx\/escolar\/licenciatura2022\/\"><span data-contrast=\"none\">https:\/\/www.uv.mx\/escolar\/licenciatura2022\/.<\/span><\/a><\/p>\n<p><span data-contrast=\"auto\">Agreg\u00f3 que la Universidad Veracruzana Intercultural (UVI) sede Las Selvas, ubicada en Huazuntl\u00e1n, ofrece un nuevo programa educativo: la Licenciatura en Agroecolog\u00eda y Soberan\u00eda Alimentaria, con 30 lugares disponibles.<\/span><span data-ccp-props=\"{&quot;134233279&quot;:true,&quot;201341983&quot;:0,&quot;335559731&quot;:708,&quot;335559739&quot;:160,&quot;335559740&quot;:240}\">\u00a0<\/span><\/p>\n<p><span data-contrast=\"auto\">Enfatiz\u00f3 que la UV no avala ning\u00fan curso de preparaci\u00f3n <\/span><span data-contrast=\"auto\">para el examen de ingreso <\/span><span data-contrast=\"auto\">y que obtener un lugar con derecho a inscripci\u00f3n s\u00f3lo es posible a trav\u00e9s del puntaje logrado.<\/span><span data-ccp-props=\"{&quot;134233279&quot;:true,&quot;201341983&quot;:0,&quot;335559731&quot;:708,&quot;335559739&quot;:160,&quot;335559740&quot;:240}\">\u00a0<\/span><\/p>\n<p><span data-contrast=\"auto\">Cabe se\u00f1alar que para apoyar la preparaci\u00f3n de los aspirantes se ha dise\u00f1ado la Autoevaluaci\u00f3n para el Examen de Ingreso a la Universidad Veracruzana (AEIXIUV), misma que podr\u00e1 adquirirse en l\u00ednea.<\/span><span data-ccp-props=\"{&quot;134233279&quot;:true,&quot;201341983&quot;:0,&quot;335559731&quot;:708,&quot;335559739&quot;:160,&quot;335559740&quot;:240}\">\u00a0<\/span><\/p>\n<p><span data-contrast=\"auto\">La solicitud de registro en l\u00ednea ya inici\u00f3 y permanecer\u00e1 hasta el 28 de marzo. El examen se realizar\u00e1 en dos modalidades: presencial y en l\u00ednea; el primero se efectuar\u00e1 en las sedes Coatzacoalcos y Minatitl\u00e1n los d\u00edas 21, 22, 28 y 29 de mayo, en la hora indicada en la credencial; el examen en l\u00ednea se realizar\u00e1 el 24, 25 y 31 de mayo y 1 de junio. La publicaci\u00f3n de resultados ser\u00e1 el 27 de junio.<\/span><span data-ccp-props=\"{&quot;134233279&quot;:true,&quot;201341983&quot;:0,&quot;335559731&quot;:708,&quot;335559739&quot;:160,&quot;335559740&quot;:240}\">\u00a0<\/span><\/p>\n<p><span data-contrast=\"auto\">Hern\u00e1ndez R\u00edos invit\u00f3 a los aspirantes a leer minuciosamente la convocatoria y revisar las fechas importantes para evitar contratiempos.\u00a0<\/span><span data-ccp-props=\"{&quot;134233279&quot;:true,&quot;201341983&quot;:0,&quot;335559739&quot;:160,&quot;335559740&quot;:240}\">\u00a0<\/span><\/p>\n<p><span data-contrast=\"auto\">Por su parte, Florentino Cruz expres\u00f3 que en la regi\u00f3n Coatzacoalcos-Minatitl\u00e1n se ofrecen mil 946 lugares en 26 programas educativos: tres de TSU y 23 de licenciatura, agrupados en las seis \u00e1reas acad\u00e9micas: Artes, Ciencias Biol\u00f3gicas y Agropecuarias, Ciencias de la Salud, Econ\u00f3mico-Administrativas, Humanidades y T\u00e9cnica.<\/span><span data-ccp-props=\"{&quot;134233279&quot;:true,&quot;201341983&quot;:0,&quot;335559731&quot;:708,&quot;335559739&quot;:160,&quot;335559740&quot;:240}\">\u00a0<\/span><\/p>\n<p><span data-contrast=\"auto\">Agreg\u00f3 que la Licenciatura en Agroecolog\u00eda y Soberan\u00eda Alimentaria permite que la UVI ampl\u00ede su oferta educativa; es una carrera que corresponde a las vocaciones regionales de esa zona que se caracteriza por sus recursos naturales y por ser el territorio donde coexisten nahuas, popolucas y otros grupos \u00e9tnicos.\u00a0<\/span><span data-ccp-props=\"{&quot;134233279&quot;:true,&quot;201341983&quot;:0,&quot;335559731&quot;:708,&quot;335559739&quot;:160,&quot;335559740&quot;:240}\">\u00a0<\/span><\/p>\n<p><span data-contrast=\"auto\">Para quienes est\u00e9n interesados en el proceso, la Vicerrector\u00eda habilit\u00f3 la l\u00ednea telef\u00f3nica: 921 2136194 y el conmutador 921 2115700, extensiones 51401 y 55720, donde se les atender\u00e1 de lunes a viernes, de 8:30 a 20:30 horas.<\/span><span data-ccp-props=\"{&quot;134233279&quot;:true,&quot;201341983&quot;:0,&quot;335559739&quot;:160,&quot;335559740&quot;:240}\">\u00a0<\/span><\/p>\n","protected":false},"excerpt":{"rendered":"<p>Los interesados pueden solicitar informes al tel\u00e9fono 921 2136194 y al conmutador 921 2115700, extensiones 51401 y 55720, de lunes a viernes, de 8:30 a 20:30 horas <\/p>\n","protected":false},"author":1508,"featured_media":110329,"comment_status":"closed","ping_status":"closed","sticky":false,"template":"","format":"standard","meta":[],"categories":[52],"tags":[],"_links":{"self":[{"href":"https:\/\/www.uv.mx\/prensa\/wp-json\/wp\/v2\/posts\/110399"}],"collection":[{"href":"https:\/\/www.uv.mx\/prensa\/wp-json\/wp\/v2\/posts"}],"about":[{"href":"https:\/\/www.uv.mx\/prensa\/wp-json\/wp\/v2\/types\/post"}],"author":[{"embeddable":true,"href":"https:\/\/www.uv.mx\/prensa\/wp-json\/wp\/v2\/users\/1508"}],"replies":[{"embeddable":true,"href":"https:\/\/www.uv.mx\/prensa\/wp-json\/wp\/v2\/comments?post=110399"}],"version-history":[{"count":1,"href":"https:\/\/www.uv.mx\/prensa\/wp-json\/wp\/v2\/posts\/110399\/revisions"}],"predecessor-version":[{"id":110411,"href":"https:\/\/www.uv.mx\/prensa\/wp-json\/wp\/v2\/posts\/110399\/revisions\/110411"}],"wp:featuredmedia":[{"embeddable":true,"href":"https:\/\/www.uv.mx\/prensa\/wp-json\/wp\/v2\/media\/110329"}],"wp:attachment":[{"href":"https:\/\/www.uv.mx\/prensa\/wp-json\/wp\/v2\/media?parent=110399"}],"wp:term":[{"taxonomy":"category","embeddable":true,"href":"https:\/\/www.uv.mx\/prensa\/wp-json\/wp\/v2\/categories?post=110399"},{"taxonomy":"post_tag","embeddable":true,"href":"https:\/\/www.uv.mx\/prensa\/wp-json\/wp\/v2\/tags?post=110399"}],"curies":[{"name":"wp","href":"https:\/\/api.w.org\/{rel}","templated":true}]}}