{"id":110517,"date":"2022-02-21T18:50:29","date_gmt":"2022-02-22T00:50:29","guid":{"rendered":"https:\/\/www.uv.mx\/prensa\/?p=110517"},"modified":"2022-02-22T12:16:56","modified_gmt":"2022-02-22T18:16:56","slug":"uv-celebra-70-aniversario-de-medicina-y-odontologia-region-veracruz","status":"publish","type":"post","link":"https:\/\/www.uv.mx\/prensa\/regiones\/veracruz\/uv-celebra-70-aniversario-de-medicina-y-odontologia-region-veracruz\/","title":{"rendered":"UV celebra 70 aniversario de Medicina y Odontolog\u00eda, regi\u00f3n Veracruz"},"content":{"rendered":"<ul>\n<li data-leveltext=\"\uf0b7\" data-font=\"Symbol\" data-listid=\"2\" data-aria-posinset=\"1\" data-aria-level=\"1\"><i><span data-contrast=\"auto\">Estas facultades se inauguraron en 1952, por el entonces presidente de M\u00e9xico, Miguel Alem\u00e1n Vald\u00e9s, y el ex rector Arturo Llorente<\/span><\/i><span data-ccp-props=\"{&quot;201341983&quot;:0,&quot;335559739&quot;:160,&quot;335559740&quot;:240}\">\u00a0<\/span><\/li>\n<li data-leveltext=\"\uf0b7\" data-font=\"Symbol\" data-listid=\"2\" data-aria-posinset=\"2\" data-aria-level=\"1\"><i><span data-contrast=\"auto\">Este lunes iniciaron las actividades acad\u00e9micas, culturales y deportivas conmemorativas, con la participaci\u00f3n del Rector\u00a0<\/span><\/i><span data-ccp-props=\"{&quot;201341983&quot;:0,&quot;335559739&quot;:160,&quot;335559740&quot;:240}\">\u00a0<\/span><\/li>\n<li data-leveltext=\"\uf0b7\" data-font=\"Symbol\" data-listid=\"2\" data-aria-posinset=\"3\" data-aria-level=\"1\"><i><span data-contrast=\"auto\">Mart\u00edn Aguilar S\u00e1nchez felicit\u00f3 a ambas entidades por siete d\u00e9cadas de una praxis educativa ejemplar y benem\u00e9rita<\/span><\/i><span data-ccp-props=\"{&quot;201341983&quot;:0,&quot;335559739&quot;:160,&quot;335559740&quot;:240}\">\u00a0<\/span><\/li>\n<\/ul>\n<p>&nbsp;<\/p>\n<div id=\"attachment_110504\" style=\"width: 732px\" class=\"wp-caption aligncenter\"><a href=\"https:\/\/www.uv.mx\/prensa\/files\/2022\/02\/210222-Anibversario-Medicina-y-odontologia-1.jpg\"><img aria-describedby=\"caption-attachment-110504\" decoding=\"async\" loading=\"lazy\" class=\"size-full wp-image-110504\" src=\"https:\/\/www.uv.mx\/prensa\/files\/2022\/02\/210222-Anibversario-Medicina-y-odontologia-1.jpg\" alt=\"\" width=\"722\" height=\"481\" srcset=\"https:\/\/www.uv.mx\/prensa\/files\/2022\/02\/210222-Anibversario-Medicina-y-odontologia-1.jpg 722w, https:\/\/www.uv.mx\/prensa\/files\/2022\/02\/210222-Anibversario-Medicina-y-odontologia-1-300x200.jpg 300w\" sizes=\"(max-width: 722px) 100vw, 722px\" \/><\/a><p id=\"caption-attachment-110504\" class=\"wp-caption-text\">Mart\u00edn Aguilar S\u00e1nchez encabez\u00f3 los festejos del LXX aniversario de las facultades de Medicina y Odontolog\u00eda, regi\u00f3n Veracruz<\/p><\/div>\n<p>&nbsp;<\/p>\n<p><b><i><span data-contrast=\"auto\">Claudia Peralta y Blanca Gonz\u00e1lez<\/span><\/i><\/b><span data-ccp-props=\"{&quot;201341983&quot;:0,&quot;335559739&quot;:160,&quot;335559740&quot;:240}\">\u00a0<\/span><\/p>\n<p><b><i><span data-contrast=\"auto\">Fotos: Luis Fernando Fern\u00e1ndez y Aracely Hern\u00e1ndez<\/span><\/i><\/b><span data-ccp-props=\"{&quot;201341983&quot;:0,&quot;335559739&quot;:160,&quot;335559740&quot;:240}\">\u00a0<\/span><\/p>\n<p><span data-ccp-props=\"{&quot;201341983&quot;:0,&quot;335559739&quot;:160,&quot;335559740&quot;:240}\">\u00a0<\/span><b><i><span data-contrast=\"auto\">21\/02\/2022, Boca del R\u00edo, Ver.- <\/span><\/i><\/b><span data-contrast=\"auto\">La <a href=\"https:\/\/www.uv.mx\/\" target=\"_blank\" rel=\"noopener\">Universidad Veracruzana<\/a> (UV) celebr\u00f3 el LXX aniversario de la fundaci\u00f3n de las facultades de Medicina y Odontolog\u00eda de la regi\u00f3n Veracruz, inauguradas el 21 de febrero de 1952 por el entonces presidente de M\u00e9xico, Miguel Alem\u00e1n Vald\u00e9s, y el ex rector de esta casa de estudios, Arturo Llorente Gonz\u00e1lez.<\/span><span data-ccp-props=\"{&quot;201341983&quot;:0,&quot;335559739&quot;:160,&quot;335559740&quot;:240}\">\u00a0<\/span><\/p>\n<p><span data-contrast=\"auto\">La comunidad acad\u00e9mica, directiva, administrativa y estudiantil, se uni\u00f3 a esta conmemoraci\u00f3n, a trav\u00e9s de un evento realizado este lunes en las instalaciones de la Unidad de Servicios Bibliotecarios y de Informaci\u00f3n (USBI), con la presencia del rector Mart\u00edn Aguilar S\u00e1nchez.<\/span><span data-ccp-props=\"{&quot;201341983&quot;:0,&quot;335559739&quot;:160,&quot;335559740&quot;:240}\">\u00a0<\/span><\/p>\n<p><span data-contrast=\"auto\">Al inaugurar de manera virtual las actividades acad\u00e9micas, culturales y deportivas organizadas por dicho festejo, la m\u00e1xima autoridad universitaria felicit\u00f3 a los miembros de ambas comunidades por 70 a\u00f1os de una praxis educativa tanto ejemplar como benem\u00e9rita.<\/span><span data-ccp-props=\"{&quot;201341983&quot;:0,&quot;335559739&quot;:160,&quot;335559740&quot;:240}\">\u00a0<\/span><\/p>\n<p><span data-contrast=\"auto\">Desde su fundaci\u00f3n, dijo, han constituido una parte importante de la Vicerrector\u00eda Veracruz y representan un polo de atracci\u00f3n educativa no s\u00f3lo para los habitantes de esta regi\u00f3n, sino para muchos j\u00f3venes provenientes del Sotavento, de la cuenca del Papaloapan, de otros estados del sureste del pa\u00eds y de la Rep\u00fablica Mexicana.<\/span><span data-ccp-props=\"{&quot;201341983&quot;:0,&quot;335559739&quot;:160,&quot;335559740&quot;:240}\">\u00a0<\/span><\/p>\n<p><span data-contrast=\"auto\">Expuso que, en la actualidad, los profesionales dedicados al \u00e1rea de la salud son m\u00e1s de la mitad de los que la han ejercido en toda la historia de la humanidad, situaci\u00f3n que plantea enormes desaf\u00edos a todas las escuelas de medicina y centros formativos.<\/span><span data-ccp-props=\"{&quot;201341983&quot;:0,&quot;335559731&quot;:708,&quot;335559739&quot;:160,&quot;335559740&quot;:240}\">\u00a0<\/span><\/p>\n<p><span data-contrast=\"auto\">Es decir, implica una capacitaci\u00f3n y una responsabilidad, en tanto que la dimensi\u00f3n pr\u00e1ctica de su campo de estudio no es meramente instrumental.<\/span><span data-ccp-props=\"{&quot;201341983&quot;:0,&quot;335559731&quot;:708,&quot;335559739&quot;:160,&quot;335559740&quot;:240}\">\u00a0<\/span><\/p>\n<p>&nbsp;<\/p>\n<div id=\"attachment_110524\" style=\"width: 732px\" class=\"wp-caption aligncenter\"><a href=\"https:\/\/www.uv.mx\/prensa\/files\/2022\/02\/210222-Aniversario-Medicina-y-odontologia-4.jpg\"><img aria-describedby=\"caption-attachment-110524\" decoding=\"async\" loading=\"lazy\" class=\"size-full wp-image-110524\" src=\"https:\/\/www.uv.mx\/prensa\/files\/2022\/02\/210222-Aniversario-Medicina-y-odontologia-4.jpg\" alt=\"\" width=\"722\" height=\"481\" srcset=\"https:\/\/www.uv.mx\/prensa\/files\/2022\/02\/210222-Aniversario-Medicina-y-odontologia-4.jpg 722w, https:\/\/www.uv.mx\/prensa\/files\/2022\/02\/210222-Aniversario-Medicina-y-odontologia-4-300x200.jpg 300w\" sizes=\"(max-width: 722px) 100vw, 722px\" \/><\/a><p id=\"caption-attachment-110524\" class=\"wp-caption-text\">El vicerrector Rub\u00e9n Edel Navarro felicit\u00f3 a los miembros de la comunidad universitaria de Medicina y Odontolog\u00eda<\/p><\/div>\n<p>&nbsp;<\/p>\n<p><span data-contrast=\"auto\">El Rector reconoci\u00f3 la respuesta de ambas entidades acad\u00e9micas a los retos actuales, desde la exigencia de aproximar las herramientas de los saberes m\u00e9dicos y odontol\u00f3gicos a todo aquel estudiante dispuesto a seguir una escolarizaci\u00f3n hecha de rigor, convicci\u00f3n \u00e9tica y fidelidad al paciente.<\/span><span data-ccp-props=\"{&quot;201341983&quot;:0,&quot;335559739&quot;:160,&quot;335559740&quot;:240}\">\u00a0<\/span><\/p>\n<p><span data-contrast=\"auto\">\u201cEstas facultades tienen todos los elementos para responder asertivamente a las exigencias sanitarias de nuestra \u00e9poca y a las vertiginosas transformaciones del mundo y de las formas de entenderlo y organizarlo.\u201d<\/span><span data-ccp-props=\"{&quot;201341983&quot;:0,&quot;335559731&quot;:708,&quot;335559739&quot;:160,&quot;335559740&quot;:240}\">\u00a0<\/span><\/p>\n<p><span data-contrast=\"auto\">Tambi\u00e9n, han propuesto gram\u00e1ticas actualizadas de los saberes en materia de tratamiento de patolog\u00edas y servicios sanitarios, han dibujado originales cartograf\u00edas epistemol\u00f3gicas para la medicina y la odontolog\u00eda, y han sido portadoras de refrescantes pr\u00e1cticas y metodolog\u00edas que ti\u00f1en su \u00e1mbito de conocimiento y lo contagian de expectativas nuevas.<\/span><span data-ccp-props=\"{&quot;201341983&quot;:0,&quot;335559731&quot;:708,&quot;335559739&quot;:160,&quot;335559740&quot;:240}\">\u00a0<\/span><\/p>\n<p><span data-contrast=\"auto\">\u201cLe han dado a la UV una enorme estatura educativa, cient\u00edfica y humana\u201d, recalc\u00f3 Mart\u00edn Aguilar, quien se refiri\u00f3 a la deuda de gratitud y reverencia que la instituci\u00f3n tiene con sus fundadores, profesores, egresados, y personal administrativo y manual.<\/span><span data-ccp-props=\"{&quot;201341983&quot;:0,&quot;335559731&quot;:708,&quot;335559739&quot;:160,&quot;335559740&quot;:240}\">\u00a0<\/span><\/p>\n<p>En su mensaje, el Vicerrector de la regi\u00f3n Veracruz, Rub\u00e9n Edel Navarro, destac\u00f3 que la celebraci\u00f3n del 70 aniversario es un hecho trascendental, \u201ccon el que se inici\u00f3 una larga tradici\u00f3n en la formaci\u00f3n de profesionales de la salud\u201d.<\/p>\n<p>Se\u00f1al\u00f3 que la conmemoraci\u00f3n no puede quedar, \u201cs\u00f3lo en una revisi\u00f3n hist\u00f3rica de nuestras facultades de Medicina y Odontolog\u00eda, por el contrario, debe plantearse, como una oportunidad y compromiso para realizar diversas acciones que les permitan mejorar su quehacer y continuar formando, como hasta ahora, profesionales de la salud\u201d.<\/p>\n<p>&nbsp;<\/p>\n<div id=\"attachment_110523\" style=\"width: 732px\" class=\"wp-caption aligncenter\"><a href=\"https:\/\/www.uv.mx\/prensa\/files\/2022\/02\/210222-Aniversario-Medicina-y-odontologia-3.jpg\"><img aria-describedby=\"caption-attachment-110523\" decoding=\"async\" loading=\"lazy\" class=\"size-full wp-image-110523\" src=\"https:\/\/www.uv.mx\/prensa\/files\/2022\/02\/210222-Aniversario-Medicina-y-odontologia-3.jpg\" alt=\"\" width=\"722\" height=\"481\" srcset=\"https:\/\/www.uv.mx\/prensa\/files\/2022\/02\/210222-Aniversario-Medicina-y-odontologia-3.jpg 722w, https:\/\/www.uv.mx\/prensa\/files\/2022\/02\/210222-Aniversario-Medicina-y-odontologia-3-300x200.jpg 300w\" sizes=\"(max-width: 722px) 100vw, 722px\" \/><\/a><p id=\"caption-attachment-110523\" class=\"wp-caption-text\">Laura Roesch y Julio C\u00e9sar Vi\u00f1as, directores de las facultades de Odontolog\u00eda y Medicina, respectivamente<\/p><\/div>\n<p>&nbsp;<\/p>\n<p>Todo este noble esfuerzo de generaci\u00f3n de conocimiento, continu\u00f3 el Vicerrector, con profundo sentido humano, realizado a trave\u0301s de los a\u00f1os, han forjado el prestigio de las dos facultades, as\u00ed como la de generaciones de profesionistas, formados con el ejemplo de m\u00e9dicos y odont\u00f3logos, docentes comprometidos, que han dejado huella y altos est\u00e1ndares como ejemplo de vida.<\/p>\n<p><span data-contrast=\"auto\">En su mensaje, Laura Roesch Ramos, directora de la Facultad de Odontolog\u00eda, resalt\u00f3 las tres etapas y ubicaciones que a lo largo de estas siete d\u00e9cadas ha tenido la entidad acad\u00e9mica, semillero de odont\u00f3logos con gran experiencia y prestigio.<\/span><span data-ccp-props=\"{&quot;201341983&quot;:0,&quot;335559731&quot;:708,&quot;335559739&quot;:160,&quot;335559740&quot;:240}\">\u00a0<\/span><\/p>\n<p><span data-contrast=\"auto\">Sus actividades se iniciaron al interior de la Facultad de Medicina, con dos salones de clases, un laboratorio y una generaci\u00f3n conformada por 18 alumnos. Los destinos de esta entidad acad\u00e9mica han estado a cargo de 16 odont\u00f3logos.<\/span><span data-ccp-props=\"{&quot;201341983&quot;:0,&quot;335559731&quot;:708,&quot;335559739&quot;:160,&quot;335559740&quot;:240}\">\u00a0<\/span><\/p>\n<p><span data-contrast=\"auto\">Hoy en d\u00eda su cuerpo docente es de alto nivel: dos profesores adscritos al Sistema Nacional de Investigadores (SNI), 21 acad\u00e9micos de tiempo completo, 23 de asignatura y tres t\u00e9cnicos acad\u00e9micos con grados de maestr\u00eda y doctorado.<\/span><span data-ccp-props=\"{&quot;201341983&quot;:0,&quot;335559731&quot;:708,&quot;335559739&quot;:160,&quot;335559740&quot;:240}\">\u00a0<\/span><\/p>\n<p><span data-contrast=\"auto\">Cuenta con cuatro cuerpos acad\u00e9micos (CA), y ofertan dos posgrados: las maestr\u00edas en Rehabilitaci\u00f3n Oral, y en Investigaci\u00f3n Odontol\u00f3gica.<\/span><span data-ccp-props=\"{&quot;201341983&quot;:0,&quot;335559731&quot;:708,&quot;335559739&quot;:160,&quot;335559740&quot;:240}\">\u00a0<\/span><\/p>\n<p><span data-contrast=\"auto\">\u201cCelebramos el 70 aniversario con grandes m\u00e9dicos que se han formado en estas aulas y se han destacado en el campo de la investigaci\u00f3n, docencia, administraci\u00f3n, y salud p\u00fablica y asistencial\u201d, expres\u00f3 Julio C\u00e9sar Vi\u00f1as Dosal, director de la Facultad de Medicina.<\/span><span data-ccp-props=\"{&quot;201341983&quot;:0,&quot;335559731&quot;:708,&quot;335559739&quot;:160,&quot;335559740&quot;:240}\">\u00a0<\/span><\/p>\n<p>&nbsp;<\/p>\n<div id=\"attachment_110522\" style=\"width: 1312px\" class=\"wp-caption aligncenter\"><a href=\"https:\/\/www.uv.mx\/prensa\/files\/2022\/02\/210222-Aniversario-Medicina-y-odontologia-5.jpg\"><img aria-describedby=\"caption-attachment-110522\" decoding=\"async\" loading=\"lazy\" class=\"size-full wp-image-110522\" src=\"https:\/\/www.uv.mx\/prensa\/files\/2022\/02\/210222-Aniversario-Medicina-y-odontologia-5.jpg\" alt=\"\" width=\"1302\" height=\"481\" srcset=\"https:\/\/www.uv.mx\/prensa\/files\/2022\/02\/210222-Aniversario-Medicina-y-odontologia-5.jpg 1302w, https:\/\/www.uv.mx\/prensa\/files\/2022\/02\/210222-Aniversario-Medicina-y-odontologia-5-300x111.jpg 300w, https:\/\/www.uv.mx\/prensa\/files\/2022\/02\/210222-Aniversario-Medicina-y-odontologia-5-1024x378.jpg 1024w, https:\/\/www.uv.mx\/prensa\/files\/2022\/02\/210222-Aniversario-Medicina-y-odontologia-5-768x284.jpg 768w, https:\/\/www.uv.mx\/prensa\/files\/2022\/02\/210222-Aniversario-Medicina-y-odontologia-5-1200x443.jpg 1200w\" sizes=\"(max-width: 1302px) 100vw, 1302px\" \/><\/a><p id=\"caption-attachment-110522\" class=\"wp-caption-text\">En la USBI-Veracruz tuvo lugar el festejo conmemorativo<\/p><\/div>\n<p>&nbsp;<\/p>\n<p><span data-contrast=\"auto\">Resalt\u00f3 la excelencia acad\u00e9mica, equipamiento e infraestructura, pero sobre todo al talento humano dentro de las aulas que ha contribuido a la generaci\u00f3n de profesionales de la salud con alto grado humanista.<\/span><span data-ccp-props=\"{&quot;201341983&quot;:0,&quot;335559731&quot;:708,&quot;335559739&quot;:160,&quot;335559740&quot;:240}\">\u00a0<\/span><\/p>\n<p><span data-contrast=\"auto\">\u201cNuestra facultad se enorgullece de seguir formando generaciones de galenos que ejercen su profesi\u00f3n bas\u00e1ndose en los conocimientos cient\u00edficos y cl\u00ednicos que un m\u00e9dico requiere.\u201d<\/span><span data-ccp-props=\"{&quot;201341983&quot;:0,&quot;335559731&quot;:708,&quot;335559739&quot;:160,&quot;335559740&quot;:240}\">\u00a0<\/span><\/p>\n<p><span data-contrast=\"auto\">Durante el evento, se entregaron reconocimientos a ex directores de ambas facultades, as\u00ed como a representantes de otras entidades acad\u00e9micas que contribuyeron en las acciones emprendidas para enfrentar la pandemia por la COVID-19.\u00a0<\/span><span data-ccp-props=\"{&quot;201341983&quot;:0,&quot;335559731&quot;:708,&quot;335559739&quot;:160,&quot;335559740&quot;:240}\">\u00a0<\/span><\/p>\n<p><span data-contrast=\"auto\">Estuvieron de forma presencial: Enrique Levet Gorozpe, secretario general del Sindicato del Personal Acad\u00e9mico de la UV (<\/span><i><span data-contrast=\"auto\">Fesapauv<\/span><\/i><span data-contrast=\"auto\">); Arturo Aguilar Ye, director general del \u00c1rea Acad\u00e9mica de Ciencias de la Salud, y Claudia Beatriz Enr\u00edquez Hern\u00e1ndez, secretaria Acad\u00e9mica regional.<\/span><span data-ccp-props=\"{&quot;201341983&quot;:0,&quot;335559731&quot;:708,&quot;335559739&quot;:160,&quot;335559740&quot;:240}\">\u00a0<\/span><\/p>\n<p><span data-contrast=\"auto\">Al t\u00e9rmino, el festejo fue amenizado por integrantes del grupo Nematatl\u00edn Jarocho.<\/span><span data-ccp-props=\"{&quot;201341983&quot;:0,&quot;335559731&quot;:708,&quot;335559739&quot;:160,&quot;335559740&quot;:240}\">\u00a0<\/span><\/p>\n<p>&nbsp;<\/p>\n<div id=\"attachment_110503\" style=\"width: 732px\" class=\"wp-caption aligncenter\"><a href=\"https:\/\/www.uv.mx\/prensa\/files\/2022\/02\/210222-Anibversario-Medicina-y-odontologia-3.jpg\"><img aria-describedby=\"caption-attachment-110503\" decoding=\"async\" loading=\"lazy\" class=\"size-full wp-image-110503\" src=\"https:\/\/www.uv.mx\/prensa\/files\/2022\/02\/210222-Anibversario-Medicina-y-odontologia-3.jpg\" alt=\"\" width=\"722\" height=\"481\" srcset=\"https:\/\/www.uv.mx\/prensa\/files\/2022\/02\/210222-Anibversario-Medicina-y-odontologia-3.jpg 722w, https:\/\/www.uv.mx\/prensa\/files\/2022\/02\/210222-Anibversario-Medicina-y-odontologia-3-300x200.jpg 300w\" sizes=\"(max-width: 722px) 100vw, 722px\" \/><\/a><p id=\"caption-attachment-110503\" class=\"wp-caption-text\">Comunidad universitaria de ambas facultades estuvieron en la celebraci\u00f3n por v\u00eda remota<\/p><\/div>\n","protected":false},"excerpt":{"rendered":"<p>\u201cEstas facultades tienen todos los elementos para responder asertivamente a las exigencias sanitarias de nuestra \u00e9poca y a las vertiginosas transformaciones del mundo\u201d: Mart\u00edn Aguilar S\u00e1nchez <\/p>\n","protected":false},"author":1508,"featured_media":110497,"comment_status":"closed","ping_status":"closed","sticky":false,"template":"","format":"standard","meta":[],"categories":[61,55],"tags":[],"_links":{"self":[{"href":"https:\/\/www.uv.mx\/prensa\/wp-json\/wp\/v2\/posts\/110517"}],"collection":[{"href":"https:\/\/www.uv.mx\/prensa\/wp-json\/wp\/v2\/posts"}],"about":[{"href":"https:\/\/www.uv.mx\/prensa\/wp-json\/wp\/v2\/types\/post"}],"author":[{"embeddable":true,"href":"https:\/\/www.uv.mx\/prensa\/wp-json\/wp\/v2\/users\/1508"}],"replies":[{"embeddable":true,"href":"https:\/\/www.uv.mx\/prensa\/wp-json\/wp\/v2\/comments?post=110517"}],"version-history":[{"count":1,"href":"https:\/\/www.uv.mx\/prensa\/wp-json\/wp\/v2\/posts\/110517\/revisions"}],"predecessor-version":[{"id":110584,"href":"https:\/\/www.uv.mx\/prensa\/wp-json\/wp\/v2\/posts\/110517\/revisions\/110584"}],"wp:featuredmedia":[{"embeddable":true,"href":"https:\/\/www.uv.mx\/prensa\/wp-json\/wp\/v2\/media\/110497"}],"wp:attachment":[{"href":"https:\/\/www.uv.mx\/prensa\/wp-json\/wp\/v2\/media?parent=110517"}],"wp:term":[{"taxonomy":"category","embeddable":true,"href":"https:\/\/www.uv.mx\/prensa\/wp-json\/wp\/v2\/categories?post=110517"},{"taxonomy":"post_tag","embeddable":true,"href":"https:\/\/www.uv.mx\/prensa\/wp-json\/wp\/v2\/tags?post=110517"}],"curies":[{"name":"wp","href":"https:\/\/api.w.org\/{rel}","templated":true}]}}