{"id":110691,"date":"2022-02-24T10:41:07","date_gmt":"2022-02-24T16:41:07","guid":{"rendered":"https:\/\/www.uv.mx\/prensa\/?p=110691"},"modified":"2022-02-24T14:17:08","modified_gmt":"2022-02-24T20:17:08","slug":"orteuv-presentara-ultimas-funciones-de-kassandra","status":"publish","type":"post","link":"https:\/\/www.uv.mx\/prensa\/cultura\/orteuv-presentara-ultimas-funciones-de-kassandra\/","title":{"rendered":"<em>Orteuv<\/em> presentar\u00e1 \u00faltimas funciones de <em>Kassandra<\/em>"},"content":{"rendered":"<ul>\n<li><em>\u00a0En el Teatro La Caja, los d\u00edas 24, 25, 26 y 27 de febrero, ser\u00e1n las \u00faltimas funciones de esta temporada\u00a0<\/em><\/li>\n<\/ul>\n<p>&nbsp;<\/p>\n<div id=\"attachment_110695\" style=\"width: 732px\" class=\"wp-caption aligncenter\"><a href=\"https:\/\/www.uv.mx\/prensa\/files\/2022\/02\/230222-Kassancra-1.jpg\"><img aria-describedby=\"caption-attachment-110695\" decoding=\"async\" loading=\"lazy\" class=\"size-full wp-image-110695\" src=\"https:\/\/www.uv.mx\/prensa\/files\/2022\/02\/230222-Kassancra-1.jpg\" alt=\"\" width=\"722\" height=\"481\" srcset=\"https:\/\/www.uv.mx\/prensa\/files\/2022\/02\/230222-Kassancra-1.jpg 722w, https:\/\/www.uv.mx\/prensa\/files\/2022\/02\/230222-Kassancra-1-300x200.jpg 300w\" sizes=\"(max-width: 722px) 100vw, 722px\" \/><\/a><p id=\"caption-attachment-110695\" class=\"wp-caption-text\">Los d\u00edas 24, 25, 26 y 27 de febrero son las \u00faltimas fechas de esta corta temporada<\/p><\/div>\n<p>&nbsp;<\/p>\n<p><b><i><span data-contrast=\"auto\">Karina de la Paz Reyes D\u00edaz<\/span><\/i><\/b><span data-ccp-props=\"{&quot;134233279&quot;:true,&quot;201341983&quot;:0,&quot;335559739&quot;:160,&quot;335559740&quot;:240}\">\u00a0<\/span><\/p>\n<p><b><i><span data-contrast=\"auto\">Fotos: Jos\u00e9 Rujiro Hern\u00e1ndez Temis<\/span><\/i><\/b><span data-ccp-props=\"{&quot;134233279&quot;:true,&quot;201341983&quot;:0,&quot;335559739&quot;:160,&quot;335559740&quot;:240}\">\u00a0<\/span><\/p>\n<p><b><i><span data-contrast=\"auto\">24\/02\/2022, Xalapa, Ver.- <\/span><\/i><\/b><i><span data-contrast=\"auto\">Kassandra es una <\/span><\/i><span data-contrast=\"auto\">obra que, a decir de las actrices y directoras, as\u00ed como de la asistente de direcci\u00f3n, es un pretexto para hablar de varios temas: el destierro, la incomunicaci\u00f3n, el racismo, la pobreza y m\u00e1s. Se est\u00e1 presentando en el Teatro La Caja de la Universidad Veracruzana (UV).<\/span><span data-ccp-props=\"{&quot;134233279&quot;:true,&quot;201341983&quot;:0,&quot;335559739&quot;:160,&quot;335559740&quot;:240}\">\u00a0<\/span><\/p>\n<p><span data-contrast=\"auto\">Con <\/span><i><span data-contrast=\"auto\">Kassandra<\/span><\/i><span data-contrast=\"auto\">, del dramaturgo franco-uruguayo Sergio Blanco, la Organizaci\u00f3n Teatral de la UV (<\/span><i><span data-contrast=\"auto\">Orteuv<\/span><\/i><span data-contrast=\"auto\">) inici\u00f3 funciones este 2022 en el Teatro La Caja. Los d\u00edas 24, 25, 26 y 27 de febrero se presentar\u00e1n las \u00faltimas funciones de esta corta temporada, propuesta con dos versiones: la primera es dirigida por Ana Mar\u00eda Aguilar e interpretada por Karina Meneses, y la segunda, a la inversa.<\/span><span data-ccp-props=\"{&quot;134233279&quot;:true,&quot;201341983&quot;:0,&quot;335559731&quot;:708,&quot;335559739&quot;:160,&quot;335559740&quot;:240}\">\u00a0<\/span><\/p>\n<p><span data-contrast=\"auto\">Ante las medidas sanitarias por la pandemia por COVID-19, el cupo fue limitado y se requiri\u00f3 previa reservaci\u00f3n. La respuesta no se hizo esperar y los lugares se agotaron; no obstante, la <\/span><i><span data-contrast=\"auto\">Orteuv<\/span><\/i><span data-contrast=\"auto\"> ha informado en sus redes sociales que para cada funci\u00f3n elaboran una lista de espera, y en caso de que alguien no llegue a tiempo, se asigna el pase de acuerdo al orden de \u00e9sta.<\/span><span data-ccp-props=\"{&quot;134233279&quot;:true,&quot;201341983&quot;:0,&quot;335559731&quot;:708,&quot;335559739&quot;:160,&quot;335559740&quot;:240}\">\u00a0<\/span><\/p>\n<p><span data-contrast=\"auto\">Las 27 sillas del dispositivo son los espacios desde donde el p\u00fablico aprecia la obra \u2013son tres por mesa\u2013 y, de alguna manera, act\u00faa en la misma, pues el personaje le interpela.<\/span><span data-ccp-props=\"{&quot;134233279&quot;:true,&quot;201341983&quot;:0,&quot;335559739&quot;:160,&quot;335559740&quot;:240}\">\u00a0<\/span><\/p>\n<p><span data-ccp-props=\"{&quot;134233279&quot;:true,&quot;201341983&quot;:0,&quot;335559739&quot;:160,&quot;335559740&quot;:240}\">\u00a0<\/span><\/p>\n<div id=\"attachment_110694\" style=\"width: 732px\" class=\"wp-caption aligncenter\"><a href=\"https:\/\/www.uv.mx\/prensa\/files\/2022\/02\/230222-Kassancra-2.jpg\"><img aria-describedby=\"caption-attachment-110694\" decoding=\"async\" loading=\"lazy\" class=\"size-full wp-image-110694\" src=\"https:\/\/www.uv.mx\/prensa\/files\/2022\/02\/230222-Kassancra-2.jpg\" alt=\"\" width=\"722\" height=\"481\" srcset=\"https:\/\/www.uv.mx\/prensa\/files\/2022\/02\/230222-Kassancra-2.jpg 722w, https:\/\/www.uv.mx\/prensa\/files\/2022\/02\/230222-Kassancra-2-300x200.jpg 300w\" sizes=\"(max-width: 722px) 100vw, 722px\" \/><\/a><p id=\"caption-attachment-110694\" class=\"wp-caption-text\">Para Karina Meneses se trat\u00f3 de \u201cun reto fascinante, enriquecedor a nivel profesional\u201d<\/p><\/div>\n<p>&nbsp;<\/p>\n<p><b><span data-contrast=\"auto\">Las emociones no poseen s\u00f3lo un lenguaje<\/span><\/b><span data-ccp-props=\"{&quot;134233279&quot;:true,&quot;201341983&quot;:0,&quot;335559739&quot;:160,&quot;335559740&quot;:240}\">\u00a0<\/span><\/p>\n<p><span data-contrast=\"auto\">Varias son las particularidades de <\/span><i><span data-contrast=\"auto\">Kassandra<\/span><\/i><span data-contrast=\"auto\">: una de ellas es que fue escrita en el ingl\u00e9s precario de su personaje, Kassandra, quien apenas conoce ese idioma, y en el ingl\u00e9s insuficiente del autor.<\/span><span data-ccp-props=\"{&quot;134233279&quot;:true,&quot;201341983&quot;:0,&quot;335559739&quot;:160,&quot;335559740&quot;:240}\">\u00a0<\/span><\/p>\n<p><span data-contrast=\"auto\">En una nota puntual, el dramaturgo dej\u00f3 asentado que se trata de una lengua de sobrevivencia tanto para el uno como para la otra: subsistencia vital para \u201cquien es escrito\u201d y subsistencia literaria para \u201cquien escribe\u201d.<\/span><span data-ccp-props=\"{&quot;134233279&quot;:true,&quot;201341983&quot;:0,&quot;335559731&quot;:708,&quot;335559739&quot;:160,&quot;335559740&quot;:240}\">\u00a0<\/span><\/p>\n<p><span data-contrast=\"auto\">Seg\u00fan \u00e9l: \u201cSi <\/span><i><span data-contrast=\"auto\">Kassandra<\/span><\/i><span data-contrast=\"auto\"> habla un ingl\u00e9s da\u00f1ado, roto, deshecho, es porque ella tambi\u00e9n est\u00e1 hecha trizas. Su lenguaje da\u00f1ado est\u00e1 mostrando las roturas del personaje\u201d.<\/span><span data-ccp-props=\"{&quot;134233279&quot;:true,&quot;201341983&quot;:0,&quot;335559731&quot;:708,&quot;335559739&quot;:160,&quot;335559740&quot;:240}\">\u00a0<\/span><\/p>\n<p><span data-contrast=\"auto\">As\u00ed que la obra se presenta totalmente en ingl\u00e9s, pero Ana Mar\u00eda Aguilar y Karina Meneses aclaran que este personaje logra su objetivo y se comunica, a pesar de hacerlo en un idioma que no es el suyo.<\/span><span data-ccp-props=\"{&quot;134233279&quot;:true,&quot;201341983&quot;:0,&quot;335559731&quot;:708,&quot;335559739&quot;:160,&quot;335559740&quot;:240}\">\u00a0<\/span><\/p>\n<p><span data-contrast=\"auto\">M\u00e1s a\u00fan, no es necesario saber ingl\u00e9s para entender la puesta en escena, porque \u00e9sta tiene magia: el asunto emocional, que no posee s\u00f3lo un lenguaje.<\/span><span data-ccp-props=\"{&quot;134233279&quot;:true,&quot;201341983&quot;:0,&quot;335559731&quot;:708,&quot;335559739&quot;:160,&quot;335559740&quot;:240}\">\u00a0<\/span><\/p>\n<p><span data-contrast=\"auto\">Ana Mar\u00eda Aguilar enfatiz\u00f3 en esa incomunicaci\u00f3n de la obra, toda vez que, en la vida, m\u00e1s all\u00e1 del escenario, \u201ccreemos que nos comunicamos\u201d, pero de qu\u00e9 manera lo hacemos y m\u00e1s a\u00fan, queda la duda de si en realidad se logra esa acci\u00f3n.<\/span><span data-ccp-props=\"{&quot;134233279&quot;:true,&quot;201341983&quot;:0,&quot;335559731&quot;:708,&quot;335559739&quot;:160,&quot;335559740&quot;:240}\">\u00a0<\/span><\/p>\n<p><span data-contrast=\"auto\">\u201cEste personaje dentro de todo ese mundo marginado, de toda esa historia de vida, tiene la necesidad fundamental de comunicarse, pero no puede hacerlo. Entonces, tiene que encontrar la manera.\u201d<\/span><span data-ccp-props=\"{&quot;134233279&quot;:true,&quot;201341983&quot;:0,&quot;335559731&quot;:708,&quot;335559739&quot;:160,&quot;335559740&quot;:240}\">\u00a0<\/span><\/p>\n<p><span data-ccp-props=\"{&quot;134233279&quot;:true,&quot;201341983&quot;:0,&quot;335559739&quot;:160,&quot;335559740&quot;:240}\">\u00a0<\/span><\/p>\n<div id=\"attachment_110693\" style=\"width: 732px\" class=\"wp-caption aligncenter\"><a href=\"https:\/\/www.uv.mx\/prensa\/files\/2022\/02\/230222-Kassancra-3.jpg\"><img aria-describedby=\"caption-attachment-110693\" decoding=\"async\" loading=\"lazy\" class=\"size-full wp-image-110693\" src=\"https:\/\/www.uv.mx\/prensa\/files\/2022\/02\/230222-Kassancra-3.jpg\" alt=\"\" width=\"722\" height=\"481\" srcset=\"https:\/\/www.uv.mx\/prensa\/files\/2022\/02\/230222-Kassancra-3.jpg 722w, https:\/\/www.uv.mx\/prensa\/files\/2022\/02\/230222-Kassancra-3-300x200.jpg 300w\" sizes=\"(max-width: 722px) 100vw, 722px\" \/><\/a><p id=\"caption-attachment-110693\" class=\"wp-caption-text\">\u201cNos permitimos escuchar a la obra, qu\u00e9 nos quer\u00eda decir\u201d, comparti\u00f3 Ana Mar\u00eda Aguilar<\/p><\/div>\n<p>&nbsp;<\/p>\n<p><b><span data-contrast=\"auto\">Una propuesta dual<\/span><\/b><span data-ccp-props=\"{&quot;134233279&quot;:true,&quot;201341983&quot;:0,&quot;335559739&quot;:160,&quot;335559740&quot;:240}\">\u00a0<\/span><\/p>\n<p><span data-contrast=\"auto\">Una distinci\u00f3n m\u00e1s de <\/span><i><span data-contrast=\"auto\">Kassandra<\/span><\/i><span data-contrast=\"auto\"> es que se trata, como se cit\u00f3 l\u00edneas arriba, de un proyecto dual, as\u00ed que el montaje se vivi\u00f3 como si fueran dos obras, aunque sea el mismo texto \u2013idea que fue gestada por el director art\u00edstico de la <\/span><i><span data-contrast=\"auto\">Orteuv<\/span><\/i><span data-contrast=\"auto\">, Luis Mario Moncada, e implic\u00f3 retos m\u00e1s all\u00e1 de los habituales.<\/span><span data-ccp-props=\"{&quot;134233279&quot;:true,&quot;201341983&quot;:0,&quot;335559739&quot;:160,&quot;335559740&quot;:240}\">\u00a0<\/span><\/p>\n<p><span data-contrast=\"auto\">\u201cTuvimos la apertura hacia la obra, de escuchar esta cuesti\u00f3n de los tiempos. Ninguna impuso, por ejemplo: \u2018\u00a1Yo quiero ensayar una semana seguida!\u2019. Tambi\u00e9n, nos permitimos escuchar a la obra, qu\u00e9 nos quer\u00eda decir\u201d, comparti\u00f3 Ana Mar\u00eda Aguilar.<\/span><span data-ccp-props=\"{&quot;134233279&quot;:true,&quot;201341983&quot;:0,&quot;335559731&quot;:708,&quot;335559739&quot;:160,&quot;335559740&quot;:240}\">\u00a0<\/span><\/p>\n<p><span data-contrast=\"auto\">Para Karina Meneses se trat\u00f3 de \u201cun reto fascinante, enriquecedor a nivel profesional\u201d, porque ley\u00f3 el texto de terminada manera como actriz e int\u00e9rprete \u2013en aras de crear el personaje\u2013 y de otra, muy diferente, como directora.<\/span><span data-ccp-props=\"{&quot;134233279&quot;:true,&quot;201341983&quot;:0,&quot;335559731&quot;:708,&quot;335559739&quot;:160,&quot;335559740&quot;:240}\">\u00a0<\/span><\/p>\n<p><span data-contrast=\"auto\">Rosalinda Ulloa, actriz de la <\/span><i><span data-contrast=\"auto\">Orteuv<\/span><\/i><span data-contrast=\"auto\">, es la asistente de direcci\u00f3n en las dos versiones de esta obra. En sus palabras, este ejercicio es interesante porque se trata de ver, en el sentido figurativo, c\u00f3mo un tema lo pintan dos artistas al mismo tiempo.<\/span><span data-ccp-props=\"{&quot;134233279&quot;:true,&quot;201341983&quot;:0,&quot;335559731&quot;:708,&quot;335559739&quot;:160,&quot;335559740&quot;:240}\">\u00a0<\/span><\/p>\n<p><span data-contrast=\"auto\">\u201cEs interesante ver dos lecturas, aunque a veces se juntan, a veces se separan. Y como directoras, cada una ha tenido su visi\u00f3n, su car\u00e1cter, todo. Para m\u00ed, como asistente de las dos, fue muy interesante.\u201d<\/span><span data-ccp-props=\"{&quot;134233279&quot;:true,&quot;201341983&quot;:0,&quot;335559731&quot;:708,&quot;335559739&quot;:160,&quot;335559740&quot;:240}\">\u00a0<\/span><\/p>\n<p><span data-ccp-props=\"{&quot;134233279&quot;:true,&quot;201341983&quot;:0,&quot;335559739&quot;:160,&quot;335559740&quot;:240}\">\u00a0<\/span><\/p>\n<div id=\"attachment_110692\" style=\"width: 732px\" class=\"wp-caption aligncenter\"><a href=\"https:\/\/www.uv.mx\/prensa\/files\/2022\/02\/230222-Kassancra-4.jpg\"><img aria-describedby=\"caption-attachment-110692\" decoding=\"async\" loading=\"lazy\" class=\"size-full wp-image-110692\" src=\"https:\/\/www.uv.mx\/prensa\/files\/2022\/02\/230222-Kassancra-4.jpg\" alt=\"\" width=\"722\" height=\"481\" srcset=\"https:\/\/www.uv.mx\/prensa\/files\/2022\/02\/230222-Kassancra-4.jpg 722w, https:\/\/www.uv.mx\/prensa\/files\/2022\/02\/230222-Kassancra-4-300x200.jpg 300w\" sizes=\"(max-width: 722px) 100vw, 722px\" \/><\/a><p id=\"caption-attachment-110692\" class=\"wp-caption-text\">Rosalinda Ulloa, actriz de la <em>Orteuv<\/em>, es la asistente de direcci\u00f3n en las dos versiones de la obra<\/p><\/div>\n<p>&nbsp;<\/p>\n<p><b><span data-contrast=\"auto\">El mitol\u00f3gico personaje griego es un pretexto<\/span><\/b><span data-ccp-props=\"{&quot;134233279&quot;:true,&quot;201341983&quot;:0,&quot;335559739&quot;:160,&quot;335559740&quot;:240}\">\u00a0<\/span><\/p>\n<p><span data-contrast=\"auto\">Un fragmento de la sinopsis de esta obra precisa: \u201cCasandra que significa \u2018la que enreda a los hombres\u2019 o \u2018hermana de los hombres\u2019 es conocida como la m\u00edtica adivina troyana, la mujer que conoc\u00eda el futuro, pero cargaba con el estigma de que nadie le cre\u00eda nada de lo que vaticinaba.<\/span><span data-ccp-props=\"{&quot;134233279&quot;:true,&quot;201341983&quot;:0,&quot;335559739&quot;:160,&quot;335559740&quot;:240}\">\u00a0<\/span><\/p>\n<p><span data-contrast=\"auto\">\u201dAhora, toda ella se ha transformado hasta convertirse en una adicta posmoderna cubierta de referentes dislocados. Desde un bar y con problemas graves para comunicarse, parece defender su lugar en el mundo tomando la estramb\u00f3tica realidad que la rodea sin poder aprehenderla.\u201d<\/span><span data-ccp-props=\"{&quot;134233279&quot;:true,&quot;201341983&quot;:0,&quot;335559731&quot;:708,&quot;335559739&quot;:160,&quot;335559740&quot;:240}\">\u00a0<\/span><\/p>\n<p><span data-contrast=\"auto\">Con base en esto, las tres actrices entrevistadas coinciden en que la obra habla de muchos temas y el tomar el mito de Casandra es un pretexto para poner en escena al racismo, la incomunicaci\u00f3n, la migraci\u00f3n llamada ilegal, el maltrato de las mujeres, la marginaci\u00f3n, la pobreza y m\u00e1s.<\/span><span data-ccp-props=\"{&quot;134233279&quot;:true,&quot;201341983&quot;:0,&quot;335559731&quot;:708,&quot;335559739&quot;:160,&quot;335559740&quot;:240}\">\u00a0<\/span><\/p>\n<p><span data-contrast=\"auto\">\u201cToman a Casandra porque era la mujer rara, la marginada, la extra\u00f1a, la extranjera. Y es eso: lo lejano, lo raro, lo marginado, y creo que ella trae esa carga desde que conocemos al personaje\u201d, coment\u00f3 Karina Meneses.<\/span><span data-ccp-props=\"{&quot;134233279&quot;:true,&quot;201341983&quot;:0,&quot;335559731&quot;:708,&quot;335559739&quot;:160,&quot;335559740&quot;:240}\">\u00a0<\/span><\/p>\n<p><span data-contrast=\"auto\">\u201cEs una chava que ha venido viviendo muchas cosas, y dentro de esta marginaci\u00f3n, explotaci\u00f3n, ir y venir, y vivir tantas cosas, se vuelve m\u00e1s resistente, m\u00e1s correosa; pero te desgastas. Lo chido aqu\u00ed es saber que el personaje te puede contar todas las historias que ha vivido sin revictimizarse. Se va a aquellas historias \u2013de Troya, de Argos\u2013 y viene a lo actual; habla de aquello record\u00e1ndote tu presente\u201d.<\/span><span data-ccp-props=\"{&quot;134233279&quot;:true,&quot;201341983&quot;:0,&quot;335559739&quot;:160,&quot;335559740&quot;:240}\">\u00a0<\/span><\/p>\n<p><span data-contrast=\"auto\">Los horarios son: jueves y viernes 20:00 horas, s\u00e1bados 19:00 y domingos 18:00. Para m\u00e1s informaci\u00f3n sobre las reservaciones y lista de espera, puede consultar en <\/span><i><span data-contrast=\"auto\">Twitter<\/span><\/i><span data-contrast=\"auto\">, <\/span><i><span data-contrast=\"auto\">Facebook<\/span><\/i><span data-contrast=\"auto\"> e <\/span><i><span data-contrast=\"auto\">Instagram<\/span><\/i><span data-contrast=\"auto\">: CiaTeatroUV, o llame al (228) 8183816.<\/span><span data-ccp-props=\"{&quot;134233279&quot;:true,&quot;201341983&quot;:0,&quot;335559731&quot;:708,&quot;335559739&quot;:160,&quot;335559740&quot;:240}\">\u00a0<\/span><\/p>\n","protected":false},"excerpt":{"rendered":"<p>Con la obra del dramaturgo franco-uruguayo Sergio Blanco, la Organizaci\u00f3n Teatral de la UV inici\u00f3 funciones este 2022 en el Teatro La Caja <\/p>\n","protected":false},"author":1508,"featured_media":110695,"comment_status":"closed","ping_status":"closed","sticky":false,"template":"","format":"standard","meta":[],"categories":[11,47],"tags":[],"_links":{"self":[{"href":"https:\/\/www.uv.mx\/prensa\/wp-json\/wp\/v2\/posts\/110691"}],"collection":[{"href":"https:\/\/www.uv.mx\/prensa\/wp-json\/wp\/v2\/posts"}],"about":[{"href":"https:\/\/www.uv.mx\/prensa\/wp-json\/wp\/v2\/types\/post"}],"author":[{"embeddable":true,"href":"https:\/\/www.uv.mx\/prensa\/wp-json\/wp\/v2\/users\/1508"}],"replies":[{"embeddable":true,"href":"https:\/\/www.uv.mx\/prensa\/wp-json\/wp\/v2\/comments?post=110691"}],"version-history":[{"count":1,"href":"https:\/\/www.uv.mx\/prensa\/wp-json\/wp\/v2\/posts\/110691\/revisions"}],"predecessor-version":[{"id":110726,"href":"https:\/\/www.uv.mx\/prensa\/wp-json\/wp\/v2\/posts\/110691\/revisions\/110726"}],"wp:featuredmedia":[{"embeddable":true,"href":"https:\/\/www.uv.mx\/prensa\/wp-json\/wp\/v2\/media\/110695"}],"wp:attachment":[{"href":"https:\/\/www.uv.mx\/prensa\/wp-json\/wp\/v2\/media?parent=110691"}],"wp:term":[{"taxonomy":"category","embeddable":true,"href":"https:\/\/www.uv.mx\/prensa\/wp-json\/wp\/v2\/categories?post=110691"},{"taxonomy":"post_tag","embeddable":true,"href":"https:\/\/www.uv.mx\/prensa\/wp-json\/wp\/v2\/tags?post=110691"}],"curies":[{"name":"wp","href":"https:\/\/api.w.org\/{rel}","templated":true}]}}