{"id":110761,"date":"2022-02-25T15:32:49","date_gmt":"2022-02-25T21:32:49","guid":{"rendered":"https:\/\/www.uv.mx\/prensa\/?p=110761"},"modified":"2022-02-25T15:36:29","modified_gmt":"2022-02-25T21:36:29","slug":"iie-uv-impartira-curso-para-aspirantes-a-la-meis","status":"publish","type":"post","link":"https:\/\/www.uv.mx\/prensa\/general\/iie-uv-impartira-curso-para-aspirantes-a-la-meis\/","title":{"rendered":"IIE-UV impartir\u00e1 curso para aspirantes a la MEIS"},"content":{"rendered":"<p>&nbsp;<\/p>\n<ul>\n<li><em>Beatriz Torres Beristain, coordinadora de la maestr\u00eda, aclar\u00f3 que este no es requisito ni garantiza el ingreso al posgrado<\/em><\/li>\n<li><em>Del 21 de febrero al 2 de marzo es el periodo de llenado de formularios de pre-registro en l\u00ednea al curso PEIS<\/em><\/li>\n<\/ul>\n<p>&nbsp;<\/p>\n<div id=\"attachment_110762\" style=\"width: 732px\" class=\"wp-caption aligncenter\"><a href=\"https:\/\/www.uv.mx\/prensa\/files\/2022\/02\/KARINA-230221.jpg\"><img aria-describedby=\"caption-attachment-110762\" decoding=\"async\" loading=\"lazy\" class=\"wp-image-110762\" src=\"https:\/\/www.uv.mx\/prensa\/files\/2022\/02\/KARINA-230221.jpg\" alt=\"\" width=\"722\" height=\"519\" srcset=\"https:\/\/www.uv.mx\/prensa\/files\/2022\/02\/KARINA-230221.jpg 1200w, https:\/\/www.uv.mx\/prensa\/files\/2022\/02\/KARINA-230221-300x216.jpg 300w, https:\/\/www.uv.mx\/prensa\/files\/2022\/02\/KARINA-230221-1024x736.jpg 1024w, https:\/\/www.uv.mx\/prensa\/files\/2022\/02\/KARINA-230221-768x552.jpg 768w\" sizes=\"(max-width: 722px) 100vw, 722px\" \/><\/a><p id=\"caption-attachment-110762\" class=\"wp-caption-text\"><em>Collage<\/em> con t\u00edtulos de algunas de las investigaciones de la tercera generaci\u00f3n de la MEIS<\/p><\/div>\n<p><strong><em>\u00a0<\/em><\/strong><\/p>\n<p><strong><em>Karina de la Paz Reyes D\u00edaz<\/em><\/strong><\/p>\n<p><strong><em>25\/02\/2022, Xalapa, Ver.- <\/em><\/strong>La Maestr\u00eda en Educaci\u00f3n para la Interculturalidad y la Sustentabilidad (MEIS) del Instituto de Investigaciones en Educaci\u00f3n (IIE) de la Universidad Veracruzana (UV) tiene abierta su convocatoria para formar parte de la cuarta generaci\u00f3n. Las personas interesadas pueden participar en el curso Pr\u00e1cticas Educativas para la Interculturalidad y la Sustentabilidad (PEIS), cuyo periodo de <a href=\"https:\/\/www.uv.mx\/meis\/files\/2022\/02\/Convocatoria-curso-PEIS_2022.pdf\">pre-registro en l\u00ednea<\/a> es del 21 de febrero al 2 de marzo.<\/p>\n<p>De acuerdo con la convocatoria del curso PEIS, est\u00e1 dirigido a profesionistas con grado de licenciatura que llevan a cabo actividades educativas o de aprendizaje colectivo dentro o fuera de las instituciones escolares y desean profesionalizar su desempe\u00f1o ingresando a este posgrado.<\/p>\n<p>Son tres los prop\u00f3sitos de \u00e9ste: valorar la diversidad de trayectorias profesionales de quienes aspiren a ingresar a la MEIS; lograr cierta homologaci\u00f3n entre las y los aspirantes, en t\u00e9rminos de su grado de familiaridad con nociones ligadas a los procesos educativos, al enfoque intercultural y a la sustentabilidad; y contribuir a la elaboraci\u00f3n de un anteproyecto para el potencial ingreso al propio posgrado.<\/p>\n<p>Las fechas a considerar son: del 21 de febrero al 2 de marzo, llenado de formularios de pre-registro en l\u00ednea; el 7 de marzo ser\u00e1 la publicaci\u00f3n de resultados del proceso de admisi\u00f3n al curso; del 14 a 16 se desarrollar\u00e1n las sesiones de trabajo (modalidad virtual); en el transcurso de marzo y abril est\u00e1 contemplado realizar trabajo aut\u00f3nomo y asesor\u00eda presencial o a distancia por parte de la plantilla acad\u00e9mica de la MEIS, y del 20 a 22 de abril ser\u00e1n las presentaci\u00f3n y retroalimentaci\u00f3n de anteproyectos \u2013modalidad virtual.<\/p>\n<p>Beatriz Torres Beristain, coordinadora de la MEIS, aclar\u00f3 que el curso no es requisito ni garantiza el ingreso al posgrado, y la intenci\u00f3n es brindar m\u00e1s informaci\u00f3n sobre el perfil de \u00e9ste.<\/p>\n<p>\u201cSe desea que la gente que participe en el curso tenga una visi\u00f3n de colectividad, es decir, que trabajen en un colectivo, en una instituci\u00f3n \u2013incluso gubernamental\u2013, pero que su trabajo no sea particular, sino para un beneficio colectivo, comunitario o una reflexi\u00f3n en torno a procesos que se est\u00e1n dando.\u201d<\/p>\n<p>Idealmente, quienes se postulen al curso y, por lo tanto, est\u00e9n interesados en la MEIS, debe acompa\u00f1ar a un colectivo, ser parte de \u00e9l o estar muy cerca y hacer una observaci\u00f3n participante.<\/p>\n<p>Por ejemplo, Ananta Mazadiego Cruz, integrante del colectivo Pueblos Unidos de la Cuenca de La Antigua por los R\u00edos Libres (PUCARL), fue parte de la segunda generaci\u00f3n de la MEIS y en \u00e9sta su proyecto dio <a href=\"https:\/\/www.uv.mx\/prensa\/general\/tesista-uv-aborda-defensa-juridica-de-las-cuencas-antigua-y-actopan\/\">acompa\u00f1amiento a la defensa jur\u00eddica<\/a> de dichas cuencas.<\/p>\n<p>\u201cEs bueno tomar el curso porque te ayuda a la preparaci\u00f3n y se reciben asesor\u00edas \u2013durante unos d\u00edas\u2013 de profesores que te orientan a la construcci\u00f3n de tu proyecto. Pero, insisto, tampoco es indispensable, porque hay gente que puede leer la informaci\u00f3n, acercarse, tener alguna asesor\u00eda personal con alg\u00fan profesor, y elaborar el anteproyecto \u2013con los lineamientos necesarios que se les dan\u2013 e ingresan.\u201d<\/p>\n<p>Como ejemplo cit\u00f3 la tercera generaci\u00f3n, de la que alrededor de la mitad asisti\u00f3 al curso y el resto no. Es como un filtro mutuo, a\u00f1adi\u00f3, porque algunas personas, luego de asistir, han determinado que el posgrado no es de su inter\u00e9s, como creyeron en un principio.<\/p>\n<p>&nbsp;<\/p>\n<p><strong>La convocatoria a la MEIS<\/strong><\/p>\n<p>En cuanto a la <a href=\"https:\/\/www.uv.mx\/meis\/\">MEIS<\/a>, como su p\u00e1gina lo indica: \u201cSe trata de un posgrado profesionalizante, cuyo prop\u00f3sito es contribuir a procesos educativos cultural y ambientalmente pertinentes, encaminados al mejoramiento de la calidad de vida, el ejercicio de derechos, la salvaguarda de los recursos naturales y del territorio, y la construcci\u00f3n de sociedades sustentables, participativas, interculturales\u201d.<\/p>\n<p>Gira en torno al quehacer educativo, entrelaza dos paradigmas \u2013la interculturalidad y la sustentabilidad\u2013 buscando dar respuestas a problem\u00e1ticas sociales y ambientales variadas, desarrollando proyectos en ambientes tanto formales como no formales.<\/p>\n<p>Dado su amplio espectro, pueden postularse egresados de cualquier disciplina, aunque Beatriz Torres admiti\u00f3 que implica un fuerte trabajo personal para quienes no se formaron en alguna de las ciencias sociales.<\/p>\n<p>\u201cDe alguna manera, s\u00ed hay muchos elementos de las ciencias sociales que son columnas vertebrales\u201d, aclar\u00f3; \u201ctodo depende de los proyectos y se valora su trabajo previo, porque es una maestr\u00eda profesionalizante\u201d.<\/p>\n<p>Se trata de una maestr\u00eda con demanda pues m\u00e1s de un centenar de personas se postul\u00f3 en la pasada convocatoria. Para la presente, ofrecer\u00e1n alrededor de 25 lugares.<\/p>\n<p>\u201cInvitamos a las personas que trabajan en colectivos y que les gustar\u00eda capacitarse y tener apoyo para trabajar sus temas. Nos interesa poder apoyar ese tipo de personas; un trabajo m\u00e1s guiado podr\u00eda ayudar. Eso implica, muchas veces, el apoyo de todo su colectivo, porque dejan de hacer funciones que antes hac\u00edan, para poder dedicarle tiempo a la maestr\u00eda.\u201d<\/p>\n<p>La MEIS pertenece, desde que surgi\u00f3 en 2015, al Programa Nacional de Posgrado de Calidad (PNPC) del Consejo Nacional de Ciencia y Tecnolog\u00eda (<em>Conacyt<\/em>). Cabe citar que con los cambios en los lineamientos de este organismo, ahora son los propios estudiantes quienes har\u00e1n directamente la solicitud de beca.<\/p>\n<p>Para conocer m\u00e1s sobre la convocatoria de ingreso a \u00e9ste y el resto de los posgrados de la UV con tal proceso abierto, consulte fechas y requisitos puntuales en <a href=\"https:\/\/www.uv.mx\/escolar\/posgrado2022\/\">https:\/\/www.uv.mx\/escolar\/posgrado2022\/<\/a><\/p>\n<p>Para m\u00e1s informaci\u00f3n sobre la MEIS: <a href=\"http:\/\/www.uv.mx\/meis\/requisitos\">www.uv.mx\/meis\/requisitos<\/a>, o escribir a Beatriz Torres Beristain al correo: <a href=\"mailto:coord.meis@gmail.com\">coord.meis@gmail.com<\/a>.<\/p>\n","protected":false},"excerpt":{"rendered":"<p>Est\u00e1 dirigido a profesionistas con grado de licenciatura que llevan a cabo actividades educativas o de aprendizaje colectivo dentro o fuera de las instituciones escolares<\/p>\n","protected":false},"author":1869,"featured_media":110762,"comment_status":"closed","ping_status":"closed","sticky":false,"template":"","format":"standard","meta":[],"categories":[1],"tags":[229,6612,83,6613],"_links":{"self":[{"href":"https:\/\/www.uv.mx\/prensa\/wp-json\/wp\/v2\/posts\/110761"}],"collection":[{"href":"https:\/\/www.uv.mx\/prensa\/wp-json\/wp\/v2\/posts"}],"about":[{"href":"https:\/\/www.uv.mx\/prensa\/wp-json\/wp\/v2\/types\/post"}],"author":[{"embeddable":true,"href":"https:\/\/www.uv.mx\/prensa\/wp-json\/wp\/v2\/users\/1869"}],"replies":[{"embeddable":true,"href":"https:\/\/www.uv.mx\/prensa\/wp-json\/wp\/v2\/comments?post=110761"}],"version-history":[{"count":1,"href":"https:\/\/www.uv.mx\/prensa\/wp-json\/wp\/v2\/posts\/110761\/revisions"}],"predecessor-version":[{"id":110764,"href":"https:\/\/www.uv.mx\/prensa\/wp-json\/wp\/v2\/posts\/110761\/revisions\/110764"}],"wp:featuredmedia":[{"embeddable":true,"href":"https:\/\/www.uv.mx\/prensa\/wp-json\/wp\/v2\/media\/110762"}],"wp:attachment":[{"href":"https:\/\/www.uv.mx\/prensa\/wp-json\/wp\/v2\/media?parent=110761"}],"wp:term":[{"taxonomy":"category","embeddable":true,"href":"https:\/\/www.uv.mx\/prensa\/wp-json\/wp\/v2\/categories?post=110761"},{"taxonomy":"post_tag","embeddable":true,"href":"https:\/\/www.uv.mx\/prensa\/wp-json\/wp\/v2\/tags?post=110761"}],"curies":[{"name":"wp","href":"https:\/\/api.w.org\/{rel}","templated":true}]}}