{"id":110793,"date":"2022-02-25T20:29:52","date_gmt":"2022-02-26T02:29:52","guid":{"rendered":"https:\/\/www.uv.mx\/prensa\/?p=110793"},"modified":"2022-02-25T20:52:32","modified_gmt":"2022-02-26T02:52:32","slug":"uv-firmo-convenio-de-negociacion-salarial-y-contractual-con-fesapauv","status":"publish","type":"post","link":"https:\/\/www.uv.mx\/prensa\/banner\/uv-firmo-convenio-de-negociacion-salarial-y-contractual-con-fesapauv\/","title":{"rendered":"UV firm\u00f3 convenio de negociaci\u00f3n salarial y contractual con <em>Fesapauv<\/em>"},"content":{"rendered":"<p>&nbsp;<\/p>\n<p><a href=\"https:\/\/www.uv.mx\/prensa\/files\/2022\/02\/Fesapauv-250222-ok.jpg\" target=\"_blank\" rel=\"noopener\"><img decoding=\"async\" loading=\"lazy\" class=\"aligncenter wp-image-110795\" src=\"https:\/\/www.uv.mx\/prensa\/files\/2022\/02\/Fesapauv-250222-ok.jpg\" alt=\"\" width=\"800\" height=\"800\" srcset=\"https:\/\/www.uv.mx\/prensa\/files\/2022\/02\/Fesapauv-250222-ok.jpg 1200w, https:\/\/www.uv.mx\/prensa\/files\/2022\/02\/Fesapauv-250222-ok-300x300.jpg 300w, https:\/\/www.uv.mx\/prensa\/files\/2022\/02\/Fesapauv-250222-ok-1024x1024.jpg 1024w, https:\/\/www.uv.mx\/prensa\/files\/2022\/02\/Fesapauv-250222-ok-150x150.jpg 150w, https:\/\/www.uv.mx\/prensa\/files\/2022\/02\/Fesapauv-250222-ok-768x768.jpg 768w, https:\/\/www.uv.mx\/prensa\/files\/2022\/02\/Fesapauv-250222-ok-120x120.jpg 120w, https:\/\/www.uv.mx\/prensa\/files\/2022\/02\/Fesapauv-250222-ok-360x360.jpg 360w\" sizes=\"(max-width: 800px) 100vw, 800px\" \/><\/a><\/p>\n","protected":false},"excerpt":{"rendered":"<p>La ceremonia se realiz\u00f3 en la Rector\u00eda y fue liderada por el rector Mart\u00edn Aguilar; Diana Estela Ar\u00f3stegui, directora general del Centro de Conciliaci\u00f3n Laboral del Estado de Veracruz, y Enrique Levet, secretario general del sindicato<\/p>\n","protected":false},"author":1508,"featured_media":110797,"comment_status":"closed","ping_status":"closed","sticky":false,"template":"","format":"standard","meta":[],"categories":[6596,61],"tags":[],"_links":{"self":[{"href":"https:\/\/www.uv.mx\/prensa\/wp-json\/wp\/v2\/posts\/110793"}],"collection":[{"href":"https:\/\/www.uv.mx\/prensa\/wp-json\/wp\/v2\/posts"}],"about":[{"href":"https:\/\/www.uv.mx\/prensa\/wp-json\/wp\/v2\/types\/post"}],"author":[{"embeddable":true,"href":"https:\/\/www.uv.mx\/prensa\/wp-json\/wp\/v2\/users\/1508"}],"replies":[{"embeddable":true,"href":"https:\/\/www.uv.mx\/prensa\/wp-json\/wp\/v2\/comments?post=110793"}],"version-history":[{"count":1,"href":"https:\/\/www.uv.mx\/prensa\/wp-json\/wp\/v2\/posts\/110793\/revisions"}],"predecessor-version":[{"id":110798,"href":"https:\/\/www.uv.mx\/prensa\/wp-json\/wp\/v2\/posts\/110793\/revisions\/110798"}],"wp:featuredmedia":[{"embeddable":true,"href":"https:\/\/www.uv.mx\/prensa\/wp-json\/wp\/v2\/media\/110797"}],"wp:attachment":[{"href":"https:\/\/www.uv.mx\/prensa\/wp-json\/wp\/v2\/media?parent=110793"}],"wp:term":[{"taxonomy":"category","embeddable":true,"href":"https:\/\/www.uv.mx\/prensa\/wp-json\/wp\/v2\/categories?post=110793"},{"taxonomy":"post_tag","embeddable":true,"href":"https:\/\/www.uv.mx\/prensa\/wp-json\/wp\/v2\/tags?post=110793"}],"curies":[{"name":"wp","href":"https:\/\/api.w.org\/{rel}","templated":true}]}}