{"id":110822,"date":"2022-02-26T15:49:08","date_gmt":"2022-02-26T21:49:08","guid":{"rendered":"https:\/\/www.uv.mx\/prensa\/?p=110822"},"modified":"2022-03-04T12:09:27","modified_gmt":"2022-03-04T18:09:27","slug":"alumna-peruana-realiza-estancia-de-investigacion-en-la-uv","status":"publish","type":"post","link":"https:\/\/www.uv.mx\/prensa\/ciencia\/alumna-peruana-realiza-estancia-de-investigacion-en-la-uv\/","title":{"rendered":"Alumna peruana realiza estancia de investigaci\u00f3n en la UV"},"content":{"rendered":"<ul>\n<li data-leveltext=\"\u25cf\" data-font=\"\" data-listid=\"1\" data-aria-posinset=\"1\" data-aria-level=\"1\"><i><span data-contrast=\"auto\">Rosa Liliana Sol\u00eds, del Doctorado en Ciencias de la Salud de la Universidad Nacional de Tumbes, Per\u00fa, analiza nanopart\u00edculas que eliminan hongos en la piel para productos como calzado<\/span><\/i><span data-ccp-props=\"{&quot;201341983&quot;:0,&quot;335559740&quot;:240}\">\u00a0<\/span><\/li>\n<li data-leveltext=\"\u25cf\" data-font=\"\" data-listid=\"1\" data-aria-posinset=\"2\" data-aria-level=\"1\"><i><span data-contrast=\"auto\">Daniel L\u00f3pez Lima, catedr\u00e1tico de la Universidad Veracruzana, se\u00f1al\u00f3 que el uso de nanopart\u00edculas para atender cultivos es un tema de frontera<\/span><\/i><span data-ccp-props=\"{&quot;201341983&quot;:0,&quot;335559740&quot;:240}\">\u00a0<\/span><\/li>\n<\/ul>\n<p>&nbsp;<\/p>\n<div id=\"attachment_110589\" style=\"width: 732px\" class=\"wp-caption aligncenter\"><a href=\"https:\/\/www.uv.mx\/prensa\/files\/2022\/02\/220222-Alumna-de-Peru-estancia-en-la-UV-2.jpg\"><img aria-describedby=\"caption-attachment-110589\" decoding=\"async\" loading=\"lazy\" class=\"size-full wp-image-110589\" src=\"https:\/\/www.uv.mx\/prensa\/files\/2022\/02\/220222-Alumna-de-Peru-estancia-en-la-UV-2.jpg\" alt=\"\" width=\"722\" height=\"481\" srcset=\"https:\/\/www.uv.mx\/prensa\/files\/2022\/02\/220222-Alumna-de-Peru-estancia-en-la-UV-2.jpg 722w, https:\/\/www.uv.mx\/prensa\/files\/2022\/02\/220222-Alumna-de-Peru-estancia-en-la-UV-2-300x200.jpg 300w\" sizes=\"(max-width: 722px) 100vw, 722px\" \/><\/a><p id=\"caption-attachment-110589\" class=\"wp-caption-text\">Liliana Sol\u00eds, de la Universidad Nacional de Tumbes, Per\u00fa, explic\u00f3 c\u00f3mo se analizan las muestras con hongo y nanopart\u00edculas con propiedades fungicidas<\/p><\/div>\n<p>&nbsp;<\/p>\n<p><b><i><span data-contrast=\"auto\">David Sandoval Rodr\u00edguez<\/span><\/i><\/b><span data-ccp-props=\"{&quot;201341983&quot;:0,&quot;335559740&quot;:240}\">\u00a0<\/span><\/p>\n<p><strong><em>Fotos: Omar Portilla Palacios<\/em><\/strong><\/p>\n<p><b><i><span data-contrast=\"auto\">26\/02\/2022, Xalapa, Ver.-<\/span><\/i><\/b><span data-contrast=\"auto\"> La Universidad Veracruzana (UV), a trav\u00e9s de la <a href=\"https:\/\/www.uv.mx\/agronomia\/\" target=\"_blank\" rel=\"noopener\">Facultad de Ciencias Agr\u00edcolas<\/a>, recibi\u00f3 a una estudiante de doctorado de Per\u00fa, quien realiza una estancia de investigaci\u00f3n que abarca dos meses y se enfoca en analizar las propiedades de nanopart\u00edculas para eliminar hongos que se producen en la piel que es utilizada para elaborar ropa, calzado y accesorios.<\/span><span data-ccp-props=\"{&quot;201341983&quot;:0,&quot;335559740&quot;:240}\">\u00a0<\/span><\/p>\n<p><span data-contrast=\"auto\">Rosa Liliana Sol\u00eds Castro es alumna del Doctorado en Ciencias de la Salud de la Escuela de Posgrado de la Universidad Nacional de Tumbes (<\/span><i><span data-contrast=\"auto\">Untumbes<\/span><\/i><span data-contrast=\"auto\">) y su tesis forma parte de un proyecto de investigaci\u00f3n m\u00e1s amplio que es financiado por el Fondo Nacional de Desarrollo Cient\u00edfico, Tecnol\u00f3gico y de Innovaci\u00f3n Tecnol\u00f3gica (<\/span><i><span data-contrast=\"auto\">Fondecyt<\/span><\/i><span data-contrast=\"auto\">) de su pa\u00eds, en conjunto con la Universidad Nacional de Ingenier\u00eda, y por M\u00e9xico participa el Instituto de Ecolog\u00eda, A.C. (<\/span><i><span data-contrast=\"auto\">Inecol<\/span><\/i><span data-contrast=\"auto\">), al que se suma la UV con la estancia de movilidad.<\/span><span data-ccp-props=\"{&quot;201341983&quot;:0,&quot;335559731&quot;:720,&quot;335559740&quot;:240}\">\u00a0<\/span><\/p>\n<p><span data-contrast=\"auto\">La universitaria estar\u00e1 en M\u00e9xico hasta el 8 de marzo y colabora con Daniel L\u00f3pez Lima, acad\u00e9mico e investigador de la Facultad de Ciencias Agr\u00edcolas. \u00c9l est\u00e1 vinculado con sus pares del <\/span><i><span data-contrast=\"auto\">Inecol<\/span><\/i><span data-contrast=\"auto\"> y fue este contacto el que permiti\u00f3 la visita de la estudiante de doctorado.<\/span><span data-ccp-props=\"{&quot;201341983&quot;:0,&quot;335559731&quot;:720,&quot;335559740&quot;:240}\">\u00a0<\/span><\/p>\n<p><span data-contrast=\"auto\">Sol\u00eds Castro es licenciada en Biolog\u00eda, Microbiolog\u00eda y Parasitolog\u00eda y maestra en Ciencias con \u00e9nfasis en microbiolog\u00eda por la Universidad de Sao Paulo, Brasil; desde el 20 de enero est\u00e1 en nuestro pa\u00eds, trabajando en el Laboratorio de Fitopatolog\u00eda de la Facultad.<\/span><span data-ccp-props=\"{&quot;201341983&quot;:0,&quot;335559731&quot;:720,&quot;335559740&quot;:240}\">\u00a0<\/span><\/p>\n<p><span data-contrast=\"auto\">\u201cDebido a la experiencia que tienen aqu\u00ed con el cultivo de hongos y nanopart\u00edculas, he venido a aprender t\u00e9cnicas que puedan comprobar la actividad del material funcionalizado y de las part\u00edculas mismas. Esto me ha facilitado probar no s\u00f3lo hongos relacionados con la contaminaci\u00f3n de la piel, sino ir un poco m\u00e1s all\u00e1 y trabajar directamente con su impacto a la salud.\u201d<\/span><span data-ccp-props=\"{&quot;201341983&quot;:0,&quot;335559731&quot;:720,&quot;335559740&quot;:240}\">\u00a0<\/span><\/p>\n<p><span data-contrast=\"auto\">La funcionalizaci\u00f3n es un proceso qu\u00edmico que inserta grupos funcionales en las mol\u00e9culas y pueden ser usadas para distintas aplicaciones, para ello se requiere de la activaci\u00f3n previa de los nanomateriales.<\/span><span data-ccp-props=\"{&quot;201341983&quot;:0,&quot;335559731&quot;:720,&quot;335559740&quot;:240}\">\u00a0<\/span><\/p>\n<p><span data-contrast=\"auto\">La investigadora reconoci\u00f3 que debido a la pandemia por COVID-19 la estancia se fue retrasando, dado que se program\u00f3 desde 2020 y en 2021 se posterg\u00f3 nuevamente; respecto a lo que le han permitido las condiciones sanitarias en su estancia de movilidad, expres\u00f3 que encontr\u00f3 \u201cm\u00e1s libertad para realizar actividades porque casi no hay alumnos y ahora en Per\u00fa son vacaciones, as\u00ed que aprovecho ese tiempo para venir aqu\u00ed\u201d.<\/span><span data-ccp-props=\"{&quot;201341983&quot;:0,&quot;335559731&quot;:720,&quot;335559740&quot;:240}\">\u00a0<\/span><\/p>\n<p><span data-contrast=\"auto\">Explic\u00f3 que trabaja con nanopart\u00edculas en medio del cultivo para ver la actividad del hongo; \u201ceste tratamiento se realiza con una muestra de control donde crece el hongo libremente y otra donde est\u00e1 la piel funcionalizada con nanopart\u00edculas; aqu\u00ed se determina qu\u00e9 concentraci\u00f3n es la m\u00e1s efectiva para erradicar el crecimiento del hongo sobre el cuero\u201d.<\/span><span data-ccp-props=\"{&quot;201341983&quot;:0,&quot;335559731&quot;:720,&quot;335559740&quot;:240}\">\u00a0<\/span><\/p>\n<p><span data-contrast=\"auto\">Expuso que el procedimiento se conoce como cultivos en c\u00e1mara h\u00fameda y la incubaci\u00f3n puede abarcar desde siete d\u00edas hasta dos semanas; en la actualidad desarrolla una segunda etapa de su an\u00e1lisis y posteriormente elaborar\u00e1 un informe de resultados como parte del proyecto de investigaci\u00f3n conjunto financiado por el <\/span><i><span data-contrast=\"auto\">Fondecyt<\/span><\/i><span data-contrast=\"auto\">.<\/span><span data-ccp-props=\"{&quot;201341983&quot;:0,&quot;335559731&quot;:720,&quot;335559740&quot;:240}\">\u00a0<\/span><\/p>\n<p><span data-contrast=\"auto\">\u201cMi universidad es joven, comparada con la UV\u201d, a\u00f1adi\u00f3; \u201cestamos yendo en el camino de la investigaci\u00f3n orientada hacia su aplicaci\u00f3n en el sector agroindustrial y nos empezamos a expandir a otras \u00e1reas, de ah\u00ed viene nuestra relaci\u00f3n con la Universidad Nacional de Ingenier\u00eda que ya trabaja con la funcionalizaci\u00f3n en textil y pienso que no hay mucha diferencia entre las universidades de mi pa\u00eds y aqu\u00ed, el trabajo se hace de forma similar, quiz\u00e1 un poco las diferencias culturales pero me siento a gusto aqu\u00ed, el recibimiento ha sido muy grato por parte de los investigadores\u201d.<\/span><span data-ccp-props=\"{&quot;201341983&quot;:0,&quot;335559731&quot;:720,&quot;335559740&quot;:240}\">\u00a0<\/span><\/p>\n<p><span data-contrast=\"auto\">Al referirse al trabajo que realiza la estudiante peruana, Daniel L\u00f3pez coment\u00f3 que ella est\u00e1 \u201cevaluando nanopart\u00edculas met\u00e1licas para el control de hongos ambientales, en espec\u00edfico hongos que infectan la piel que sirve para fabricar ropa, bolsas y calzado; eval\u00faa nanopart\u00edculas desarrolladas en Per\u00fa con las que se puede impregnar la piel y disminuir la aparici\u00f3n de hongos\u201d.<\/span><span data-ccp-props=\"{&quot;201341983&quot;:0,&quot;335559731&quot;:720,&quot;335559740&quot;:240}\">\u00a0<\/span><\/p>\n<p><span data-contrast=\"auto\">El acad\u00e9mico coment\u00f3 que la conexi\u00f3n con Ciencias Agr\u00edcolas se debe \u201cprecisamente al trabajo que hemos realizado en conjunto con Nicolaza Pariona Mendoza, cient\u00edfica del Instituto de Ecolog\u00eda, A.C. (<\/span><i><span data-contrast=\"auto\">Inecol<\/span><\/i><span data-contrast=\"auto\">), quien investiga la interacci\u00f3n entre microorganismos y nanomateriales para su desarrollo con actividad antimicrobiana y conoce a Liliana Sol\u00eds, quien vino a aprender las t\u00e9cnicas de evaluaci\u00f3n de la actividad antif\u00fangica de nanopart\u00edculas sobre hongos ambientales\u201d.<\/span><span data-ccp-props=\"{&quot;201341983&quot;:0,&quot;335559731&quot;:720,&quot;335559740&quot;:240}\">\u00a0<\/span><\/p>\n<p><span data-ccp-props=\"{&quot;201341983&quot;:0,&quot;335559740&quot;:240}\">\u00a0<\/span><\/p>\n<div id=\"attachment_110590\" style=\"width: 732px\" class=\"wp-caption aligncenter\"><a href=\"https:\/\/www.uv.mx\/prensa\/files\/2022\/02\/220222-Alumna-de-Peru-estancia-en-la-UV-1.jpg\"><img aria-describedby=\"caption-attachment-110590\" decoding=\"async\" loading=\"lazy\" class=\"size-full wp-image-110590\" src=\"https:\/\/www.uv.mx\/prensa\/files\/2022\/02\/220222-Alumna-de-Peru-estancia-en-la-UV-1.jpg\" alt=\"\" width=\"722\" height=\"481\" srcset=\"https:\/\/www.uv.mx\/prensa\/files\/2022\/02\/220222-Alumna-de-Peru-estancia-en-la-UV-1.jpg 722w, https:\/\/www.uv.mx\/prensa\/files\/2022\/02\/220222-Alumna-de-Peru-estancia-en-la-UV-1-300x200.jpg 300w\" sizes=\"(max-width: 722px) 100vw, 722px\" \/><\/a><p id=\"caption-attachment-110590\" class=\"wp-caption-text\">La estudiante de doctorado con Daniel L\u00f3pez, catedr\u00e1tico de la UV, en el Laboratorio de Fitopatolog\u00eda<\/p><\/div>\n<p>&nbsp;<\/p>\n<p><b><span data-contrast=\"auto\">Investigaci\u00f3n de frontera en la Facultad de Ciencias Agr\u00edcolas<\/span><\/b><span data-ccp-props=\"{&quot;201341983&quot;:0,&quot;335559740&quot;:240}\">\u00a0<\/span><\/p>\n<p><span data-contrast=\"auto\">Daniel L\u00f3pez aprovech\u00f3 la entrevista para subrayar que desde el laboratorio de la Facultad de Ciencias Agr\u00edcolas y en colaboraci\u00f3n con investigadores de otras entidades, como es el caso de la universitaria de Per\u00fa y la investigadora del <\/span><i><span data-contrast=\"auto\">Inecol<\/span><\/i><span data-contrast=\"auto\">, se desarrolla investigaci\u00f3n que puede ofrecer m\u00faltiples aplicaciones para los agricultores, adem\u00e1s de reducir el impacto ambiental de los fungicidas.<\/span><span data-ccp-props=\"{&quot;201341983&quot;:0,&quot;335559740&quot;:240}\">\u00a0<\/span><\/p>\n<p><span data-contrast=\"auto\">Se enfoca en el uso de nanopart\u00edculas para controlar plagas agr\u00edcolas, evaluando la capacidad antif\u00fangica de nanopart\u00edculas met\u00e1licas contra hongos fitopat\u00f3genos de las plantas de cultivo como tomate, caf\u00e9, ma\u00edz.<\/span><span data-ccp-props=\"{&quot;201341983&quot;:0,&quot;335559731&quot;:720,&quot;335559740&quot;:240}\">\u00a0<\/span><\/p>\n<p><span data-contrast=\"auto\">\u201cLo que pretendemos es tener mayores alternativas para el manejo de las plagas, y el uso de nanopart\u00edculas en peque\u00f1as cantidades son mejor absorbidas por las plantas y tienen un mejor efecto antif\u00fangico, lo que se traduce en menor contaminaci\u00f3n ambiental.\u201d<\/span><span data-ccp-props=\"{&quot;201341983&quot;:0,&quot;335559731&quot;:720,&quot;335559740&quot;:240}\">\u00a0<\/span><\/p>\n<p><span data-contrast=\"auto\">La aplicaci\u00f3n de las nanopart\u00edculas, una vez que se ha confirmado su eficacia en pruebas de laboratorio, es muy similar a otros fungicidas que utilizan los agricultores: una dosis que se disuelve en agua y se asperja hacia las plantas o al suelo, precis\u00f3 el acad\u00e9mico.<\/span><span data-ccp-props=\"{&quot;201341983&quot;:0,&quot;335559731&quot;:720,&quot;335559740&quot;:240}\">\u00a0<\/span><\/p>\n<p><span data-contrast=\"auto\">\u201cLas nanopart\u00edculas se aplican como cualquier otro fungicida, se puede decir que hay m\u00e1s trabajo en su desarrollo y sus evaluaciones <\/span><i><span data-contrast=\"auto\">in vitro<\/span><\/i><span data-contrast=\"auto\"> para confirmar su eficacia; una vez definida la nanopart\u00edcula y la concentraci\u00f3n adecuada para inhibir al hongo, se realizan experimentos en invernadero donde se aplican las nanopart\u00edculas asperjadas, es decir, diseminadas por aspersi\u00f3n o disueltas en agua e incluso como tratamiento al suelo.\u201d<\/span><span data-ccp-props=\"{&quot;201341983&quot;:0,&quot;335559731&quot;:720,&quot;335559740&quot;:240}\">\u00a0<\/span><\/p>\n<p><span data-contrast=\"auto\">L\u00f3pez Lima subray\u00f3 que la ventaja de las nanopart\u00edculas, por ejemplo las de cobre, es que pueden tener un efecto sist\u00e9mico, es decir, pueden entrar al sistema vascular de la planta y disminuir la incidencia o afectaci\u00f3n de aquellos hongos que se hospedan en su interior.<\/span><span data-ccp-props=\"{&quot;201341983&quot;:0,&quot;335559731&quot;:720,&quot;335559740&quot;:240}\">\u00a0<\/span><\/p>\n<p><span data-contrast=\"auto\">Finalmente, L\u00f3pez Lima agradeci\u00f3 a la investigadora por permitirle colaborar en su proyecto de titulaci\u00f3n del doctorado y dijo: \u201cCreo que s\u00ed ha habido avances, adem\u00e1s de que es un tema de frontera porque hay mucho por hacer y muchas aplicaciones donde puede dar beneficios, esperamos seguir colaborando con Liliana Sol\u00eds en un futuro y agradezco a la UV y sus autoridades por facilitarle su estancia de investigaci\u00f3n\u201d.<\/span><span data-ccp-props=\"{&quot;201341983&quot;:0,&quot;335559731&quot;:720,&quot;335559740&quot;:240}\">\u00a0<\/span><\/p>\n","protected":false},"excerpt":{"rendered":"<p>Rosa Liliana Sol\u00eds Castro vino a aprender las t\u00e9cnicas de evaluaci\u00f3n de la actividad antif\u00fangica de nanopart\u00edculas sobre hongos ambientales<\/p>\n","protected":false},"author":1508,"featured_media":110589,"comment_status":"closed","ping_status":"closed","sticky":false,"template":"","format":"standard","meta":[],"categories":[45],"tags":[],"_links":{"self":[{"href":"https:\/\/www.uv.mx\/prensa\/wp-json\/wp\/v2\/posts\/110822"}],"collection":[{"href":"https:\/\/www.uv.mx\/prensa\/wp-json\/wp\/v2\/posts"}],"about":[{"href":"https:\/\/www.uv.mx\/prensa\/wp-json\/wp\/v2\/types\/post"}],"author":[{"embeddable":true,"href":"https:\/\/www.uv.mx\/prensa\/wp-json\/wp\/v2\/users\/1508"}],"replies":[{"embeddable":true,"href":"https:\/\/www.uv.mx\/prensa\/wp-json\/wp\/v2\/comments?post=110822"}],"version-history":[{"count":1,"href":"https:\/\/www.uv.mx\/prensa\/wp-json\/wp\/v2\/posts\/110822\/revisions"}],"predecessor-version":[{"id":111026,"href":"https:\/\/www.uv.mx\/prensa\/wp-json\/wp\/v2\/posts\/110822\/revisions\/111026"}],"wp:featuredmedia":[{"embeddable":true,"href":"https:\/\/www.uv.mx\/prensa\/wp-json\/wp\/v2\/media\/110589"}],"wp:attachment":[{"href":"https:\/\/www.uv.mx\/prensa\/wp-json\/wp\/v2\/media?parent=110822"}],"wp:term":[{"taxonomy":"category","embeddable":true,"href":"https:\/\/www.uv.mx\/prensa\/wp-json\/wp\/v2\/categories?post=110822"},{"taxonomy":"post_tag","embeddable":true,"href":"https:\/\/www.uv.mx\/prensa\/wp-json\/wp\/v2\/tags?post=110822"}],"curies":[{"name":"wp","href":"https:\/\/api.w.org\/{rel}","templated":true}]}}