{"id":111474,"date":"2022-03-11T13:18:06","date_gmt":"2022-03-11T19:18:06","guid":{"rendered":"https:\/\/www.uv.mx\/prensa\/?p=111474"},"modified":"2022-03-11T14:41:56","modified_gmt":"2022-03-11T20:41:56","slug":"no-existe-solo-un-rol-de-la-mujer-en-la-ciencia-gabriela-nachon","status":"publish","type":"post","link":"https:\/\/www.uv.mx\/prensa\/ciencia\/no-existe-solo-un-rol-de-la-mujer-en-la-ciencia-gabriela-nachon\/","title":{"rendered":"No existe s\u00f3lo un rol de la mujer en la ciencia: Gabriela Nach\u00f3n"},"content":{"rendered":"<ul>\n<li><em>Pueden llegar a desempe\u00f1ar el rol que deseen en ciencias, ingenier\u00eda, pol\u00edtica, artes y humanidades<\/em><\/li>\n<li><em>La Directora del ICS-UV imparti\u00f3 ponencia a invitaci\u00f3n de la Red de Equidad de G\u00e9nero de la Unidad de Ciencias de la Salud<\/em><\/li>\n<\/ul>\n<p>&nbsp;<\/p>\n<div id=\"attachment_111475\" style=\"width: 732px\" class=\"wp-caption aligncenter\"><a href=\"https:\/\/www.uv.mx\/prensa\/files\/2022\/03\/110322-MUJERES-EN-LA-CIENCIA-1-100k.jpg\"><img aria-describedby=\"caption-attachment-111475\" decoding=\"async\" loading=\"lazy\" class=\"size-full wp-image-111475\" src=\"https:\/\/www.uv.mx\/prensa\/files\/2022\/03\/110322-MUJERES-EN-LA-CIENCIA-1-100k.jpg\" alt=\"Mar\u00eda Gabriela Nach\u00f3n Garc\u00eda habl\u00f3 acerca de la participaci\u00f3n de las mujeres en las ciencias de la salud\" width=\"722\" height=\"406\" srcset=\"https:\/\/www.uv.mx\/prensa\/files\/2022\/03\/110322-MUJERES-EN-LA-CIENCIA-1-100k.jpg 722w, https:\/\/www.uv.mx\/prensa\/files\/2022\/03\/110322-MUJERES-EN-LA-CIENCIA-1-100k-300x169.jpg 300w\" sizes=\"(max-width: 722px) 100vw, 722px\" \/><\/a><p id=\"caption-attachment-111475\" class=\"wp-caption-text\">Mar\u00eda Gabriela Nach\u00f3n Garc\u00eda habl\u00f3 acerca de la participaci\u00f3n de las mujeres en las ciencias de la salud<\/p><\/div>\n<p>&nbsp;<\/p>\n<p><strong><em>Texto y fotos: Claudia Peralta V\u00e1zquez<\/em><\/strong><\/p>\n<p><strong><em>11\/03\/2022, Xalapa, Ver.-<\/em><\/strong> Mar\u00eda Gabriela Nach\u00f3n Garc\u00eda, directora del <a href=\"https:\/\/www.uv.mx\/ics\/\" target=\"_blank\" rel=\"noopener\">Instituto de Ciencias de la Salud<\/a> (ICS) de la Universidad Veracruzana (UV), subray\u00f3 que las mujeres no tienen s\u00f3lo un rol en la ciencia, por el contrario, pueden llegar a desempe\u00f1arse dentro de \u00e9sta y otras \u00e1reas como la ingenier\u00eda, pol\u00edtica, artes y humanidades.<\/p>\n<p>El mi\u00e9rcoles 9 de marzo, a invitaci\u00f3n de la Red de Equidad de G\u00e9nero de la Unidad de Ciencias de la Salud de la UV, la acad\u00e9mica e investigadora dict\u00f3 la ponencia \u201cLa participaci\u00f3n de las mujeres en las ciencias de la salud\u201d, en el marco de la conmemoraci\u00f3n por el D\u00eda Internacional de la Mujer.<\/p>\n<p>Categ\u00f3rica, resalt\u00f3 que dentro de la ciencia no existen roles predeterminados seg\u00fan el g\u00e9nero, la identidad sexual o el origen \u00e9tnico. \u201cLas mujeres tenemos esa capacidad y dominio para desarrollar el papel y el rol que deseamos en el campo del conocimiento\u201d.<\/p>\n<p>Durante su participaci\u00f3n transmitida a trav\u00e9s de <em>Zoom<\/em>, Nach\u00f3n Garc\u00eda, acad\u00e9mica de la Facultad de Odontolog\u00eda de la UV, reconoci\u00f3 que la ciencia ha sido uno de los campos m\u00e1s complicados para la mujer a lo largo de la historia.<\/p>\n<p>Como ejemplo, mencion\u00f3 lo ocurrido durante la Edad Media, cuando eran acusadas de brujer\u00eda por su inter\u00e9s en la bot\u00e1nica o en la pr\u00e1ctica cl\u00ednica.<\/p>\n<div id=\"attachment_111476\" style=\"width: 732px\" class=\"wp-caption aligncenter\"><a href=\"https:\/\/www.uv.mx\/prensa\/files\/2022\/03\/110322-MUJERES-EN-LA-CIENCIA-2-100k.jpg\"><img aria-describedby=\"caption-attachment-111476\" decoding=\"async\" loading=\"lazy\" class=\"size-full wp-image-111476\" src=\"https:\/\/www.uv.mx\/prensa\/files\/2022\/03\/110322-MUJERES-EN-LA-CIENCIA-2-100k.jpg\" alt=\"La investigadora reconoci\u00f3 a las pioneras que abrieron las puertas a los laboratorios, pr\u00e1cticas cl\u00ednicas y c\u00e1tedras universitarias\" width=\"722\" height=\"406\" srcset=\"https:\/\/www.uv.mx\/prensa\/files\/2022\/03\/110322-MUJERES-EN-LA-CIENCIA-2-100k.jpg 722w, https:\/\/www.uv.mx\/prensa\/files\/2022\/03\/110322-MUJERES-EN-LA-CIENCIA-2-100k-300x169.jpg 300w\" sizes=\"(max-width: 722px) 100vw, 722px\" \/><\/a><p id=\"caption-attachment-111476\" class=\"wp-caption-text\">La investigadora reconoci\u00f3 a las pioneras que abrieron las puertas a los laboratorios, pr\u00e1cticas cl\u00ednicas y c\u00e1tedras universitarias<\/p><\/div>\n<p>&nbsp;<\/p>\n<p>Coment\u00f3 que existen variaciones morfol\u00f3gicas y fisiol\u00f3gicas entre los cerebros masculino y femenino, por lo que explicar el comportamiento de un hombre y una mujer basado en su estructura cerebral es una pr\u00e1ctica reduccionista y err\u00f3nea. \u201cEl individuo es producto de sus caracter\u00edsticas f\u00edsicas, emocionales, cognitivas y de su entorno\u201d.<\/p>\n<p>Ante autoridades universitarias, acad\u00e9micos, estudiantes y p\u00fablico en general, Nach\u00f3n Garc\u00eda lament\u00f3 que los sistemas pol\u00edticos, culturales, religiosos y sociales sean los que establezcan la diferencia entre hombres y mujeres y roles de g\u00e9nero.<\/p>\n<p>\u201cNo es una lucha entre hombres y mujeres, ni se trata de ver qui\u00e9n sabe m\u00e1s, recordemos que el hombre inici\u00f3 las ciencias muchos siglos antes que la mujer, y mientras el hombre ha caminado a lo largo de la historia, la mujer ha tenido que correr.\u201d<\/p>\n<p>Es claro que cualquier ser humano no debe regirse por lo que debe y tiene que hacer, sino por lo que quiera hacer.<\/p>\n<p>La cirujana dentista con Maestr\u00eda en Investigaci\u00f3n Cl\u00ednica y Doctorado en Ciencias de la Salud, cuestion\u00f3 que a lo largo de 119 a\u00f1os el Premio Nobel se haya otorgado 876 veces a hombres y s\u00f3lo 58 a mujeres, de \u00e9stos, 22 han sido en las categor\u00edas de Qu\u00edmica, F\u00edsica y Fisiolog\u00eda.<\/p>\n<div id=\"attachment_111477\" style=\"width: 732px\" class=\"wp-caption aligncenter\"><a href=\"https:\/\/www.uv.mx\/prensa\/files\/2022\/03\/110322-MUJERES-EN-LA-CIENCIA-3-100k.jpg\"><img aria-describedby=\"caption-attachment-111477\" decoding=\"async\" loading=\"lazy\" class=\"size-full wp-image-111477\" src=\"https:\/\/www.uv.mx\/prensa\/files\/2022\/03\/110322-MUJERES-EN-LA-CIENCIA-3-100k.jpg\" alt=\"Con motivo del D\u00eda Internacional de la Mujer, la Red de Equidad de G\u00e9nero de la Unidad de Ciencias de la Salud organiz\u00f3 el foro\" width=\"722\" height=\"406\" srcset=\"https:\/\/www.uv.mx\/prensa\/files\/2022\/03\/110322-MUJERES-EN-LA-CIENCIA-3-100k.jpg 722w, https:\/\/www.uv.mx\/prensa\/files\/2022\/03\/110322-MUJERES-EN-LA-CIENCIA-3-100k-300x169.jpg 300w\" sizes=\"(max-width: 722px) 100vw, 722px\" \/><\/a><p id=\"caption-attachment-111477\" class=\"wp-caption-text\">Con motivo del D\u00eda Internacional de la Mujer, la Red de Equidad de G\u00e9nero de la Unidad de Ciencias de la Salud organiz\u00f3 el foro<\/p><\/div>\n<p>&nbsp;<\/p>\n<p>Por otra parte, a partir de 2018 los reconocimientos a las mujeres han sido m\u00e1s constantes en estas \u00e1reas.<\/p>\n<p>Tambi\u00e9n, destac\u00f3 el papel de las pioneras que abrieron las puertas a los laboratorios, las pr\u00e1cticas cl\u00ednicas y c\u00e1tedras universitarias.<\/p>\n<p>\u201cSon 15 cient\u00edficas cuyos hallazgos en la investigaci\u00f3n permitieron dar un paso adelante a las ciencias de la salud\u201d, puntualiz\u00f3. Entre otras reconocidas cient\u00edficas se encuentran: Mar\u00eda Curie, Nobel de F\u00edsica y Qu\u00edmica en 1903 y 1911, respectivamente; Gerty Cori, B\u00e1rbara McClintock, y Rita Levi Montalcini, Nobel de Medicina en 1947, 1983 y 1986. Adem\u00e1s, Dorothy Crowfoot Hodgkin y Ada Yonath, Nobel de Qu\u00edmica en 1964 y en 2009.<\/p>\n<p>Aun as\u00ed, son pocas las mujeres que han recibido esta distinci\u00f3n, lo cual atribuy\u00f3 al machismo hist\u00f3rico, al criterio del jurado conformado principalmente por hombres, escaso acceso de las mujeres a carreras cient\u00edficas, y la falta de modelos a seguir.<\/p>\n<p><strong>M\u00e9xico, entre los cinco pa\u00edses con mayor brecha salarial de g\u00e9nero<br \/>\n<\/strong>La investigadora del ICS dio a conocer que M\u00e9xico se encuentra entre los cinco pa\u00edses con mayor brecha salarial de g\u00e9nero, con un 18.75 por ciento, despu\u00e9s de Corea del Sur, Jap\u00f3n, Israel y Finlandia.<\/p>\n<div id=\"attachment_111478\" style=\"width: 732px\" class=\"wp-caption aligncenter\"><a href=\"https:\/\/www.uv.mx\/prensa\/files\/2022\/03\/110322-MUJERES-EN-LA-CIENCIA-4-100k.jpg\"><img aria-describedby=\"caption-attachment-111478\" decoding=\"async\" loading=\"lazy\" class=\"size-full wp-image-111478\" src=\"https:\/\/www.uv.mx\/prensa\/files\/2022\/03\/110322-MUJERES-EN-LA-CIENCIA-4-100k.jpg\" alt=\"M\u00e9xico, entre los cinco pa\u00edses con mayor brecha salarial de g\u00e9nero\" width=\"722\" height=\"406\" srcset=\"https:\/\/www.uv.mx\/prensa\/files\/2022\/03\/110322-MUJERES-EN-LA-CIENCIA-4-100k.jpg 722w, https:\/\/www.uv.mx\/prensa\/files\/2022\/03\/110322-MUJERES-EN-LA-CIENCIA-4-100k-300x169.jpg 300w\" sizes=\"(max-width: 722px) 100vw, 722px\" \/><\/a><p id=\"caption-attachment-111478\" class=\"wp-caption-text\">M\u00e9xico, entre los cinco pa\u00edses con mayor brecha salarial de g\u00e9nero<\/p><\/div>\n<p>&nbsp;<\/p>\n<p>De acuerdo con datos de 2015 del Consejo Nacional de Ciencia y Tecnolog\u00eda (<em>Conacyt<\/em>), el 42 por ciento de investigadores inscritos en el nivel de candidatura del padr\u00f3n del Sistema Nacional de Investigadores (SNI) eran mujeres, y 58 por ciento hombres. Los porcentajes por niveles eran: 37.7 mujeres y 62.3 hombres, en el Nivel I; 29.9 mujeres y 70.1 hombres, en el Nivel II; y 21.2 mujeres y 78.8 hombres, en el Nivel III.<\/p>\n<p>Ah\u00ed, se aprecia que el reconocimiento hacia este sector disminuye a medida que aumenta el nivel de reconocimiento. En este sentido, deben tomarse acciones necesarias para la permanencia, movilidad y reconocimiento en las carreras profesionales de las mujeres cient\u00edficas.<\/p>\n<p>El Instituto Nacional de las Mujeres enlista algunas acciones como: favorecer el acceso igualitario a c\u00e1tedras, fondos de investigaci\u00f3n, y premios para las mujeres cient\u00edficas; implementar cuotas para el acceso a subsidios de investigaci\u00f3n, programas de tutor\u00eda y mentor\u00eda a investigadoras en las \u00e1reas que est\u00e1n subrepresentadas; desarrollo de estrategias para aumentar el inter\u00e9s por la ciencia y la tecnolog\u00eda en las ni\u00f1as, y educaci\u00f3n con perspectiva de g\u00e9nero.<\/p>\n<p>Por parte de la UV, en el a\u00f1o 2000 dentro del SNI hab\u00eda 34 hombres y 14 mujeres; en 2015, de un total de 427, 256 eran hombres y 171 mujeres. En 2021 se registraron 674 investigadores, de ellos 422 eran hombres y 252 mujeres, de las cuales s\u00f3lo 43 est\u00e1n en el \u00e1rea de ciencias de la salud.<\/p>\n","protected":false},"excerpt":{"rendered":"<p>\u201cMientras el hombre ha caminado a lo largo de la historia, la mujer ha tenido que correr\u201d<\/p>\n","protected":false},"author":1775,"featured_media":111476,"comment_status":"closed","ping_status":"closed","sticky":false,"template":"","format":"standard","meta":[],"categories":[45],"tags":[4163,1723,670,134,2140,6696,882,6697],"_links":{"self":[{"href":"https:\/\/www.uv.mx\/prensa\/wp-json\/wp\/v2\/posts\/111474"}],"collection":[{"href":"https:\/\/www.uv.mx\/prensa\/wp-json\/wp\/v2\/posts"}],"about":[{"href":"https:\/\/www.uv.mx\/prensa\/wp-json\/wp\/v2\/types\/post"}],"author":[{"embeddable":true,"href":"https:\/\/www.uv.mx\/prensa\/wp-json\/wp\/v2\/users\/1775"}],"replies":[{"embeddable":true,"href":"https:\/\/www.uv.mx\/prensa\/wp-json\/wp\/v2\/comments?post=111474"}],"version-history":[{"count":1,"href":"https:\/\/www.uv.mx\/prensa\/wp-json\/wp\/v2\/posts\/111474\/revisions"}],"predecessor-version":[{"id":111503,"href":"https:\/\/www.uv.mx\/prensa\/wp-json\/wp\/v2\/posts\/111474\/revisions\/111503"}],"wp:featuredmedia":[{"embeddable":true,"href":"https:\/\/www.uv.mx\/prensa\/wp-json\/wp\/v2\/media\/111476"}],"wp:attachment":[{"href":"https:\/\/www.uv.mx\/prensa\/wp-json\/wp\/v2\/media?parent=111474"}],"wp:term":[{"taxonomy":"category","embeddable":true,"href":"https:\/\/www.uv.mx\/prensa\/wp-json\/wp\/v2\/categories?post=111474"},{"taxonomy":"post_tag","embeddable":true,"href":"https:\/\/www.uv.mx\/prensa\/wp-json\/wp\/v2\/tags?post=111474"}],"curies":[{"name":"wp","href":"https:\/\/api.w.org\/{rel}","templated":true}]}}