{"id":111971,"date":"2022-03-17T19:13:47","date_gmt":"2022-03-18T01:13:47","guid":{"rendered":"https:\/\/www.uv.mx\/prensa\/?p=111971"},"modified":"2022-03-24T10:31:06","modified_gmt":"2022-03-24T16:31:06","slug":"requerimos-infraestructura-equipo-e-insumos-estudiantes-de-orizaba","status":"publish","type":"post","link":"https:\/\/www.uv.mx\/prensa\/regiones\/requerimos-infraestructura-equipo-e-insumos-estudiantes-de-orizaba\/","title":{"rendered":"Requerimos infraestructura, equipo e insumos: estudiantes de Orizaba"},"content":{"rendered":"<p>&nbsp;<\/p>\n<ul>\n<li><em>La comunidad universitaria se ha pronunciado por un regreso a clases presenciales, incluso estudiantes for\u00e1neos, si ocurre de manera responsable y gradual<\/em><\/li>\n<li><em>Tambi\u00e9n se expres\u00f3 la necesidad de realizar pr\u00e1cticas de campo<\/em><\/li>\n<\/ul>\n<p>&nbsp;<\/p>\n<div id=\"attachment_111972\" style=\"width: 732px\" class=\"wp-caption aligncenter\"><img aria-describedby=\"caption-attachment-111972\" decoding=\"async\" loading=\"lazy\" class=\"size-full wp-image-111972\" src=\"https:\/\/www.uv.mx\/prensa\/files\/2022\/03\/1732022-DAVID-Reunion-Rector-con-estudiantes-Orizaba-1.jpg\" alt=\"\" width=\"722\" height=\"382\" srcset=\"https:\/\/www.uv.mx\/prensa\/files\/2022\/03\/1732022-DAVID-Reunion-Rector-con-estudiantes-Orizaba-1.jpg 722w, https:\/\/www.uv.mx\/prensa\/files\/2022\/03\/1732022-DAVID-Reunion-Rector-con-estudiantes-Orizaba-1-300x159.jpg 300w\" sizes=\"(max-width: 722px) 100vw, 722px\" \/><p id=\"caption-attachment-111972\" class=\"wp-caption-text\">Di\u00e1logo entre consejeros alumnos, comunidad estudiantil y acad\u00e9mica con autoridades universitarias<\/p><\/div>\n<p>&nbsp;<\/p>\n<p><strong><em>David Sandoval Rodr\u00edguez<\/em><\/strong><\/p>\n<p><strong><em>Fotos: <\/em><\/strong><strong><em>Eduardo Ca\u00f1edo Lom\u00e1n (1) y <\/em><\/strong><strong><em>Luis Fernando Fern\u00e1ndez Carrillo (2-4)<\/em><\/strong><\/p>\n<p><strong><em>17\/03\/2022, Ixtaczoquitl\u00e1n, Ver.-<\/em><\/strong> El rector de la <a href=\"https:\/\/www.uv.mx\/\" target=\"_blank\" rel=\"noopener\">Universidad Veracruzana<\/a> (UV), Mart\u00edn Aguilar S\u00e1nchez dijo a estudiantes y consejeros alumnos de la regi\u00f3n Orizaba-C\u00f3rdoba, que se trabaja en atender el inter\u00e9s colectivo de retornar a las aulas de manera gradual y responsable.<\/p>\n<p>En la sala de videoconferencias de la Unidad de Servicios Bibliotecarios y de Informaci\u00f3n (USBI) del Campus Ixtaczoquitl\u00e1n, las autoridades de la m\u00e1xima casa de estudios de Veracruz escucharon las inquietudes de j\u00f3venes de diversas facultades, quienes expresaron sus preocupaciones en cuanto a las instalaciones, equipamiento, insumos para laboratorios y la posibilidad de efectuar pr\u00e1cticas de campo.<\/p>\n<p>La reuni\u00f3n fue moderada por Homero \u00c1vila Landa, coordinador universitario de Atenci\u00f3n Estudiantil, y cont\u00f3 con las participaciones del vicerrector Mario Roberto Bernab\u00e9 Guapillo Vargas; la secretaria Acad\u00e9mica, Elena Rustri\u00e1n Portilla; Anabel Ojeda Guti\u00e9rrez, coordinadora de la Unidad de G\u00e9nero, y Jorge S\u00e1nchez-Mejorada Fern\u00e1ndez, coordinador del Centro para el Desarrollo Humano e Integral de los Universitarios (<em>Cendhiu<\/em>).<\/p>\n<p>&nbsp;<\/p>\n<div id=\"attachment_111973\" style=\"width: 732px\" class=\"wp-caption aligncenter\"><img aria-describedby=\"caption-attachment-111973\" decoding=\"async\" loading=\"lazy\" class=\"size-full wp-image-111973\" src=\"https:\/\/www.uv.mx\/prensa\/files\/2022\/03\/17032022-DAVID-Reunion-Rector-con-estudiantes-Orizaba-2.jpg\" alt=\"\" width=\"722\" height=\"482\" srcset=\"https:\/\/www.uv.mx\/prensa\/files\/2022\/03\/17032022-DAVID-Reunion-Rector-con-estudiantes-Orizaba-2.jpg 722w, https:\/\/www.uv.mx\/prensa\/files\/2022\/03\/17032022-DAVID-Reunion-Rector-con-estudiantes-Orizaba-2-300x200.jpg 300w\" sizes=\"(max-width: 722px) 100vw, 722px\" \/><p id=\"caption-attachment-111973\" class=\"wp-caption-text\">El rector Mart\u00edn Aguilar se comprometi\u00f3 a evaluar las necesidades expresadas por los estudiantes de la regi\u00f3n<\/p><\/div>\n<p>&nbsp;<\/p>\n<p>Tambi\u00e9n desde la plataforma <em>UV Zoom<\/em> hubo estudiantes que plantearon sus inquietudes respecto al regreso a clases.<\/p>\n<p>Al abordar la solicitud de varios de los alumnos presentes sobre el retorno a clases, Aguilar S\u00e1nchez recalc\u00f3 el hecho de que varios estudiantes for\u00e1neos han manifestado su inter\u00e9s por regresar a las aulas, cuando sea un retorno gradual y constante.<\/p>\n<p>Reconoci\u00f3, adem\u00e1s, la diversidad de temas expuestos, varios de ellos relacionados con aspectos de la gesti\u00f3n universitaria, como son los casos de accesos a las instalaciones y el equipamiento.<\/p>\n<p>\u201cVamos a ordenar lo que ustedes est\u00e1n planteando aqu\u00ed y ver lo que se puede resolver de manera inmediata; los otros puntos requieren una mayor planificaci\u00f3n que tiene que ver con la gesti\u00f3n; debemos identificar en cada regi\u00f3n las prioridades por etapas y las problem\u00e1ticas que nos plantearon\u201d, explic\u00f3 el Rector al se\u00f1alar que varios de los puntos abordados ya est\u00e1n articulados en el Programa de Trabajo 2021-2025.<\/p>\n<p>&nbsp;<\/p>\n<div id=\"attachment_111974\" style=\"width: 732px\" class=\"wp-caption aligncenter\"><img aria-describedby=\"caption-attachment-111974\" decoding=\"async\" loading=\"lazy\" class=\"size-full wp-image-111974\" src=\"https:\/\/www.uv.mx\/prensa\/files\/2022\/03\/17032022-DAVID-Reunion-Rector-con-estudiantes-Orizaba-3.jpg\" alt=\"\" width=\"722\" height=\"482\" srcset=\"https:\/\/www.uv.mx\/prensa\/files\/2022\/03\/17032022-DAVID-Reunion-Rector-con-estudiantes-Orizaba-3.jpg 722w, https:\/\/www.uv.mx\/prensa\/files\/2022\/03\/17032022-DAVID-Reunion-Rector-con-estudiantes-Orizaba-3-300x200.jpg 300w\" sizes=\"(max-width: 722px) 100vw, 722px\" \/><p id=\"caption-attachment-111974\" class=\"wp-caption-text\">En el pres\u00eddium estuvieron: Homero \u00c1vila, Elena Rustri\u00e1n, Mart\u00edn Aguilar, Mario Roberto Bernab\u00e9 Guapillo, Anabel Ojeda y Jorge S\u00e1nchez-Mejorada<\/p><\/div>\n<p>&nbsp;<\/p>\n<p>Con relaci\u00f3n a las situaciones que manifestaron los estudiantes respecto a los actos de hostigamiento, Ojeda Guti\u00e9rrez record\u00f3 que los directivos de las facultades ya recibieron capacitaci\u00f3n y tienen la responsabilidad de generar medidas de protecci\u00f3n, e inst\u00f3 a los universitarios a comunicarse con la Unidad de G\u00e9nero, sus respectivas coordinaciones regionales y las unidades de g\u00e9nero de las facultades.<\/p>\n<p>Por otro lado, atendiendo a la menci\u00f3n de una persona discapacitada que desisti\u00f3 de presentar el examen de ingreso, Jorge S\u00e1nchez-Mejorada mencion\u00f3 que existe el compromiso institucional de atender a las personas en situaci\u00f3n de discapacidad, ya sea visual, motriz, auditiva o intelectual, y se coordina con la Direcci\u00f3n General de Administraci\u00f3n Escolar para facilitarles la aplicaci\u00f3n del examen de ingreso.<\/p>\n<p>Respecto a la inquietud de realizar pr\u00e1cticas profesionales y de servicio social que solicitaron algunos de los estudiantes de distintas entidades acad\u00e9micas, Bernab\u00e9 Guapillo Vargas dijo que varios ayuntamientos han manifestado su inter\u00e9s para celebrar con la UV convenios de colaboraci\u00f3n generales y espec\u00edficos en esta materia; \u201cellos requieren de ustedes para echar a andar proyectos, y ustedes requieren de este acercamiento con la pr\u00e1ctica\u201d.<\/p>\n<p>&nbsp;<\/p>\n<div id=\"attachment_111975\" style=\"width: 732px\" class=\"wp-caption aligncenter\"><img aria-describedby=\"caption-attachment-111975\" decoding=\"async\" loading=\"lazy\" class=\"size-full wp-image-111975\" src=\"https:\/\/www.uv.mx\/prensa\/files\/2022\/03\/17032022-DAVID-Reunion-Rector-con-estudiantes-Orizaba-4.jpg\" alt=\"\" width=\"722\" height=\"482\" srcset=\"https:\/\/www.uv.mx\/prensa\/files\/2022\/03\/17032022-DAVID-Reunion-Rector-con-estudiantes-Orizaba-4.jpg 722w, https:\/\/www.uv.mx\/prensa\/files\/2022\/03\/17032022-DAVID-Reunion-Rector-con-estudiantes-Orizaba-4-300x200.jpg 300w\" sizes=\"(max-width: 722px) 100vw, 722px\" \/><p id=\"caption-attachment-111975\" class=\"wp-caption-text\">Universitarios de varias facultades expresaron sus inquietudes con relaci\u00f3n al retorno a las clases presenciales<\/p><\/div>\n","protected":false},"excerpt":{"rendered":"<p>\u201cVamos a ordenar lo que ustedes est\u00e1n planteando aqu\u00ed y ver lo que se puede resolver de manera inmediata\u201d, respondi\u00f3 Mart\u00edn Aguilar S\u00e1nchez a los j\u00f3venes<\/p>\n","protected":false},"author":1869,"featured_media":111976,"comment_status":"closed","ping_status":"closed","sticky":false,"template":"","format":"standard","meta":[],"categories":[53,61,32],"tags":[4159,4172,4662,6249,2700],"_links":{"self":[{"href":"https:\/\/www.uv.mx\/prensa\/wp-json\/wp\/v2\/posts\/111971"}],"collection":[{"href":"https:\/\/www.uv.mx\/prensa\/wp-json\/wp\/v2\/posts"}],"about":[{"href":"https:\/\/www.uv.mx\/prensa\/wp-json\/wp\/v2\/types\/post"}],"author":[{"embeddable":true,"href":"https:\/\/www.uv.mx\/prensa\/wp-json\/wp\/v2\/users\/1869"}],"replies":[{"embeddable":true,"href":"https:\/\/www.uv.mx\/prensa\/wp-json\/wp\/v2\/comments?post=111971"}],"version-history":[{"count":1,"href":"https:\/\/www.uv.mx\/prensa\/wp-json\/wp\/v2\/posts\/111971\/revisions"}],"predecessor-version":[{"id":112257,"href":"https:\/\/www.uv.mx\/prensa\/wp-json\/wp\/v2\/posts\/111971\/revisions\/112257"}],"wp:featuredmedia":[{"embeddable":true,"href":"https:\/\/www.uv.mx\/prensa\/wp-json\/wp\/v2\/media\/111976"}],"wp:attachment":[{"href":"https:\/\/www.uv.mx\/prensa\/wp-json\/wp\/v2\/media?parent=111971"}],"wp:term":[{"taxonomy":"category","embeddable":true,"href":"https:\/\/www.uv.mx\/prensa\/wp-json\/wp\/v2\/categories?post=111971"},{"taxonomy":"post_tag","embeddable":true,"href":"https:\/\/www.uv.mx\/prensa\/wp-json\/wp\/v2\/tags?post=111971"}],"curies":[{"name":"wp","href":"https:\/\/api.w.org\/{rel}","templated":true}]}}