{"id":112011,"date":"2022-03-17T15:06:56","date_gmt":"2022-03-17T21:06:56","guid":{"rendered":"https:\/\/www.uv.mx\/prensa\/?p=112011"},"modified":"2022-03-24T11:20:34","modified_gmt":"2022-03-24T17:20:34","slug":"uv-convoca-a-cursar-maestria-en-economia-ambiental-y-ecologica","status":"publish","type":"post","link":"https:\/\/www.uv.mx\/prensa\/general\/uv-convoca-a-cursar-maestria-en-economia-ambiental-y-ecologica\/","title":{"rendered":"UV convoca a cursar Maestr\u00eda en Econom\u00eda Ambiental y Ecol\u00f3gica"},"content":{"rendered":"<p>&nbsp;<\/p>\n<ul>\n<li><em>Dentro de la actual convocatoria de ingreso a posgrado<\/em><\/li>\n<li><em>Los interesados pueden registrarse hasta el pr\u00f3ximo 5 de abril<\/em><\/li>\n<li><em>Es un programa educativo orientado a la investigaci\u00f3n y reconocido por el <\/em>Conacyt<\/li>\n<\/ul>\n<p>&nbsp;<\/p>\n<div id=\"attachment_112009\" style=\"width: 732px\" class=\"wp-caption aligncenter\"><img aria-describedby=\"caption-attachment-112009\" decoding=\"async\" loading=\"lazy\" class=\"size-full wp-image-112009\" src=\"https:\/\/www.uv.mx\/prensa\/files\/2022\/03\/170322-CLAUDIA-Maestria-en-economia-ambiental.jpg\" alt=\"\" width=\"722\" height=\"464\" srcset=\"https:\/\/www.uv.mx\/prensa\/files\/2022\/03\/170322-CLAUDIA-Maestria-en-economia-ambiental.jpg 722w, https:\/\/www.uv.mx\/prensa\/files\/2022\/03\/170322-CLAUDIA-Maestria-en-economia-ambiental-300x193.jpg 300w\" sizes=\"(max-width: 722px) 100vw, 722px\" \/><p id=\"caption-attachment-112009\" class=\"wp-caption-text\">En su actual convocatoria de posgrado, la UV oferta la Maestr\u00eda en Econom\u00eda Ambiental y Ecol\u00f3gica<\/p><\/div>\n<p><strong><em>\u00a0<\/em><\/strong><\/p>\n<p><strong><em>Claudia Peralta V\u00e1zquez<\/em><\/strong><\/p>\n<p><strong><em>17\/03\/2022, Xalapa, Ver.- <\/em><\/strong>En el actual periodo de ingreso a posgrado, que comprende del 21 de febrero al 5 de abril del presente a\u00f1o, la Universidad Veracruzana (UV), a trav\u00e9s de la <a href=\"https:\/\/www.uv.mx\/economia\/\" target=\"_blank\" rel=\"noopener\">Facultad de Econom\u00eda<\/a>, oferta la Maestr\u00eda en Econom\u00eda Ambiental y Ecol\u00f3gica.<\/p>\n<p>Este programa educativo (PE) reconocido por el padr\u00f3n del Sistema Nacional de Posgrados (SNP) del Consejo Nacional de Ciencia y Tecnolog\u00eda (<em>Conacyt<\/em>), surge de la necesidad por encontrar nuevos m\u00e9todos y soluciones para lograr el equilibrio econ\u00f3mico, social y ambiental.<\/p>\n<p>Se sabe que las actividades econ\u00f3micas son parte esencial de la existencia y din\u00e1mica de las sociedades, y est\u00e1n vinculadas al bienestar humano, pero la modernizaci\u00f3n de la econom\u00eda y la producci\u00f3n a gran escala han cobrado un alto precio.<\/p>\n<p>Dichas acciones han promovido la aparici\u00f3n de problem\u00e1ticas como: el cambio clim\u00e1tico y el calentamiento global que afectan directamente a la especie humana.<\/p>\n<p>Por ello, el objetivo del posgrado tiene que ver con la formaci\u00f3n de profesionales que identifiquen los l\u00edmites del entorno biof\u00edsico y socio-cultural frente al crecimiento de la producci\u00f3n y el consumo, derivado de la actividad econ\u00f3mica.<\/p>\n<p>La preparaci\u00f3n de los estudiantes, bajo un rigor cient\u00edfico, se basa en el reconocimiento de la interacci\u00f3n sistem\u00e1tica entre la econom\u00eda, la sociedad y el medio ambiente, a trav\u00e9s de un esp\u00edritu anal\u00edtico, cr\u00edtico, \u00e9tico y creativo.<\/p>\n<p>Es importante mencionar que durante este proceso adquirir\u00e1n aptitudes de an\u00e1lisis para la resoluci\u00f3n de problemas econ\u00f3micos, sociales y ambientales.<\/p>\n<p>Tambi\u00e9n, para la gesti\u00f3n e implementaci\u00f3n de proyectos de investigaci\u00f3n relacionados con las l\u00edneas de generaci\u00f3n y aplicaci\u00f3n del conocimiento, en las ramas de la econom\u00eda ambiental y ecol\u00f3gica.<\/p>\n<p>Como requisito de ingreso, se sugiere que el aspirante tenga conocimientos b\u00e1sicos de \u00e1lgebra, ingl\u00e9s, computaci\u00f3n y econom\u00eda, principalmente, sobre el desequilibrio actual entre la econom\u00eda, la sociedad y el medio ambiente.<\/p>\n<p>Adem\u00e1s, habilidades relacionadas con la consulta de bases de datos y acopio de informaci\u00f3n, manejo de programas computacionales b\u00e1sicos como procesadores de texto y hojas de c\u00e1lculo.<\/p>\n<p>Al concluir, los maestros habr\u00e1n adquirido conocimientos acerca de los principios te\u00f3ricos, m\u00e9todos de investigaci\u00f3n y de valoraci\u00f3n utilizados en la econom\u00eda ambiental y ecol\u00f3gica.<\/p>\n<p>De igual manera, sabr\u00e1n identificar y analizar de forma cr\u00edtica los problemas econ\u00f3mico-ambientales; aplicar m\u00e9todos cuantitativos y cualitativos, y formular propuestas de pol\u00edticas ambientales.<\/p>\n<p>Para registrarse, los interesados pueden ingresar al sitio <em>web<\/em> de la Unidad de Estudios de Posgrado: <a href=\"https:\/\/www.uv.mx\/posgrado\/convocatorias\/\">https:\/\/www.uv.mx\/posgrado\/convocatorias\/<\/a><\/p>\n<p>Tambi\u00e9n, encontrar\u00e1n mayores informes en el portal del posgrado: <a href=\"https:\/\/www.uv.mx\/meae\/\">https:\/\/www.uv.mx\/meae\/<\/a> o a trav\u00e9s de la l\u00ednea telef\u00f3nica: (228) 8421700, extensi\u00f3n 14276, de lunes a viernes de 9:00 a 16:00 horas, en d\u00edas h\u00e1biles.<\/p>\n","protected":false},"excerpt":{"rendered":"<p>Es un programa educativo (PE) reconocido por el padr\u00f3n del Sistema Nacional de Posgrados (SNP) del Consejo Nacional de Ciencia y Tecnolog\u00eda (<em>Conacyt<\/em>) <\/p>\n","protected":false},"author":1869,"featured_media":112009,"comment_status":"closed","ping_status":"closed","sticky":false,"template":"","format":"standard","meta":[],"categories":[1],"tags":[],"_links":{"self":[{"href":"https:\/\/www.uv.mx\/prensa\/wp-json\/wp\/v2\/posts\/112011"}],"collection":[{"href":"https:\/\/www.uv.mx\/prensa\/wp-json\/wp\/v2\/posts"}],"about":[{"href":"https:\/\/www.uv.mx\/prensa\/wp-json\/wp\/v2\/types\/post"}],"author":[{"embeddable":true,"href":"https:\/\/www.uv.mx\/prensa\/wp-json\/wp\/v2\/users\/1869"}],"replies":[{"embeddable":true,"href":"https:\/\/www.uv.mx\/prensa\/wp-json\/wp\/v2\/comments?post=112011"}],"version-history":[{"count":1,"href":"https:\/\/www.uv.mx\/prensa\/wp-json\/wp\/v2\/posts\/112011\/revisions"}],"predecessor-version":[{"id":112271,"href":"https:\/\/www.uv.mx\/prensa\/wp-json\/wp\/v2\/posts\/112011\/revisions\/112271"}],"wp:featuredmedia":[{"embeddable":true,"href":"https:\/\/www.uv.mx\/prensa\/wp-json\/wp\/v2\/media\/112009"}],"wp:attachment":[{"href":"https:\/\/www.uv.mx\/prensa\/wp-json\/wp\/v2\/media?parent=112011"}],"wp:term":[{"taxonomy":"category","embeddable":true,"href":"https:\/\/www.uv.mx\/prensa\/wp-json\/wp\/v2\/categories?post=112011"},{"taxonomy":"post_tag","embeddable":true,"href":"https:\/\/www.uv.mx\/prensa\/wp-json\/wp\/v2\/tags?post=112011"}],"curies":[{"name":"wp","href":"https:\/\/api.w.org\/{rel}","templated":true}]}}