{"id":112132,"date":"2022-03-22T16:15:00","date_gmt":"2022-03-22T22:15:00","guid":{"rendered":"https:\/\/www.uv.mx\/prensa\/?p=112132"},"modified":"2022-03-23T13:42:47","modified_gmt":"2022-03-23T19:42:47","slug":"region-pr-tuxpan-respalda-pt-2021-2025","status":"publish","type":"post","link":"https:\/\/www.uv.mx\/prensa\/regiones\/region-pr-tuxpan-respalda-pt-2021-2025\/","title":{"rendered":"Regi\u00f3n PR-Tuxpan respalda PT 2021-2025"},"content":{"rendered":"<style type=\"text\/css\">\n  blockquote p { color: #28519b; font-family: helvetica; font-size: 1.6em; }<br \/><\/style>\n<p>&nbsp;<\/p>\n<ul>\n<li><em>En estos momentos de pandemia las y los estudiantes de todas las regiones han solicitado mayor atenci\u00f3n en salud<\/em><\/li>\n<li><em>Se requiere expandir la infraestructura deportiva en las regiones universitarias<\/em><\/li>\n<\/ul>\n<p>&nbsp;<\/p>\n<div id=\"attachment_112133\" style=\"width: 732px\" class=\"wp-caption aligncenter\"><img aria-describedby=\"caption-attachment-112133\" decoding=\"async\" loading=\"lazy\" class=\"size-full wp-image-112133\" src=\"https:\/\/www.uv.mx\/prensa\/files\/2022\/03\/220322-Sesion-CUR-1B.jpg\" alt=\"\" width=\"722\" height=\"482\" srcset=\"https:\/\/www.uv.mx\/prensa\/files\/2022\/03\/220322-Sesion-CUR-1B.jpg 722w, https:\/\/www.uv.mx\/prensa\/files\/2022\/03\/220322-Sesion-CUR-1B-300x200.jpg 300w\" sizes=\"(max-width: 722px) 100vw, 722px\" \/><p id=\"caption-attachment-112133\" class=\"wp-caption-text\">El rector Mart\u00edn Aguilar present\u00f3 el Programa de Trabajo 2021-2025 al pleno del Consejo Universitario Regional<\/p><\/div>\n<p><strong><em>\u00a0<\/em><\/strong><\/p>\n<blockquote><p>El Rector coment\u00f3: \u201cEl servicio m\u00e9dico con el que contamos debemos mejorarlo en cuanto a calidad y hacerlo m\u00e1s eficiente, especialmente en estos momentos de pandemia en que estudiantes de todas las regiones han solicitado mayor atenci\u00f3n en salud mental\u201d.<\/p><\/blockquote>\n<p>&nbsp;<\/p>\n<p><strong><em>Paola Cort\u00e9s P\u00e9rez<\/em><\/strong><\/p>\n<p><strong><em>Fotos: C\u00e9sar Pisil Ramos<\/em><\/strong><\/p>\n<p><strong><em>22\/03\/2022, Poza Rica, Ver.-<\/em><\/strong> Atenci\u00f3n a la salud mental y emocional de la comunidad de la <a href=\"https:\/\/www.uv.mx\/\" target=\"_blank\" rel=\"noopener\">Universidad Veracruzana<\/a> (UV) y el impulso al deporte, fueron los temas prioritarios para las y los universitarios de la regi\u00f3n Poza Rica-Tuxpan, durante los di\u00e1logos para la implementaci\u00f3n del Programa de Trabajo (PT) 2021-2025 \u201cPor una transformaci\u00f3n integral\u201d, que realiza el rector Mart\u00edn Aguilar S\u00e1nchez y funcionarios de la actual administraci\u00f3n.<\/p>\n<p>Mart\u00edn Aguilar present\u00f3 a la comunidad universitaria el PT 2021-2025, producto de los foros organizados en cada una de las regiones, en la Sesi\u00f3n Extraordinaria del Consejo Universitario Regional (CUR) de Poza Rica-Tuxpan, celebrada este martes en la Unidad de Servicios Bibliotecarios y de Informaci\u00f3n (USBI), que cont\u00f3 con la asistencia de 41 consejeras y consejeros universitarios, quienes representan el 89 por ciento del total de sus integrantes.<\/p>\n<p>Formaron parte del pres\u00eddium: la vicerrectora Liliana Cuervo L\u00f3pez; las secretarias Acad\u00e9mica, de Administraci\u00f3n y Finanzas y de Desarrollo Institucional, Elena Rustri\u00e1n Portilla, Lizbeth Viveros Cancino y Jaqueline Jongitud Zamora, respectivamente, as\u00ed como el secretario Acad\u00e9mico regional, C\u00e9sar Enrique Mart\u00ednez S\u00e1nchez.<\/p>\n<p>Adem\u00e1s, estuvieron presentes: Le\u00f3n Alfonso Colorado Hern\u00e1ndez, director general de Difusi\u00f3n Cultural; Maribel Barradas Landa, directora de Actividades Deportivas; Jorge S\u00e1nchez Mejorada, coordinador del Centro para el Desarrollo Humano e Integral de los Universitarios (<em>Cendhiu<\/em>); Anabel Ojeda Guti\u00e9rrez, coordinadora de la Unidad de G\u00e9nero; Homero \u00c1vila Landa, coordinador universitario de Asuntos Estudiantiles; Norma Trujillo B\u00e1ez, directora general de Comunicaci\u00f3n Universitaria, as\u00ed como titulares de diversas \u00e1reas acad\u00e9micas.<\/p>\n<p>El Rector record\u00f3 que la misi\u00f3n de la Universidad es formar profesionales cualificados, \u00e9ticamente comprometidos y con un sentido humanista, para transitar hacia la sustentabilidad para el desarrollo institucional.<\/p>\n<p>&nbsp;<\/p>\n<div id=\"attachment_112134\" style=\"width: 732px\" class=\"wp-caption aligncenter\"><img aria-describedby=\"caption-attachment-112134\" decoding=\"async\" loading=\"lazy\" class=\"size-full wp-image-112134\" src=\"https:\/\/www.uv.mx\/prensa\/files\/2022\/03\/220322-Sesion-CUR-2.jpg\" alt=\"\" width=\"722\" height=\"481\" srcset=\"https:\/\/www.uv.mx\/prensa\/files\/2022\/03\/220322-Sesion-CUR-2.jpg 722w, https:\/\/www.uv.mx\/prensa\/files\/2022\/03\/220322-Sesion-CUR-2-300x200.jpg 300w\" sizes=\"(max-width: 722px) 100vw, 722px\" \/><p id=\"caption-attachment-112134\" class=\"wp-caption-text\">Las autoridades universitarias encabezaron la sesi\u00f3n extraordinaria del CUR<\/p><\/div>\n<p>&nbsp;<\/p>\n<p>Mientras que en la visi\u00f3n, recalc\u00f3, est\u00e1 mejorar los procesos acad\u00e9micos y de gesti\u00f3n, a fin de que el estudiante se ubique en el centro de las funciones sustantivas de la instituci\u00f3n.<\/p>\n<p>\u201cEl Programa de Trabajo plantea lineamientos generales, metas y acciones, que cada quien puede aplicar desde su \u00e1rea y \u00e1mbito; no pretende resolver todos los problemas b\u00e1sicos y operativos de cada una de las entidades, pero s\u00ed ofrece una orientaci\u00f3n general para los mismos.\u201d<\/p>\n<p>Enseguida, present\u00f3 y describi\u00f3 brevemente los seis ejes transversales, que tambi\u00e9n son las metas y acciones que integran el PT: Derechos humanos; Sustentabilidad; Docencia e innovaci\u00f3n acad\u00e9mica; Investigaci\u00f3n e innovaci\u00f3n; Difusi\u00f3n de la cultura y extensi\u00f3n de los servicios, y Administraci\u00f3n y gesti\u00f3n institucional.<\/p>\n<p>\u201cEl programa no parte de cero, sino que da continuidad a diversas experiencias que, como grupos de trabajo, cuerpos acad\u00e9micos y redes, han implementado\u201d, subray\u00f3.<\/p>\n<p>Enfatiz\u00f3 que cada uno de los ejes transversales son aspectos m\u00e1s de car\u00e1cter cualitativo que cuantitativo. El primero de ellos, Derechos humanos, pese a ser un tema del que habla mucho la comunidad universitaria, no se ha convertido en el elemento central.<\/p>\n<p>&nbsp;<\/p>\n<div id=\"attachment_112135\" style=\"width: 732px\" class=\"wp-caption aligncenter\"><img aria-describedby=\"caption-attachment-112135\" decoding=\"async\" loading=\"lazy\" class=\"size-full wp-image-112135\" src=\"https:\/\/www.uv.mx\/prensa\/files\/2022\/03\/220322-Sesion-CUR-3.jpg\" alt=\"\" width=\"722\" height=\"481\" srcset=\"https:\/\/www.uv.mx\/prensa\/files\/2022\/03\/220322-Sesion-CUR-3.jpg 722w, https:\/\/www.uv.mx\/prensa\/files\/2022\/03\/220322-Sesion-CUR-3-300x200.jpg 300w\" sizes=\"(max-width: 722px) 100vw, 722px\" \/><p id=\"caption-attachment-112135\" class=\"wp-caption-text\">Griselda Garc\u00eda Garc\u00eda, de la Facultad de Psicolog\u00eda<\/p><\/div>\n<p>&nbsp;<\/p>\n<p>Por ello, en el PT es abordado desde la perspectiva de fortalecer a la comunidad a trav\u00e9s de la generaci\u00f3n de mejores condiciones para todas las personas que la integran, siendo el objetivo construir una Universidad incluyente.<\/p>\n<p>\u201cMuchos de los puntos que se integran en este eje surgieron de la opini\u00f3n universitaria, especialmente fueron abordados en esta regi\u00f3n como parte de los foros para construir el Programa de Trabajo.\u201d<\/p>\n<p>Un elemento que sobresali\u00f3 en esta sesi\u00f3n y durante los foros regionales fue \u201cSalud y deporte\u201d, que es parte fundamental en el PT, donde se plantea la valoraci\u00f3n de la ampliaci\u00f3n de la infraestructura deportiva y un diagn\u00f3stico sobre el servicio m\u00e9dico que presta la Universidad.<\/p>\n<p>\u201cLo que implica salud y deporte nos ha llamado mucho la atenci\u00f3n porque fue uno de los elementos permanentes en los foros regionales; esta parte de salud y deporte como un v\u00ednculo entre el proceso implica todos los espacios deportivos, la capacidad de hacer ejercicio, de estar sano.\u201d<\/p>\n<p>Aguilar S\u00e1nchez abund\u00f3 que en sus recorridos por las regiones universitarias los estudiantes le han pedido mejorar la atenci\u00f3n psicol\u00f3gica que les brinda la UV, tema que por su relevancia y como efecto de la pandemia por COVID-19, est\u00e1 siendo atendido y tambi\u00e9n se incluye dentro de los objetivos y metas del PT.<\/p>\n<p>&nbsp;<\/p>\n<div id=\"attachment_112136\" style=\"width: 732px\" class=\"wp-caption aligncenter\"><img aria-describedby=\"caption-attachment-112136\" decoding=\"async\" loading=\"lazy\" class=\"size-full wp-image-112136\" src=\"https:\/\/www.uv.mx\/prensa\/files\/2022\/03\/220322-Sesion-CUR-4.jpg\" alt=\"\" width=\"722\" height=\"481\" srcset=\"https:\/\/www.uv.mx\/prensa\/files\/2022\/03\/220322-Sesion-CUR-4.jpg 722w, https:\/\/www.uv.mx\/prensa\/files\/2022\/03\/220322-Sesion-CUR-4-300x200.jpg 300w\" sizes=\"(max-width: 722px) 100vw, 722px\" \/><p id=\"caption-attachment-112136\" class=\"wp-caption-text\">Efr\u00e9n Morales Mendoza, de la Facultad de Ingenier\u00eda<\/p><\/div>\n<p>&nbsp;<\/p>\n<p>Destac\u00f3 la atenci\u00f3n que al respecto brinda el <em>Cendhiu<\/em>; ahora, \u201clo que nosotros pensamos y planteamos en el Programa de Trabajo es no s\u00f3lo la idea sino la valoraci\u00f3n de la expansi\u00f3n de la infraestructura, lo cual no es f\u00e1cil y estamos valorando en cada una de las regiones para hacer una acci\u00f3n muy concreta de espacios e infraestructura deportiva que se requiere, pero tambi\u00e9n de un diagn\u00f3stico institucional sobre el servicio m\u00e9dico en nuestra Universidad\u201d.<\/p>\n<p>Sobre este \u00faltimo, apunt\u00f3 que al ser un derecho de la comunidad universitaria se debe cuidar y hacer eficiente, a efecto de mejorar la calidad del mismo.<\/p>\n<p>El Rector coment\u00f3: \u201cEl servicio m\u00e9dico con el que contamos debemos mejorarlo en cuanto a calidad y hacerlo m\u00e1s eficiente, especialmente en estos momentos de pandemia en que estudiantes de todas las regiones han solicitado mayor atenci\u00f3n en salud mental\u201d.<\/p>\n<p>Como parte del punto tres de la orden del d\u00eda de la Sesi\u00f3n Extraordinaria del CUR, Mart\u00edn Aguilar dialog\u00f3 con las consejeras y consejeros en torno a la implementaci\u00f3n del PT 2021-2025.<\/p>\n<p>Tras la reflexi\u00f3n del Rector, participaron con comentarios y observaciones al documento las consejeras y consejeros maestros: Griselda Garc\u00eda Garc\u00eda, Efr\u00e9n Morales Mendoza, Juan Luis Ram\u00edrez Vallejo y Laura Elena Urbina S\u00e1nchez, de las facultades de Psicolog\u00eda, Ingenier\u00eda Electr\u00f3nica y Comunicaciones, Contadur\u00eda y Enfermer\u00eda, respectivamente.<\/p>\n<p>&nbsp;<\/p>\n<div id=\"attachment_112137\" style=\"width: 732px\" class=\"wp-caption aligncenter\"><img aria-describedby=\"caption-attachment-112137\" decoding=\"async\" loading=\"lazy\" class=\"size-full wp-image-112137\" src=\"https:\/\/www.uv.mx\/prensa\/files\/2022\/03\/220322-Sesion-CUR-5.jpg\" alt=\"\" width=\"722\" height=\"481\" srcset=\"https:\/\/www.uv.mx\/prensa\/files\/2022\/03\/220322-Sesion-CUR-5.jpg 722w, https:\/\/www.uv.mx\/prensa\/files\/2022\/03\/220322-Sesion-CUR-5-300x200.jpg 300w\" sizes=\"(max-width: 722px) 100vw, 722px\" \/><p id=\"caption-attachment-112137\" class=\"wp-caption-text\">Luis Ram\u00edrez Vallejo, de la Facultad de Contadur\u00eda<\/p><\/div>\n<p>&nbsp;<\/p>\n<p>La primera de ellas se congratul\u00f3 por el PT expuesto por el Rector, mismo que \u201cpermite pasar del discurso a la acci\u00f3n\u201d en problemas que han sido planteados por los estudiantes, tales como las afectaciones a la salud f\u00edsica y mental causadas por la pandemia por COVID-19.<\/p>\n<p>Griselda Garc\u00eda tambi\u00e9n destac\u00f3 la importancia del deporte en el mejoramiento de la salud de las personas y se pronunci\u00f3 por ampliar la vinculaci\u00f3n que permita al estudiantado contar con mayores espacios donde practicar distintas disciplinas deportivas.<\/p>\n<p>En su turno, Efr\u00e9n Morales expres\u00f3 que en la regi\u00f3n se cuenta con pocos espacios para realizar actividades f\u00edsicas y art\u00edsticas que incentiven la formaci\u00f3n integral de las y los j\u00f3venes; y se pronunci\u00f3 porque, a pesar de los cambios que dej\u00f3 la pandemia en la educaci\u00f3n superior, se refuercen las llamadas \u201ccompetencias blandas\u201d mediante la convivencia entre la comunidad universitaria.<\/p>\n<p>El estudiante, tambi\u00e9n mostr\u00f3 su apoyo al PT 2021-2025 \u201cPor una transformaci\u00f3n integral\u201d. Lo defini\u00f3 como \u201cun plan excelente que ataca los problemas actuales y plasma las inquietudes de nuestra comunidad universitaria\u201d.<\/p>\n<p>En tanto, Juan Luis Ram\u00edrez expuso la necesidad que tiene la comunidad acad\u00e9mica de capacitarse en la atenci\u00f3n del estudiantado de nuevo ingreso, m\u00e1s a\u00fan, en el contexto del retorno responsable y gradual a las aulas, luego de la pandemia iniciada hace dos a\u00f1os y que llev\u00f3 a la Universidad a implementar la educaci\u00f3n virtual e h\u00edbrida. Las y los docentes \u2013insisti\u00f3\u2013 requieren cursos que les permitan allegarse de nuevas experiencias educativas.<\/p>\n<p>&nbsp;<\/p>\n<div id=\"attachment_112138\" style=\"width: 732px\" class=\"wp-caption aligncenter\"><img aria-describedby=\"caption-attachment-112138\" decoding=\"async\" loading=\"lazy\" class=\"size-full wp-image-112138\" src=\"https:\/\/www.uv.mx\/prensa\/files\/2022\/03\/220322-Sesion-CUR-6.jpg\" alt=\"\" width=\"722\" height=\"481\" srcset=\"https:\/\/www.uv.mx\/prensa\/files\/2022\/03\/220322-Sesion-CUR-6.jpg 722w, https:\/\/www.uv.mx\/prensa\/files\/2022\/03\/220322-Sesion-CUR-6-300x200.jpg 300w\" sizes=\"(max-width: 722px) 100vw, 722px\" \/><p id=\"caption-attachment-112138\" class=\"wp-caption-text\">Laura Elena Urbina, de la Facultad de Enfermer\u00eda<\/p><\/div>\n<p>&nbsp;<\/p>\n<p>Con \u00e9l coincidi\u00f3 Laura Elena Urbina, responsable del Centro Centinela <em>Cendhiu <\/em>en la regi\u00f3n, quien agradeci\u00f3 al Rector el haber incluido la salud en el PT y solicit\u00f3 un espacio para el adecuado servicio al estudiantado afectado en su salud mental. Consider\u00f3 necesario instalar un Centro de Atenci\u00f3n Psicopedag\u00f3gico, en donde se brinde servicio sostenible y continuo, con atenci\u00f3n permanente a quienes lo requieran.<\/p>\n<p>Agradeci\u00f3 la articulaci\u00f3n que se hace en el PT de la salud con la cultura, el arte y el deporte para beneficio de las y los j\u00f3venes.<\/p>\n<p>Por \u00faltimo, se pronunci\u00f3 por la pronta ampliaci\u00f3n de los comedores universitarios que permitan brindar alimentos sanos y nutritivos.<\/p>\n","protected":false},"excerpt":{"rendered":"<p>El Rector present\u00f3 a la comunidad universitaria el PT 2021-2025, producto de los foros organizados en cada una de las regiones.<\/p>\n","protected":false},"author":1869,"featured_media":112141,"comment_status":"closed","ping_status":"closed","sticky":false,"template":"","format":"standard","meta":[],"categories":[54,61,32],"tags":[],"_links":{"self":[{"href":"https:\/\/www.uv.mx\/prensa\/wp-json\/wp\/v2\/posts\/112132"}],"collection":[{"href":"https:\/\/www.uv.mx\/prensa\/wp-json\/wp\/v2\/posts"}],"about":[{"href":"https:\/\/www.uv.mx\/prensa\/wp-json\/wp\/v2\/types\/post"}],"author":[{"embeddable":true,"href":"https:\/\/www.uv.mx\/prensa\/wp-json\/wp\/v2\/users\/1869"}],"replies":[{"embeddable":true,"href":"https:\/\/www.uv.mx\/prensa\/wp-json\/wp\/v2\/comments?post=112132"}],"version-history":[{"count":1,"href":"https:\/\/www.uv.mx\/prensa\/wp-json\/wp\/v2\/posts\/112132\/revisions"}],"predecessor-version":[{"id":112217,"href":"https:\/\/www.uv.mx\/prensa\/wp-json\/wp\/v2\/posts\/112132\/revisions\/112217"}],"wp:featuredmedia":[{"embeddable":true,"href":"https:\/\/www.uv.mx\/prensa\/wp-json\/wp\/v2\/media\/112141"}],"wp:attachment":[{"href":"https:\/\/www.uv.mx\/prensa\/wp-json\/wp\/v2\/media?parent=112132"}],"wp:term":[{"taxonomy":"category","embeddable":true,"href":"https:\/\/www.uv.mx\/prensa\/wp-json\/wp\/v2\/categories?post=112132"},{"taxonomy":"post_tag","embeddable":true,"href":"https:\/\/www.uv.mx\/prensa\/wp-json\/wp\/v2\/tags?post=112132"}],"curies":[{"name":"wp","href":"https:\/\/api.w.org\/{rel}","templated":true}]}}