{"id":112622,"date":"2022-03-29T20:23:06","date_gmt":"2022-03-30T02:23:06","guid":{"rendered":"https:\/\/www.uv.mx\/prensa\/?p=112622"},"modified":"2022-03-30T11:25:22","modified_gmt":"2022-03-30T17:25:22","slug":"la-uv-es-el-conjunto-de-voces-de-su-comunidad-rector","status":"publish","type":"post","link":"https:\/\/www.uv.mx\/prensa\/regiones\/la-uv-es-el-conjunto-de-voces-de-su-comunidad-rector\/","title":{"rendered":"La UV es el conjunto de voces de su comunidad: Rector"},"content":{"rendered":"<ul>\n<li><em>En la regi\u00f3n Coatzacoalcos-Minatitl\u00e1n, Mart\u00edn Aguilar expres\u00f3 que se trabaja en la elaboraci\u00f3n de una nueva Ley Org\u00e1nica que integre la participaci\u00f3n de toda la comunidad universitaria<\/em><\/li>\n<li><em>La Abogada General, Marisol Luna Leal, inform\u00f3 que<\/em><em>, como resultado de la participaci\u00f3n de la comunidad<\/em><em> en los cinco foros<\/em><em>,<\/em><em> se <\/em><em>reunieron<\/em><em> 130 propuestas<\/em><\/li>\n<\/ul>\n<p>&nbsp;<\/p>\n<div id=\"attachment_112624\" style=\"width: 732px\" class=\"wp-caption aligncenter\"><img aria-describedby=\"caption-attachment-112624\" decoding=\"async\" loading=\"lazy\" class=\"size-full wp-image-112624\" src=\"https:\/\/www.uv.mx\/prensa\/files\/2022\/03\/Inauguracio\u0301n-1-100k.jpg\" alt=\"\u201cLa Universidad es el conjunto de voces de su comunidad, de expresiones singulares e irreductibles\u201d: Rector\" width=\"722\" height=\"482\" srcset=\"https:\/\/www.uv.mx\/prensa\/files\/2022\/03\/Inauguracio\u0301n-1-100k.jpg 722w, https:\/\/www.uv.mx\/prensa\/files\/2022\/03\/Inauguracio\u0301n-1-100k-300x200.jpg 300w\" sizes=\"(max-width: 722px) 100vw, 722px\" \/><p id=\"caption-attachment-112624\" class=\"wp-caption-text\">\u201cLa Universidad es el conjunto de voces de su comunidad, de expresiones singulares e irreductibles\u201d: Mart\u00edn Aguilar<\/p><\/div>\n<p>&nbsp;<\/p>\n<p><strong><em>Fotos: Luis Fernando Fern\u00e1ndez y Cecilia Escribano<\/em><\/strong><\/p>\n<p><strong><em>29\/03\/2022, Coatzacoalcos, Ver.-<\/em><\/strong> En la constituci\u00f3n de la nueva Ley Org\u00e1nica de la <a href=\"https:\/\/www.uv.mx\/\" target=\"_blank\" rel=\"noopener\">Universidad Veracruzana<\/a> (UV) no hay cabida para un modelo \u00fanico, en su lugar, se trabaja un documento que recopile lo que su comunidad observ\u00f3, destac\u00f3 el rector Mart\u00edn Aguilar S\u00e1nchez.<\/p>\n<p>La Universidad, continu\u00f3, es el conjunto de voces de su comunidad, de expresiones singulares e irreductibles, y eso mismo debe contener su nueva normatividad.<\/p>\n<p>Este martes se realiz\u00f3 el Foro Regional de \u201cConsulta libre, previa e informada para la elaboraci\u00f3n del Anteproyecto de Ley Org\u00e1nica de la UV\u201d en la regi\u00f3n Coatzacoalcos-Minatitl\u00e1n, cuya inauguraci\u00f3n fue liderada por el Rector y autoridades universitarias, contando con la asistencia de acad\u00e9micos y estudiantes de los <em>campus<\/em> Coatzacoalcos, Minatitl\u00e1n, Acayucan y la UV-Intercultural.<\/p>\n<p>En la sala de videoconferencias de la Unidad de Servicios Bibliotecarios y de Informaci\u00f3n (USBI), Aguilar S\u00e1nchez estuvo acompa\u00f1ado por Georgina Hern\u00e1ndez R\u00edos, vicerrectora; Elena Rustri\u00e1n Portilla, Lizbeth Viveros Cancino y Jaqueline Jongitud Zamora, secretarias Acad\u00e9mica, de Administraci\u00f3n y Finanzas, y de Desarrollo Institucional, respectivamente, as\u00ed como Marisol Luna Leal, Abogada General de esta casa de estudios.<\/p>\n<p>Se cont\u00f3 con la asistencia de los integrantes de la Comisi\u00f3n Transitoria para la elaboraci\u00f3n del Anteproyecto de Ley Org\u00e1nica de la UV en esta regi\u00f3n universitaria: los acad\u00e9micos Nelly de Jes\u00fas Jim\u00e9nez Calc\u00e1neo y Dar\u00edo Colorado Garrido, y el alumno Diego G\u00f3mez Rojas.<\/p>\n<div id=\"attachment_112625\" style=\"width: 732px\" class=\"wp-caption aligncenter\"><img aria-describedby=\"caption-attachment-112625\" decoding=\"async\" loading=\"lazy\" class=\"size-full wp-image-112625\" src=\"https:\/\/www.uv.mx\/prensa\/files\/2022\/03\/Inauguracio\u0301n-2-100k.jpg\" alt=\"\u201cEs necesario armonizar nuestro ordenamiento jur\u00eddico, aline\u00e1ndolo con la protecci\u00f3n y garant\u00eda del derecho humano a la educaci\u00f3n superior\u201d: Vicerrectora\" width=\"722\" height=\"484\" srcset=\"https:\/\/www.uv.mx\/prensa\/files\/2022\/03\/Inauguracio\u0301n-2-100k.jpg 722w, https:\/\/www.uv.mx\/prensa\/files\/2022\/03\/Inauguracio\u0301n-2-100k-300x201.jpg 300w\" sizes=\"(max-width: 722px) 100vw, 722px\" \/><p id=\"caption-attachment-112625\" class=\"wp-caption-text\">\u201cEs necesario armonizar nuestro ordenamiento jur\u00eddico, aline\u00e1ndolo con la protecci\u00f3n y garant\u00eda del derecho humano a la educaci\u00f3n superior\u201d: Vicerrectora<\/p><\/div>\n<p>&nbsp;<\/p>\n<p>En su mensaje, el Rector record\u00f3 que la Ley Org\u00e1nica de la UV vigente \u2013el marco jur\u00eddico en el que se sit\u00faan las relaciones comunitarias y organiza institucional y materialmente la vida universitaria\u2013 fue concebida y articulada \u201cen un tiempo y un entorno que se han visto sobrepasados por toda una serie de redistribuciones sociales, pol\u00edticas, econ\u00f3micas y demogr\u00e1ficas no s\u00f3lo al interior de la Universidad, sino tambi\u00e9n del estado de Veracruz, del pa\u00eds y de la comunidad misma\u201d.<\/p>\n<p>Dichas transformaciones \u201cvertiginosas exigen nuevas formas de tutela, nuevas leyes y nuevas modalidades de su creaci\u00f3n, sin cuya certeza y gu\u00eda ser\u00edamos presas f\u00e1ciles de una anarqu\u00eda incontrolable, fuente de conflictos y abusos sin fin\u201d.<\/p>\n<p>De ah\u00ed que Aguilar S\u00e1nchez se pronunci\u00f3 porque en la elaboraci\u00f3n de su nuevo ordenamiento jur\u00eddico, en la UV no debe haber cabida para un modelo \u00fanico. Antes que encerrarse en una f\u00f3rmula conocida o por inventar, es preciso iniciar un profundo proceso constituyente que interrogue las reglas mismas del juego, y para ello se requiere de la participaci\u00f3n de toda la comunidad.<\/p>\n<p>Y justamente ese es el objetivo de los foros de consulta: percibir directamente c\u00f3mo nos afecta, c\u00f3mo nos limita o c\u00f3mo nos compromete nuestro actual marco jur\u00eddico; plantear, con capacidad cr\u00edtica y transformadora, ideas, visiones y propuestas que lo desplacen, que lo cuestionen, que le brinden nuevos horizontes de sentido, que le inspiren nuevas maneras de hacer la acci\u00f3n universitaria. No hay ley que valga para uno solo, por ello todo dise\u00f1o jur\u00eddico debe ser pensado y repensado por numerosos actores.<\/p>\n<p>\u201cEsta indispensable reconfiguraci\u00f3n de nuestro marco jur\u00eddico tambi\u00e9n responde a una observancia de un mandato de ley, en tanto que la reforma al Art\u00edculo 3 de la Constituci\u00f3n aprobada el a\u00f1o pasado obliga a una armonizaci\u00f3n de nuestros estatutos con la Ley General de Educaci\u00f3n Superior. \u00c9sta nueva esfera jurisdiccional y legislativa redibuja el mapa educativo del nivel superior a lo largo y ancho del pa\u00eds, y propone cambios decisivos no s\u00f3lo en su regulaci\u00f3n, sino tambi\u00e9n en su propio estatuto legal y pol\u00edtico.\u201d<\/p>\n<div id=\"attachment_112626\" style=\"width: 732px\" class=\"wp-caption aligncenter\"><img aria-describedby=\"caption-attachment-112626\" decoding=\"async\" loading=\"lazy\" class=\"size-full wp-image-112626\" src=\"https:\/\/www.uv.mx\/prensa\/files\/2022\/03\/Inauguracio\u0301n-3-100k.jpg\" alt=\"\u201cLa comunidad universitaria hoy tiene la gran responsabilidad de concretar un cambio de rumbo\u201d: Abogada General\" width=\"722\" height=\"482\" srcset=\"https:\/\/www.uv.mx\/prensa\/files\/2022\/03\/Inauguracio\u0301n-3-100k.jpg 722w, https:\/\/www.uv.mx\/prensa\/files\/2022\/03\/Inauguracio\u0301n-3-100k-300x200.jpg 300w\" sizes=\"(max-width: 722px) 100vw, 722px\" \/><p id=\"caption-attachment-112626\" class=\"wp-caption-text\">\u201cLa comunidad universitaria hoy tiene la gran responsabilidad de concretar un cambio de rumbo\u201d: Abogada General<\/p><\/div>\n<p>&nbsp;<\/p>\n<p>El Rector exhort\u00f3 a todos los miembros de la regi\u00f3n Coatzacoalcos-Minatitl\u00e1n a sumarse a este foro, ya sea de forma presencial o en l\u00ednea mediante la plataforma: <a href=\"https:\/\/www.uv.mx\/participacion-leyorganica\/\">https:\/\/www.uv.mx\/participacion-leyorganica\/<\/a>. Dijo que se trata de un ejercicio para el que necesitamos herramientas e inteligencia, pero tambi\u00e9n convicci\u00f3n, apertura y estima por la Universidad.<\/p>\n<p>\u201cTodo ello habr\u00e1 de tomar forma en un buen documento. No habr\u00e1 una sola receta, sino la expresi\u00f3n de retos compartidos; no se impondr\u00e1 un pensamiento \u00fanico que limite la cr\u00edtica y neutralice los disensos, sino que se procurar\u00e1 que todas y todos abran y expliquen tambi\u00e9n sus ideas. Una universidad es el conjunto de las voces de la comunidad, en expresiones singulares e irreductibles, y eso mismo debe recoger nuestra nueva Ley Org\u00e1nica.\u201d<\/p>\n<p>Por su parte, la Vicerrectora refiri\u00f3 que desde 1996 rige a la Universidad Veracruzana la Ley Org\u00e1nica publicada en la Gaceta Oficial del Estado. Sin embargo, con la aprobaci\u00f3n de la Ley General de Educaci\u00f3n Superior, efectuada el 21 de abril de 2021, es necesario armonizar nuestro ordenamiento jur\u00eddico, aline\u00e1ndolo con la protecci\u00f3n y garant\u00eda del derecho humano a la educaci\u00f3n superior.<\/p>\n<p>Como se\u00f1ala el Programa de Trabajo 2021-2025 \u201cPor una transformaci\u00f3n integral\u201d, la nueva ley obliga a la Universidad, en el marco de la autonom\u00eda, a una revisi\u00f3n estructural y sistem\u00e1tica de la normatividad universitaria; y a crear un proyecto de Ley Org\u00e1nica que implicar\u00e1 la modificaci\u00f3n y emisi\u00f3n de los estatutos y reglamentos universitarios.<\/p>\n<p>\u201cMediante un proceso de consulta previa, libre e informada, que concluye hoy con la realizaci\u00f3n de este foro regional, se contar\u00e1 este a\u00f1o con un proyecto de Ley Org\u00e1nica para su presentaci\u00f3n ante el Congreso del Estado de Veracruz\u201d, expres\u00f3 Georgina Hern\u00e1ndez.<\/p>\n<div id=\"attachment_112627\" style=\"width: 732px\" class=\"wp-caption aligncenter\"><img aria-describedby=\"caption-attachment-112627\" decoding=\"async\" loading=\"lazy\" class=\"size-full wp-image-112627\" src=\"https:\/\/www.uv.mx\/prensa\/files\/2022\/03\/inauguracio\u0301n-4-100k.jpg\" alt=\"Comunidad universitaria, directores y directoras de \u00e1reas y entidades acad\u00e9micas, entre los asistentes al foro\" width=\"722\" height=\"241\" srcset=\"https:\/\/www.uv.mx\/prensa\/files\/2022\/03\/inauguracio\u0301n-4-100k.jpg 722w, https:\/\/www.uv.mx\/prensa\/files\/2022\/03\/inauguracio\u0301n-4-100k-300x100.jpg 300w\" sizes=\"(max-width: 722px) 100vw, 722px\" \/><p id=\"caption-attachment-112627\" class=\"wp-caption-text\">Comunidad universitaria, directores y directoras de \u00e1reas y entidades acad\u00e9micas, entre los asistentes al foro<\/p><\/div>\n<p>&nbsp;<\/p>\n<p>En tanto, la Abogada General dijo que la comunidad universitaria de hoy tiene la gran responsabilidad de concretar un cambio de rumbo e inauguraci\u00f3n de \u00e9poca que armonizar\u00e1 no solo con la nueva Ley General de Educaci\u00f3n Superior, sino tambi\u00e9n con la m\u00e1s amplia reforma constitucional en materia de derechos humanos que hace una d\u00e9cada lleg\u00f3 al pa\u00eds.<\/p>\n<p>Para ello, abund\u00f3, deber\u00e1n establecer los nuevos acuerdos, las decisiones fundamentales y las cl\u00e1usulas p\u00e9treas que marcar\u00e1n el rumbo y destino de nuestra instituci\u00f3n; \u00e9sta \u201ces la tarea que nos ocupa, de ah\u00ed la trascendencia para que todas y todos participemos en el ejercicio democr\u00e1tico que nos ocupa.<\/p>\n<p>\u201dHoy cerramos la modalidad de participaciones presenciales; los recorridos nos dejan al momento 130 propuestas presentadas, m\u00e1s las que se reciban por la v\u00eda virtual, cuyo plazo cierra el 31 de mayo\u201d, agreg\u00f3 Marisol Luna.<\/p>\n<p>Respecto al procesamiento de dichas propuestas, la Abogada General inform\u00f3 que las y los miembros de la Comisi\u00f3n Transitoria para la elaboraci\u00f3n del Anteproyecto de Ley Org\u00e1nica de la UV acordaron analizarlas de manera puntual y exhaustiva, a fin de determinar cu\u00e1les ser\u00e1n incluidas en dicho Anteproyecto y cu\u00e1les en la legislaci\u00f3n secundaria. Dichos resultados ser\u00e1n debidamente informados a los ponentes.<\/p>\n","protected":false},"excerpt":{"rendered":"<p>Destac\u00f3 Mart\u00edn Aguilar S\u00e1nchez durante su participaci\u00f3n en el Foro Regional de \u201cConsulta libre, previa e informada para la elaboraci\u00f3n del Anteproyecto de Ley Org\u00e1nica de la UV\u201d.<\/p>\n","protected":false},"author":1775,"featured_media":112623,"comment_status":"closed","ping_status":"closed","sticky":false,"template":"","format":"standard","meta":[],"categories":[52,61,32],"tags":[1212,1051,4389,176,6762,6141,6592,2700,1052,2276,6931,6632],"_links":{"self":[{"href":"https:\/\/www.uv.mx\/prensa\/wp-json\/wp\/v2\/posts\/112622"}],"collection":[{"href":"https:\/\/www.uv.mx\/prensa\/wp-json\/wp\/v2\/posts"}],"about":[{"href":"https:\/\/www.uv.mx\/prensa\/wp-json\/wp\/v2\/types\/post"}],"author":[{"embeddable":true,"href":"https:\/\/www.uv.mx\/prensa\/wp-json\/wp\/v2\/users\/1775"}],"replies":[{"embeddable":true,"href":"https:\/\/www.uv.mx\/prensa\/wp-json\/wp\/v2\/comments?post=112622"}],"version-history":[{"count":1,"href":"https:\/\/www.uv.mx\/prensa\/wp-json\/wp\/v2\/posts\/112622\/revisions"}],"predecessor-version":[{"id":112659,"href":"https:\/\/www.uv.mx\/prensa\/wp-json\/wp\/v2\/posts\/112622\/revisions\/112659"}],"wp:featuredmedia":[{"embeddable":true,"href":"https:\/\/www.uv.mx\/prensa\/wp-json\/wp\/v2\/media\/112623"}],"wp:attachment":[{"href":"https:\/\/www.uv.mx\/prensa\/wp-json\/wp\/v2\/media?parent=112622"}],"wp:term":[{"taxonomy":"category","embeddable":true,"href":"https:\/\/www.uv.mx\/prensa\/wp-json\/wp\/v2\/categories?post=112622"},{"taxonomy":"post_tag","embeddable":true,"href":"https:\/\/www.uv.mx\/prensa\/wp-json\/wp\/v2\/tags?post=112622"}],"curies":[{"name":"wp","href":"https:\/\/api.w.org\/{rel}","templated":true}]}}