{"id":112695,"date":"2022-03-30T18:46:03","date_gmt":"2022-03-31T00:46:03","guid":{"rendered":"https:\/\/www.uv.mx\/prensa\/?p=112695"},"modified":"2022-04-01T13:55:35","modified_gmt":"2022-04-01T19:55:35","slug":"estudiantes-de-las-cinco-regiones-uv-realizaron-el-egel-de-manera-presencial","status":"publish","type":"post","link":"https:\/\/www.uv.mx\/prensa\/general\/estudiantes-de-las-cinco-regiones-uv-realizaron-el-egel-de-manera-presencial\/","title":{"rendered":"Estudiantes de las cinco regiones UV realizaron el EGEL de manera presencial"},"content":{"rendered":"<ul>\n<li><em>La aplicaci\u00f3n se llev\u00f3 a cabo el 25 de marzo y participaron 925 alumnos<\/em><\/li>\n<li><em>Las secretar\u00edas acad\u00e9micas regionales fueron las encargadas de la organizaci\u00f3n en sus respectivas sedes<\/em><\/li>\n<\/ul>\n<p><u>\u00a0<\/u><\/p>\n<div id=\"attachment_112697\" style=\"width: 732px\" class=\"wp-caption aligncenter\"><img aria-describedby=\"caption-attachment-112697\" decoding=\"async\" loading=\"lazy\" class=\"size-full wp-image-112697\" src=\"https:\/\/www.uv.mx\/prensa\/files\/2022\/03\/290322-CARLOS-EGEL-1-100k.jpg\" alt=\"Durante la aplicaci\u00f3n del EGEL se respetaron todas las medidas de seguridad sanitarias correspondientes\" width=\"722\" height=\"406\" srcset=\"https:\/\/www.uv.mx\/prensa\/files\/2022\/03\/290322-CARLOS-EGEL-1-100k.jpg 722w, https:\/\/www.uv.mx\/prensa\/files\/2022\/03\/290322-CARLOS-EGEL-1-100k-300x169.jpg 300w\" sizes=\"(max-width: 722px) 100vw, 722px\" \/><p id=\"caption-attachment-112697\" class=\"wp-caption-text\">Durante la aplicaci\u00f3n del EGEL se respetaron todas las medidas de seguridad sanitarias correspondientes<\/p><\/div>\n<p>&nbsp;<\/p>\n<p><strong><em>Carlos Hugo Hermida Rosales<\/em><\/strong><\/p>\n<p><strong><em>Fotos: C\u00e9sar Pisil Ramos<\/em><\/strong><\/p>\n<p><strong><em>\u00a0<\/em><\/strong><strong><em>30\/03\/2022, Xalapa, Ver.-<\/em><\/strong> Un total de 925 estudiantes de las cinco regiones de la <a href=\"https:\/\/www.uv.mx\/\" target=\"_blank\" rel=\"noopener\">Universidad Veracruzana<\/a> (UV) presentaron el 25 de marzo el Examen General para el Egreso de la Licenciatura (EGEL) del Centro Nacional para la Evaluaci\u00f3n de la Educaci\u00f3n Superior (<em>Ceneval<\/em>).<\/p>\n<p>Las secretar\u00edas acad\u00e9micas regionales fueron las encargadas de la organizaci\u00f3n en sus respectivas sedes, y el proceso fue dirigido desde Xalapa a trav\u00e9s de una aplicaci\u00f3n (<em>app<\/em>) mediante la cual se monitore\u00f3 el acceso de los estudiantes y corrobor\u00f3 su identidad.<\/p>\n<p>Edgar Paul Rodr\u00edguez Cort\u00e9s, coordinador de Ingreso Escolar y Sistemas Inform\u00e1ticos de la Direcci\u00f3n General de Administraci\u00f3n Escolar, comparti\u00f3 que el EGEL tuvo dos modalidades: en papel y en computadora.<\/p>\n<p>Para la segunda se cont\u00f3 con el apoyo de los centros de c\u00f3mputo de algunas facultades y de la Direcci\u00f3n General de Tecnolog\u00eda de Informaci\u00f3n (DGTI), que valid\u00f3 los equipos y la red institucional para que no ocurrieran percances.<\/p>\n<p>El mayor n\u00famero de estudiantes que presentaron este examen, fue en la regi\u00f3n Xalapa, con un total de 367; le siguieron Veracruz, Coatzacoalcos-Minatitl\u00e1n, Poza Rica-Tuxpan y Orizaba-C\u00f3rdoba con 208, 158, 138 y 54, en ese orden.<\/p>\n<div id=\"attachment_112698\" style=\"width: 732px\" class=\"wp-caption aligncenter\"><img aria-describedby=\"caption-attachment-112698\" decoding=\"async\" loading=\"lazy\" class=\"size-full wp-image-112698\" src=\"https:\/\/www.uv.mx\/prensa\/files\/2022\/03\/290322-CARLOS-EGEL-2-100k.jpg\" alt=\"Edgar Paul Rodr\u00edguez Cort\u00e9s\" width=\"722\" height=\"481\" srcset=\"https:\/\/www.uv.mx\/prensa\/files\/2022\/03\/290322-CARLOS-EGEL-2-100k.jpg 722w, https:\/\/www.uv.mx\/prensa\/files\/2022\/03\/290322-CARLOS-EGEL-2-100k-300x200.jpg 300w\" sizes=\"(max-width: 722px) 100vw, 722px\" \/><p id=\"caption-attachment-112698\" class=\"wp-caption-text\">Edgar Paul Rodr\u00edguez Cort\u00e9s<\/p><\/div>\n<p>&nbsp;<\/p>\n<p>Los j\u00f3venes recibieron un refrigerio por parte de la UV, pues el examen se desarroll\u00f3 de 9:00 a 13:00 y de 15:00 a 19:00 horas.<\/p>\n<p>Paul Rodr\u00edguez destac\u00f3 que durante el EGEL se respetaron todas las medidas de seguridad sanitarias correspondientes y no se present\u00f3 ninguna situaci\u00f3n de riesgo; s\u00f3lo un alumno manifest\u00f3 tener s\u00edntomas relacionados con la COVID-19, por lo que se le reprogram\u00f3 la fecha de aplicaci\u00f3n.<\/p>\n<p>\u201cEl que la actividad haya estado libre de incidencias, muestra que la Universidad se encuentra preparada para garantizar el regreso a las clases presenciales\u201d, asegur\u00f3.<\/p>\n<p>Los resultados del EGEL se publicar\u00e1n el 26 de abril en el sitio <em>web<\/em> del <a href=\"https:\/\/ceneval.edu.mx\/\"><em>Ceneval<\/em><\/a>, y a partir del 23 de mayo la UV entregar\u00e1 el reporte de testimonios que permitir\u00e1 a los estudiantes que obtuvieron desempe\u00f1o \u201csobresaliente\u201d y \u201csatisfactorio\u201d exentar la asignatura Experiencia Recepcional e iniciar tr\u00e1mites con el fin de titularse, en caso de que ya tengan liberado su servicio social.<\/p>\n<p>Este examen se realizar\u00e1 un par de veces m\u00e1s en el a\u00f1o: el 19 de agosto y el 2 de diciembre. Las fechas de inscripci\u00f3n y cuotas de recuperaci\u00f3n pueden consultarse en el portal <em>web<\/em> de <a href=\"https:\/\/www.uv.mx\/estudiantes\/\">estudiantes<\/a> de la UV.<\/p>\n","protected":false},"excerpt":{"rendered":"<p>Edgar Paul Rodr\u00edguez Cort\u00e9s, coordinador de Ingreso Escolar y Sistemas Inform\u00e1ticos de la DGAE, comparti\u00f3 que el EGEL tuvo dos modalidades: en papel y en computadora. <\/p>\n","protected":false},"author":1775,"featured_media":112697,"comment_status":"closed","ping_status":"closed","sticky":false,"template":"","format":"standard","meta":[],"categories":[1],"tags":[4161,170,3733,6263,741,169,559,6945],"_links":{"self":[{"href":"https:\/\/www.uv.mx\/prensa\/wp-json\/wp\/v2\/posts\/112695"}],"collection":[{"href":"https:\/\/www.uv.mx\/prensa\/wp-json\/wp\/v2\/posts"}],"about":[{"href":"https:\/\/www.uv.mx\/prensa\/wp-json\/wp\/v2\/types\/post"}],"author":[{"embeddable":true,"href":"https:\/\/www.uv.mx\/prensa\/wp-json\/wp\/v2\/users\/1775"}],"replies":[{"embeddable":true,"href":"https:\/\/www.uv.mx\/prensa\/wp-json\/wp\/v2\/comments?post=112695"}],"version-history":[{"count":1,"href":"https:\/\/www.uv.mx\/prensa\/wp-json\/wp\/v2\/posts\/112695\/revisions"}],"predecessor-version":[{"id":112957,"href":"https:\/\/www.uv.mx\/prensa\/wp-json\/wp\/v2\/posts\/112695\/revisions\/112957"}],"wp:featuredmedia":[{"embeddable":true,"href":"https:\/\/www.uv.mx\/prensa\/wp-json\/wp\/v2\/media\/112697"}],"wp:attachment":[{"href":"https:\/\/www.uv.mx\/prensa\/wp-json\/wp\/v2\/media?parent=112695"}],"wp:term":[{"taxonomy":"category","embeddable":true,"href":"https:\/\/www.uv.mx\/prensa\/wp-json\/wp\/v2\/categories?post=112695"},{"taxonomy":"post_tag","embeddable":true,"href":"https:\/\/www.uv.mx\/prensa\/wp-json\/wp\/v2\/tags?post=112695"}],"curies":[{"name":"wp","href":"https:\/\/api.w.org\/{rel}","templated":true}]}}