{"id":112915,"date":"2022-04-01T13:29:06","date_gmt":"2022-04-01T19:29:06","guid":{"rendered":"https:\/\/www.uv.mx\/prensa\/?p=112915"},"modified":"2022-04-01T13:48:25","modified_gmt":"2022-04-01T19:48:25","slug":"tres-nuevos-posgrados-enriquecen-la-oferta-educativa-de-veracruz","status":"publish","type":"post","link":"https:\/\/www.uv.mx\/prensa\/regiones\/tres-nuevos-posgrados-enriquecen-la-oferta-educativa-de-veracruz\/","title":{"rendered":"Tres nuevos posgrados enriquecen la oferta educativa de Veracruz"},"content":{"rendered":"<ul>\n<li><em>Dos doctorados y una maestr\u00eda se suman en la regi\u00f3n<\/em><\/li>\n<li><em>Los programas buscan contribuir a la soluci\u00f3n de problemas en el \u00e1rea de ciencias de la salud<\/em><\/li>\n<\/ul>\n<p><em>\u00a0<\/em><\/p>\n<div id=\"attachment_112919\" style=\"width: 402px\" class=\"wp-caption aligncenter\"><img aria-describedby=\"caption-attachment-112919\" decoding=\"async\" loading=\"lazy\" class=\"size-full wp-image-112919\" src=\"https:\/\/www.uv.mx\/prensa\/files\/2022\/04\/010422-VERACRUZ-Nuevos-posgrados-100k.jpg\" alt=\"Gabriela Blasco L\u00f3pez, coordinadora regional de Posgrado, dio a conocer la incorporaci\u00f3n de tres nuevos programas\" width=\"392\" height=\"480\" srcset=\"https:\/\/www.uv.mx\/prensa\/files\/2022\/04\/010422-VERACRUZ-Nuevos-posgrados-100k.jpg 392w, https:\/\/www.uv.mx\/prensa\/files\/2022\/04\/010422-VERACRUZ-Nuevos-posgrados-100k-245x300.jpg 245w\" sizes=\"(max-width: 392px) 100vw, 392px\" \/><p id=\"caption-attachment-112919\" class=\"wp-caption-text\">Gabriela Blasco L\u00f3pez, coordinadora regional de Posgrado, dio a conocer la incorporaci\u00f3n de tres nuevos programas<\/p><\/div>\n<p>&nbsp;<\/p>\n<p><em><strong>Blanca M. Gonz\u00e1lez Morales<\/strong><\/em><\/p>\n<p><em>\u00a0<\/em><em><strong>01\/04\/2022, Boca del R\u00edo, Ver.-<\/strong><\/em> La Universidad Veracruzana (UV) incorpor\u00f3 tres nuevos posgrados a su oferta educativa en la regi\u00f3n Veracruz: la Maestr\u00eda en Biomedicina Traslacional (MBT) y los doctorados en Ciencias de la Enfermer\u00eda (DCE) e Investigaci\u00f3n Qu\u00edmico Biol\u00f3gica (DIQB)<em>, <\/em>que en conjunto fortalecer\u00e1n el \u00c1rea Acad\u00e9mica de Ciencias de la Salud.<\/p>\n<p>Gabriela\u00a0Blasco\u00a0L\u00f3pez, coordinadora regional de Posgrado, inform\u00f3 que, con la incorporaci\u00f3n de estos tres nuevos programas para este periodo, la regi\u00f3n ofertar\u00e1 18 posgrados, entre especialidades, maestr\u00edas y doctorados.<\/p>\n<p>\u201cL<em>a <\/em>Maestr\u00eda en Biomedicina Traslacional tendr\u00e1 como sede el Instituto de Investigaciones M\u00e9dico-Biol\u00f3gicas (IIMB); el doctorado en Investigaci\u00f3n Qu\u00edmico Biol\u00f3gica, a la Facultad de Bioan\u00e1lisis; y el doctorado en Ciencias de la Enfermer\u00eda, a la Facultad de Enfermer\u00eda.<\/p>\n<p>\u201dEn total, en la regi\u00f3n Veracruz tenemos 30 programas de posgrado, algunos son anuales y otros generacionales, por lo tanto, durante todo el a\u00f1o tiene oferta vigente y variada\u201d, resalt\u00f3.<\/p>\n<p>Afirm\u00f3 que todos los posgrados de la regi\u00f3n est\u00e1n registrados en el Programa Nacional de Posgrados de Calidad (PNPC) del Consejo Nacional de Ciencia y Tecnolog\u00eda (<em>Conacyt<\/em>).<\/p>\n<p>Karina Guadalupe Hern\u00e1ndez Flores, coordinadora de la MBT, destac\u00f3 que es el primer posgrado que oferta el IIMB \u201cy tiene como finalidad promover la investigaci\u00f3n interdisciplinaria y el desarrollo de profesionales b\u00e1sicos, con investigaciones cl\u00ednicas que lleguen al paciente y poblaci\u00f3n en general; es decir, promover la aceleraci\u00f3n de transmisi\u00f3n de hallazgos de laboratorio a la medicina cl\u00ednica y la salud p\u00fablica\u201d.<\/p>\n<p>El posgrado incluye dos L\u00edneas de Generaci\u00f3n y Aplicaci\u00f3n del Conocimiento: \u201cEnfermedades cr\u00f3nico-degenerativas\u201d y \u201cEnfermedades infecciosas, autoinmunes y gen\u00e9ticas\u201d. Podr\u00e1n inscribirse egresados de Qu\u00edmica Cl\u00ednica, Qu\u00edmica Farmac\u00e9utica, Biolog\u00eda, Nutrici\u00f3n, Odontolog\u00eda y Medicina.<\/p>\n<p>Por otro lado, el DIQB prepara a sus participantes para realizar investigaci\u00f3n qu\u00edmico-biol\u00f3gica innovadora y de calidad. \u201cSer\u00e1n capaces de integrar de forma interdisciplinaria la qu\u00edmica a los sistemas biol\u00f3gicos, para generar conocimiento b\u00e1sico y\/o aplicado, y contribuir a la soluci\u00f3n de problemas en el \u00e1rea de la salud, de los alimentos y otras \u00e1reas de la investigaci\u00f3n relacionadas con la qu\u00edmica y la biolog\u00eda\u201d, indic\u00f3 Guadalupe Mar\u00eda S\u00e1nchez, coordinadora del programa.<\/p>\n<p>La acad\u00e9mica coment\u00f3 que este posgrado surge por la necesidad social de la formaci\u00f3n actualizada y especializada de recursos humanos que puedan contribuir a los campos de la investigaci\u00f3n qu\u00edmico-biol\u00f3gica y de atenci\u00f3n de enfermedades.<\/p>\n<p>Detall\u00f3 que los egresados podr\u00e1n insertarse en instituciones que presten\u00a0servicios de salud, integrando la investigaci\u00f3n. \u201cSer\u00e1n talento humano altamente capacitado en la comprensi\u00f3n de la problem\u00e1tica asociada a la investigaci\u00f3n qu\u00edmico-biol\u00f3gica y en la elaboraci\u00f3n de propuestas para atender distintas necesidades\u201d.<\/p>\n<p>Edith Castellanos Contreras, coordinadora del DCE, coment\u00f3 que su creaci\u00f3n responde a la necesidad de formaci\u00f3n de recursos humanos en salud, y en espec\u00edfico en enfermer\u00eda, para desarrollar estudios avanzados que permitan atenci\u00f3n a los problemas de salud biopsicosocial de forma integral de la persona, familia y comunidad.<\/p>\n<p>Agreg\u00f3 que el egresado del DCE tendr\u00e1 una formaci\u00f3n en el campo de la administraci\u00f3n en sistemas de salud, \u201cpodr\u00e1 llevar a cabo la planeaci\u00f3n, organizaci\u00f3n, direcci\u00f3n y evaluaci\u00f3n de resultados de proyectos de investigaci\u00f3n realizados en las \u00e1reas de competencia, y presentaci\u00f3n de evidencia cient\u00edfica ante las comisiones correspondientes para hacer propuestas en la mejora de los cuidados de enfermer\u00eda\u201d, concluy\u00f3.<\/p>\n<p>Para mayor informaci\u00f3n de la Maestr\u00eda en Biomedicina Traslacional consultar: <a href=\"https:\/\/www.uv.mx\/veracruz\/mbt\/\">https:\/\/www.uv.mx\/veracruz\/mbt\/<\/a>; para el Doctorado en Ciencias de la Enfermer\u00eda: <a href=\"https:\/\/www.uv.mx\/veracruz\/dce\">https:\/\/www.uv.mx\/veracruz\/dce<\/a>, y para el Doctorado en Investigaci\u00f3n Qu\u00edmico Biol\u00f3gica: <a href=\"https:\/\/www.uv.mx\/veracruz\/diqb\/\">https:\/\/www.uv.mx\/veracruz\/diqb\/<\/a><\/p>\n","protected":false},"excerpt":{"rendered":"<p>La Maestr\u00eda en Biomedicina Traslacional (MBT) y los doctorados en Ciencias de la Enfermer\u00eda (DCE) e Investigaci\u00f3n Qu\u00edmico Biol\u00f3gica (DIQB).<\/p>\n","protected":false},"author":1775,"featured_media":112919,"comment_status":"closed","ping_status":"closed","sticky":false,"template":"","format":"standard","meta":[],"categories":[32,55],"tags":[617,5057,2921,6982,6984,6981,6983,6421,6985,6986,6979,6980,2642],"_links":{"self":[{"href":"https:\/\/www.uv.mx\/prensa\/wp-json\/wp\/v2\/posts\/112915"}],"collection":[{"href":"https:\/\/www.uv.mx\/prensa\/wp-json\/wp\/v2\/posts"}],"about":[{"href":"https:\/\/www.uv.mx\/prensa\/wp-json\/wp\/v2\/types\/post"}],"author":[{"embeddable":true,"href":"https:\/\/www.uv.mx\/prensa\/wp-json\/wp\/v2\/users\/1775"}],"replies":[{"embeddable":true,"href":"https:\/\/www.uv.mx\/prensa\/wp-json\/wp\/v2\/comments?post=112915"}],"version-history":[{"count":1,"href":"https:\/\/www.uv.mx\/prensa\/wp-json\/wp\/v2\/posts\/112915\/revisions"}],"predecessor-version":[{"id":112954,"href":"https:\/\/www.uv.mx\/prensa\/wp-json\/wp\/v2\/posts\/112915\/revisions\/112954"}],"wp:featuredmedia":[{"embeddable":true,"href":"https:\/\/www.uv.mx\/prensa\/wp-json\/wp\/v2\/media\/112919"}],"wp:attachment":[{"href":"https:\/\/www.uv.mx\/prensa\/wp-json\/wp\/v2\/media?parent=112915"}],"wp:term":[{"taxonomy":"category","embeddable":true,"href":"https:\/\/www.uv.mx\/prensa\/wp-json\/wp\/v2\/categories?post=112915"},{"taxonomy":"post_tag","embeddable":true,"href":"https:\/\/www.uv.mx\/prensa\/wp-json\/wp\/v2\/tags?post=112915"}],"curies":[{"name":"wp","href":"https:\/\/api.w.org\/{rel}","templated":true}]}}