{"id":113071,"date":"2022-04-11T08:00:21","date_gmt":"2022-04-11T13:00:21","guid":{"rendered":"https:\/\/www.uv.mx\/prensa\/?p=113071"},"modified":"2022-04-18T13:50:35","modified_gmt":"2022-04-18T18:50:35","slug":"proseembuv-brindo-asesoria-virtual-a-embarazadas","status":"publish","type":"post","link":"https:\/\/www.uv.mx\/prensa\/general\/proseembuv-brindo-asesoria-virtual-a-embarazadas\/","title":{"rendered":"<em>Proseembuv<\/em> brind\u00f3 asesor\u00eda virtual a embarazadas"},"content":{"rendered":"<ul>\n<li><em>Por el comportamiento de la pandemia, ampli\u00f3 su orientaci\u00f3n a la poblaci\u00f3n en general sobre aspectos relacionados con la COVID-19<\/em><\/li>\n<li><em>Le apoy\u00f3 su voluntariado multidisciplinario conformado por personal jubilado<\/em><\/li>\n<\/ul>\n<p>&nbsp;<\/p>\n<div id=\"attachment_113076\" style=\"width: 732px\" class=\"wp-caption aligncenter\"><img aria-describedby=\"caption-attachment-113076\" decoding=\"async\" loading=\"lazy\" class=\"size-full wp-image-113076\" src=\"https:\/\/www.uv.mx\/prensa\/files\/2022\/04\/31032022-Couttolenc-adicional-SS-Proseembuv-1-100k.jpg\" alt=\"Sandra V\u00e1zquez Hern\u00e1ndez, coordinadora de Proseembuv\" width=\"722\" height=\"481\" srcset=\"https:\/\/www.uv.mx\/prensa\/files\/2022\/04\/31032022-Couttolenc-adicional-SS-Proseembuv-1-100k.jpg 722w, https:\/\/www.uv.mx\/prensa\/files\/2022\/04\/31032022-Couttolenc-adicional-SS-Proseembuv-1-100k-300x200.jpg 300w\" sizes=\"(max-width: 722px) 100vw, 722px\" \/><p id=\"caption-attachment-113076\" class=\"wp-caption-text\">Sandra V\u00e1zquez Hern\u00e1ndez, coordinadora de <em>Proseembuv<\/em><\/p><\/div>\n<p>&nbsp;<\/p>\n<p><strong><em>Jos\u00e9 Luis Couttolenc Soto<\/em><\/strong><\/p>\n<p><strong><em>Foto: C\u00e9sar Pisil Ramos<\/em><\/strong><\/p>\n<p><strong><em>11\/04\/2022, Xalapa, Ver.-<\/em><\/strong> Durante el confinamiento propiciado por la pandemia de SARS-CoV-2, causante de la enfermedad COVID-19, el <a href=\"https:\/\/www.uv.mx\/estudiantes\/programa-de-salud-para-estudiantes-embarazadas\/\" target=\"_blank\" rel=\"noopener\">Programa de Salud para Estudiantes Embarazadas<\/a> de la Universidad Veracruzana (<em>Proseembuv<\/em>) brind\u00f3 asesor\u00eda virtual a quienes se acercaron en busca de orientaci\u00f3n sobre salud sexual y reproductiva, dio a conocer su coordinadora, Sandra V\u00e1zquez Hern\u00e1ndez.<\/p>\n<p>Dadas las caracter\u00edsticas del comportamiento epidemiol\u00f3gico, dijo la tambi\u00e9n acad\u00e9mica de la Facultad de Enfermer\u00eda, se tom\u00f3 la determinaci\u00f3n de ampliar la orientaci\u00f3n hacia temas puntuales relacionados con la COVID-19.<\/p>\n<p>Las preguntas recurrentes fueron: \u00bfqu\u00e9 hago? y \u00bfen qu\u00e9 momento me hago la prueba?, adem\u00e1s de temas como tener fiebre y no percibir olores, \u201ctodo eso abon\u00f3 a la atenci\u00f3n integral de los alumnos universitarios\u201d, dijo la docente.<\/p>\n<p>Agreg\u00f3 que dada la premura de la situaci\u00f3n, la asesor\u00eda se ampli\u00f3 a la poblaci\u00f3n en general, brindada a trav\u00e9s de foros virtuales que permitieron atender a 55 mujeres embarazadas (estudiantes y poblaci\u00f3n abierta) y a 250 personas en general que demandaban m\u00e9todos anticonceptivos y orientaci\u00f3n sobre enfermedades de transmisi\u00f3n sexual; sin embargo, lo que predomin\u00f3 fue la atenci\u00f3n por s\u00edntomas de depresi\u00f3n y ansiedad.<\/p>\n<p>V\u00e1zquez Hern\u00e1ndez destac\u00f3 que el \u00e9xito del programa est\u00e1 basado en su modelo de atenci\u00f3n integral dirigido a la salud materna-infantil, focalizado de manera importante en la estudiante embarazada, a quien se le oferta un portafolio de servicios multidisciplinarios en los que participan las facultades de Odontolog\u00eda, Nutrici\u00f3n, Medicina, Psicolog\u00eda y Enfermer\u00eda, fungiendo esta \u00faltima como l\u00edder del programa.<\/p>\n<p>Algunos casos que se atendieron fueron canalizados al Centro para el Desarrollo Humano e Integral de los Universitarios (<em>Cendhiu<\/em>) y otros m\u00e1s a la Unidad de Servicios Psicol\u00f3gicos en Salud (USPES) de la Facultad de Psicolog\u00eda.<\/p>\n<p>Para mayor informaci\u00f3n sobre los servicios que brinda <em>Proseembuv<\/em>, las y los interesados visitar el sitio <em>web<\/em>: <a href=\"https:\/\/www.uv.mx\/fei\/general\/programa-de-salud-para-estudiantes-embarazadas-de-la-universidad-veracruzana-proseembuv\/\">https:\/\/www.uv.mx\/fei\/general\/programa-de-salud-para-estudiantes-embarazadas-de-la-universidad-veracruzana-proseembuv\/<\/a><\/p>\n","protected":false},"excerpt":{"rendered":"<p>El \u00e9xito del programa est\u00e1 basado en su modelo de atenci\u00f3n integral dirigido a la salud materna-infantil, focalizado de manera importante en la estudiante embarazada <\/p>\n","protected":false},"author":1775,"featured_media":113076,"comment_status":"closed","ping_status":"closed","sticky":false,"template":"","format":"standard","meta":[],"categories":[6301,1],"tags":[7006,6263,354,114,4162,7005,1070,7007,7008,1067],"_links":{"self":[{"href":"https:\/\/www.uv.mx\/prensa\/wp-json\/wp\/v2\/posts\/113071"}],"collection":[{"href":"https:\/\/www.uv.mx\/prensa\/wp-json\/wp\/v2\/posts"}],"about":[{"href":"https:\/\/www.uv.mx\/prensa\/wp-json\/wp\/v2\/types\/post"}],"author":[{"embeddable":true,"href":"https:\/\/www.uv.mx\/prensa\/wp-json\/wp\/v2\/users\/1775"}],"replies":[{"embeddable":true,"href":"https:\/\/www.uv.mx\/prensa\/wp-json\/wp\/v2\/comments?post=113071"}],"version-history":[{"count":1,"href":"https:\/\/www.uv.mx\/prensa\/wp-json\/wp\/v2\/posts\/113071\/revisions"}],"predecessor-version":[{"id":113669,"href":"https:\/\/www.uv.mx\/prensa\/wp-json\/wp\/v2\/posts\/113071\/revisions\/113669"}],"wp:featuredmedia":[{"embeddable":true,"href":"https:\/\/www.uv.mx\/prensa\/wp-json\/wp\/v2\/media\/113076"}],"wp:attachment":[{"href":"https:\/\/www.uv.mx\/prensa\/wp-json\/wp\/v2\/media?parent=113071"}],"wp:term":[{"taxonomy":"category","embeddable":true,"href":"https:\/\/www.uv.mx\/prensa\/wp-json\/wp\/v2\/categories?post=113071"},{"taxonomy":"post_tag","embeddable":true,"href":"https:\/\/www.uv.mx\/prensa\/wp-json\/wp\/v2\/tags?post=113071"}],"curies":[{"name":"wp","href":"https:\/\/api.w.org\/{rel}","templated":true}]}}