{"id":113180,"date":"2022-04-12T08:00:49","date_gmt":"2022-04-12T13:00:49","guid":{"rendered":"https:\/\/www.uv.mx\/prensa\/?p=113180"},"modified":"2022-04-18T13:06:26","modified_gmt":"2022-04-18T18:06:26","slug":"alumnos-de-fime-uv-recibieron-capacitacion-de-especialistas-de-la-upvm","status":"publish","type":"post","link":"https:\/\/www.uv.mx\/prensa\/ciencia\/alumnos-de-fime-uv-recibieron-capacitacion-de-especialistas-de-la-upvm\/","title":{"rendered":"Alumnos de FIME-UV recibieron capacitaci\u00f3n de especialistas de la UPVM"},"content":{"rendered":"<ul>\n<li><em>Los expertos de la Universidad Polit\u00e9cnica del Valle de M\u00e9xico impartieron talleres para fortalecer los perfiles profesionales de la comunidad estudiantil y agradecieron la invitaci\u00f3n de la UV<\/em><\/li>\n<li><em>La vinculaci\u00f3n entre ambas instituciones se dio a trav\u00e9s de la Red Tem\u00e1tica de Ingenier\u00eda de Superficies y Tribolog\u00eda<\/em><\/li>\n<\/ul>\n<p>&nbsp;<\/p>\n<div id=\"attachment_113183\" style=\"width: 732px\" class=\"wp-caption aligncenter\"><img aria-describedby=\"caption-attachment-113183\" decoding=\"async\" loading=\"lazy\" class=\"size-full wp-image-113183\" src=\"https:\/\/www.uv.mx\/prensa\/files\/2022\/04\/310322-TRIBOLOGIA-1-100k.jpg\" alt=\"Estudiantes de la FIME-UV participaron en talleres impartidos por especialistas de la UPVM\" width=\"722\" height=\"542\" srcset=\"https:\/\/www.uv.mx\/prensa\/files\/2022\/04\/310322-TRIBOLOGIA-1-100k.jpg 722w, https:\/\/www.uv.mx\/prensa\/files\/2022\/04\/310322-TRIBOLOGIA-1-100k-300x225.jpg 300w\" sizes=\"(max-width: 722px) 100vw, 722px\" \/><p id=\"caption-attachment-113183\" class=\"wp-caption-text\">Estudiantes de la FIME-UV participaron en talleres impartidos por especialistas de la UPVM<\/p><\/div>\n<p>&nbsp;<\/p>\n<p><strong><em>Claudia Peralta V\u00e1zquez<\/em><\/strong><\/p>\n<p><strong><em>Fotos: Jos\u00e9 Rujiro Hern\u00e1ndez Temis y Laboratorio de Tribolog\u00eda<\/em><\/strong><\/p>\n<p><strong><em>12\/04\/22, Xalapa, Ver.- <\/em><\/strong>Bajo la visi\u00f3n de fortalecer los perfiles profesionales de la comunidad estudiantil de la <a href=\"https:\/\/www.uv.mx\/fime\/\" target=\"_blank\" rel=\"noopener\">Facultad de Ingenier\u00eda Mec\u00e1nica El\u00e9ctrica<\/a> (FIME) de la Universidad Veracruzana (UV), especialistas de la Universidad Polit\u00e9cnica del Valle de M\u00e9xico (UPVM) impartieron tres talleres de difusi\u00f3n relacionados con los temas de materiales para la manufactura y dise\u00f1o e impresi\u00f3n 3D.<\/p>\n<p>Lo anterior, gracias a la vinculaci\u00f3n entre ambas instituciones a trav\u00e9s de la Red Tem\u00e1tica de Ingenier\u00eda de Superficies y Tribolog\u00eda (<em>RedISYT<\/em>), conformada en 2015, y del cuerpo acad\u00e9mico (CA) Materiales para la Manufactura en <em>Pymes<\/em>, de la UV, y del grupo de investigaci\u00f3n \u201cCiencia e ingenier\u00eda de materiales\u201d, de la UPVM.<\/p>\n<p>As\u00ed, se impartieron de forma gratuita los siguientes talleres: \u201cPrueba de adhesi\u00f3n para aplicaciones en la manufactura\u201d, \u201cSimulaci\u00f3n mediante ABAQUS\u201d e \u201cIniciando el dise\u00f1o de impresi\u00f3n 3D\u201d, en beneficio de 80 estudiantes de los \u00faltimos semestres de la FIME, quienes constataron y observaron el impacto de la academia y de la teor\u00eda en la aplicaci\u00f3n industrial.<\/p>\n<p>Andr\u00e9s L\u00f3pez Vel\u00e1zquez, acad\u00e9mico y responsable de la coordinaci\u00f3n de vinculaci\u00f3n de la FIME, agradeci\u00f3 la respuesta y disposici\u00f3n de los investigadores en esta actividad, a trav\u00e9s de la cual esperan fortalecer los v\u00ednculos, fomentar el intercambio acad\u00e9mico entre estudiantes y profesores, y consolidar los CA mediante el desarrollo de proyectos de investigaci\u00f3n.<\/p>\n<div id=\"attachment_113184\" style=\"width: 732px\" class=\"wp-caption aligncenter\"><img aria-describedby=\"caption-attachment-113184\" decoding=\"async\" loading=\"lazy\" class=\"size-full wp-image-113184\" src=\"https:\/\/www.uv.mx\/prensa\/files\/2022\/04\/310322-TRIBOLOGIA-2-100k.jpg\" alt=\"Acad\u00e9micos de la UV y de la UPVM celebraron la vinculaci\u00f3n entre ambas instituciones\" width=\"722\" height=\"481\" srcset=\"https:\/\/www.uv.mx\/prensa\/files\/2022\/04\/310322-TRIBOLOGIA-2-100k.jpg 722w, https:\/\/www.uv.mx\/prensa\/files\/2022\/04\/310322-TRIBOLOGIA-2-100k-300x200.jpg 300w\" sizes=\"(max-width: 722px) 100vw, 722px\" \/><p id=\"caption-attachment-113184\" class=\"wp-caption-text\">Acad\u00e9micos de la UV y de la UPVM celebraron la vinculaci\u00f3n entre ambas instituciones<\/p><\/div>\n<p>&nbsp;<\/p>\n<p>Jazm\u00edn Rivera Pe\u00f1a, quien colabora como apoyo del \u00e1rea de Vinculaci\u00f3n y es responsable del Laboratorio de Materiales, tambi\u00e9n celebr\u00f3 esta actividad que trascender\u00e1 hacia la formaci\u00f3n y habilidades de los universitarios y no s\u00f3lo se quedar\u00e1 en un taller.<\/p>\n<p>\u201cHay muy pocas universidades que desarrollan conocimiento en el \u00e1rea de la tribolog\u00eda, es un campo nuevo donde se requiere generar recursos humanos para la soluci\u00f3n de problemas industriales con impacto en la sociedad\u201d, expres\u00f3 No\u00e9 L\u00f3pez Perrusquia, quien imparti\u00f3 un taller sobre recubrimientos duros para la manufactura orientado hacia la aplicaci\u00f3n del conocimiento en la industria.<\/p>\n<p>\u201cA trav\u00e9s de <em>RedISYT<\/em> nos vinculamos con la UV para presentar y evidenciar que, toda esta gama de conocimientos, pueden trasladarse a la industria, y no se queden s\u00f3lo en un papel\u201d, dijo el integrante del Sistema Nacional de Investigadores (SNI), Nivel I.<\/p>\n<p>Dio a conocer que en la UPVM trabajan bajo un esquema alem\u00e1n de teor\u00eda aplicada a la industria. En ese sentido, aportaron mucho a la formaci\u00f3n de los alumnos de la FIME-UV.<\/p>\n<p>\u201cA su egreso, los chicos requerir\u00e1n de vivencias y experiencias adquiridas en el aula para su aplicaci\u00f3n en la industria.\u201d<\/p>\n<div id=\"attachment_113185\" style=\"width: 732px\" class=\"wp-caption aligncenter\"><img aria-describedby=\"caption-attachment-113185\" decoding=\"async\" loading=\"lazy\" class=\"size-full wp-image-113185\" src=\"https:\/\/www.uv.mx\/prensa\/files\/2022\/04\/310322-TRIBOLOGIA-3-100k.jpg\" alt=\"Del 22 al 24 de marzo, los alumnos participaron en los talleres de difusi\u00f3n\" width=\"722\" height=\"542\" srcset=\"https:\/\/www.uv.mx\/prensa\/files\/2022\/04\/310322-TRIBOLOGIA-3-100k.jpg 722w, https:\/\/www.uv.mx\/prensa\/files\/2022\/04\/310322-TRIBOLOGIA-3-100k-300x225.jpg 300w\" sizes=\"(max-width: 722px) 100vw, 722px\" \/><p id=\"caption-attachment-113185\" class=\"wp-caption-text\">Del 22 al 24 de marzo, los alumnos participaron en los talleres de difusi\u00f3n<\/p><\/div>\n<p>&nbsp;<\/p>\n<p>Marco Antonio Do\u00f1u Ruiz, con perfil de Ingenier\u00eda Mec\u00e1nica y Nivel I del SNI, agradeci\u00f3 a la FIME-UV por permitirles la difusi\u00f3n del conocimiento. El taller que ofreci\u00f3 estuvo relacionado con las matem\u00e1ticas y herramientas de la ingenier\u00eda asistida por computadora.<\/p>\n<p>\u201cEs importante que el alumno tenga esa habilidad y conocimiento para poder aplicarlo en la industria, las matem\u00e1ticas son una herramienta que nos permite mejorar los procesos de manufactura y crear nuevos materiales.\u201d<\/p>\n<p>Tambi\u00e9n, coment\u00f3 la disposici\u00f3n \u2013como grupo de investigaci\u00f3n\u2013 de recibir a acad\u00e9micos y alumnos de la UV para la actualizaci\u00f3n de herramientas que les permitan satisfacer las problem\u00e1ticas sociales e industriales.<\/p>\n<p>\u201cLos alumnos fueron muy participativos, se les debe enamorar con el conocimiento, tuvieron un panorama diferente a lo que ven en clase.\u201d<\/p>\n<div id=\"attachment_113186\" style=\"width: 732px\" class=\"wp-caption aligncenter\"><img aria-describedby=\"caption-attachment-113186\" decoding=\"async\" loading=\"lazy\" class=\"size-full wp-image-113186\" src=\"https:\/\/www.uv.mx\/prensa\/files\/2022\/04\/310322-TRIBOLOGIA-4-100k.jpg\" alt=\"Profesores y estudiantes de la UV y UPVM convivieron durante tres d\u00edas en la FIME\" width=\"722\" height=\"542\" srcset=\"https:\/\/www.uv.mx\/prensa\/files\/2022\/04\/310322-TRIBOLOGIA-4-100k.jpg 722w, https:\/\/www.uv.mx\/prensa\/files\/2022\/04\/310322-TRIBOLOGIA-4-100k-300x225.jpg 300w\" sizes=\"(max-width: 722px) 100vw, 722px\" \/><p id=\"caption-attachment-113186\" class=\"wp-caption-text\">Profesores y estudiantes de la UV y UPVM convivieron durante tres d\u00edas en la FIME<\/p><\/div>\n<p>&nbsp;<\/p>\n<p>Dijo que ser\u00e1n invitados para hacer estancias, residencias profesionales y pr\u00e1cticas en los posgrados de manufactura e ingenier\u00eda de materiales.<\/p>\n<p>Por su parte, Gerardo Juli\u00e1n P\u00e9rez Mendoza, maestro en Ingenier\u00eda de Manufactura, quien labora en la Divisi\u00f3n de Ingenier\u00eda Mecatr\u00f3nica y Mec\u00e1nica Automotriz y en la impresi\u00f3n 3D con impulso hacia la Industria 4.0, destac\u00f3 los avances de la tecnolog\u00eda en este campo.<\/p>\n<p>Entre ellos, la impresi\u00f3n para el desarrollo de prototipos tanto para la parte de dise\u00f1o mec\u00e1nico como para biomec\u00e1nica. De esta manera, los estudiantes pueden involucrarse en la manufactura aditiva, innovaci\u00f3n de ciertos productos, creaci\u00f3n de prototipos, o\u00a0 fabricaci\u00f3n de dispositivos de rehabilitaci\u00f3n e implantes biom\u00e9dicos.<\/p>\n<p>La capacitaci\u00f3n se realiz\u00f3 del 22 al 24 de marzo y se espera darle seguimiento en el marco de las actividades impulsadas por la <em>RedISYT.<\/em><\/p>\n","protected":false},"excerpt":{"rendered":"<p>Andr\u00e9s L\u00f3pez Vel\u00e1zquez, acad\u00e9mico y responsable de la coordinaci\u00f3n de vinculaci\u00f3n de la FIME, agradeci\u00f3 la respuesta y disposici\u00f3n de los investigadores en esta actividad.<\/p>\n","protected":false},"author":1775,"featured_media":113183,"comment_status":"closed","ping_status":"closed","sticky":false,"template":"","format":"standard","meta":[],"categories":[45],"tags":[753,7036,4163,752,7030,5951,3007,270,7035,7032,6767,7037,7031,7033,7034,2291,7038,7028,7029],"_links":{"self":[{"href":"https:\/\/www.uv.mx\/prensa\/wp-json\/wp\/v2\/posts\/113180"}],"collection":[{"href":"https:\/\/www.uv.mx\/prensa\/wp-json\/wp\/v2\/posts"}],"about":[{"href":"https:\/\/www.uv.mx\/prensa\/wp-json\/wp\/v2\/types\/post"}],"author":[{"embeddable":true,"href":"https:\/\/www.uv.mx\/prensa\/wp-json\/wp\/v2\/users\/1775"}],"replies":[{"embeddable":true,"href":"https:\/\/www.uv.mx\/prensa\/wp-json\/wp\/v2\/comments?post=113180"}],"version-history":[{"count":1,"href":"https:\/\/www.uv.mx\/prensa\/wp-json\/wp\/v2\/posts\/113180\/revisions"}],"predecessor-version":[{"id":113658,"href":"https:\/\/www.uv.mx\/prensa\/wp-json\/wp\/v2\/posts\/113180\/revisions\/113658"}],"wp:featuredmedia":[{"embeddable":true,"href":"https:\/\/www.uv.mx\/prensa\/wp-json\/wp\/v2\/media\/113183"}],"wp:attachment":[{"href":"https:\/\/www.uv.mx\/prensa\/wp-json\/wp\/v2\/media?parent=113180"}],"wp:term":[{"taxonomy":"category","embeddable":true,"href":"https:\/\/www.uv.mx\/prensa\/wp-json\/wp\/v2\/categories?post=113180"},{"taxonomy":"post_tag","embeddable":true,"href":"https:\/\/www.uv.mx\/prensa\/wp-json\/wp\/v2\/tags?post=113180"}],"curies":[{"name":"wp","href":"https:\/\/api.w.org\/{rel}","templated":true}]}}