{"id":113569,"date":"2022-04-17T08:00:53","date_gmt":"2022-04-17T13:00:53","guid":{"rendered":"https:\/\/www.uv.mx\/prensa\/?p=113569"},"modified":"2022-04-18T11:02:04","modified_gmt":"2022-04-18T16:02:04","slug":"alumnos-de-bachillerato-ya-pueden-competir-en-la-olimpiada-de-fisica-estatal","status":"publish","type":"post","link":"https:\/\/www.uv.mx\/prensa\/ciencia\/alumnos-de-bachillerato-ya-pueden-competir-en-la-olimpiada-de-fisica-estatal\/","title":{"rendered":"Alumnos de bachillerato ya pueden competir en la Olimpiada de F\u00edsica estatal"},"content":{"rendered":"<p>&nbsp;<\/p>\n<ul>\n<li><em>En su XXXI edici\u00f3n, nuevamente alumnos y profesores de la Facultad de F\u00edsica de la Universidad Veracruzana unir\u00e1n esfuerzos para entrenar a los j\u00f3venes bachilleres<\/em><\/li>\n<li><em>Varios integrantes del comit\u00e9 organizador fueron competidores y ahora conformar\u00e1n a la delegaci\u00f3n Veracruz que competir\u00e1 a nivel nacional en noviembre<\/em><\/li>\n<\/ul>\n<p>&nbsp;<\/p>\n<div id=\"attachment_113570\" style=\"width: 732px\" class=\"wp-caption aligncenter\"><img aria-describedby=\"caption-attachment-113570\" decoding=\"async\" loading=\"lazy\" class=\"size-full wp-image-113570\" src=\"https:\/\/www.uv.mx\/prensa\/files\/2022\/04\/07042022-DAVID-Estudiantes-y-academicos-sobre-Olimpiada-Estatal-de-Fisica-1.jpg\" alt=\"\" width=\"722\" height=\"407\" srcset=\"https:\/\/www.uv.mx\/prensa\/files\/2022\/04\/07042022-DAVID-Estudiantes-y-academicos-sobre-Olimpiada-Estatal-de-Fisica-1.jpg 722w, https:\/\/www.uv.mx\/prensa\/files\/2022\/04\/07042022-DAVID-Estudiantes-y-academicos-sobre-Olimpiada-Estatal-de-Fisica-1-300x169.jpg 300w\" sizes=\"(max-width: 722px) 100vw, 722px\" \/><p id=\"caption-attachment-113570\" class=\"wp-caption-text\">Carlos Vargas, acad\u00e9mico de la Facultad de F\u00edsica, reconoci\u00f3 el apoyo que brindan los estudiantes en cada edici\u00f3n de la olimpiada<\/p><\/div>\n<p><strong><em>\u00a0<\/em><\/strong><\/p>\n<p><strong><em>David Sandoval Rodr\u00edguez<\/em><\/strong><\/p>\n<p><strong><em>Fotos: C\u00e9sar Pisil Ramos<\/em><\/strong><\/p>\n<p><strong><em>17\/04\/2022 Xalapa, Ver.-<\/em><\/strong> Estudiantes y acad\u00e9micos de la <a href=\"https:\/\/www.uv.mx\/ffia\/\" target=\"_blank\" rel=\"noopener\">Facultad de F\u00edsica<\/a> de la Universidad Veracruzana (UV) est\u00e1n preparados para recibir a los j\u00f3venes de bachillerato que buscan competir por un lugar en la Olimpiada de F\u00edsica Veracruz 2022, que celebra su trig\u00e9sima primera edici\u00f3n y se ha convertido adem\u00e1s en un espacio de preparaci\u00f3n de los universitarios.<\/p>\n<p>Los profesores Carlos Vargas Madrazo y Hugo Ponce Flores, acompa\u00f1ados por los alumnos Reychel Casiel Machorro Zamudio, Carlos Alexis Barrios Bello e Irving Ernesto Quezada Ram\u00edrez, todos integrantes del comit\u00e9 organizador, destacaron que esta labor es muy valiosa para su formaci\u00f3n, incluso cuando varios de ellos fueron concursantes.<\/p>\n<p>La Sociedad Mexicana de F\u00edsica (SMF), a trav\u00e9s de la Facultad de F\u00edsica, colabora con los diferentes Subsistemas de Educaci\u00f3n Media Superior de Veracruz para realizar la olimpiada, explic\u00f3 Vargas Madrazo, al ser la entidad que entrena a la selecci\u00f3n que competir\u00e1 en la edici\u00f3n nacional del evento.<\/p>\n<p>Todos aquellos estudiantes de nivel medio superior que deseen participar deber\u00e1n contar con un asesor que los apoye durante su preparaci\u00f3n y participaci\u00f3n en la olimpiada.<\/p>\n<p>La evaluaci\u00f3n para la fase estatal estar\u00e1 conformada por un examen te\u00f3rico que se efectuar\u00e1 el s\u00e1bado 20 de agosto; se seleccionar\u00e1 a los 12 estudiantes con el mayor puntaje y los resultados ser\u00e1n publicados a m\u00e1s tardar el 2 de septiembre en la p\u00e1gina oficial de la Facultad de F\u00edsica: <u><a href=\"https:\/\/www.uv.mx\/ffia\/\">https:\/\/www.uv.mx\/ffia\/<\/a><\/u><\/p>\n<p>&nbsp;<\/p>\n<div id=\"attachment_113571\" style=\"width: 732px\" class=\"wp-caption aligncenter\"><img aria-describedby=\"caption-attachment-113571\" decoding=\"async\" loading=\"lazy\" class=\"size-full wp-image-113571\" src=\"https:\/\/www.uv.mx\/prensa\/files\/2022\/04\/07042022-DAVID-Estudiantes-y-academicos-sobre-Olimpiada-Estatal-de-Fisica-2.jpg\" alt=\"\" width=\"722\" height=\"418\" srcset=\"https:\/\/www.uv.mx\/prensa\/files\/2022\/04\/07042022-DAVID-Estudiantes-y-academicos-sobre-Olimpiada-Estatal-de-Fisica-2.jpg 722w, https:\/\/www.uv.mx\/prensa\/files\/2022\/04\/07042022-DAVID-Estudiantes-y-academicos-sobre-Olimpiada-Estatal-de-Fisica-2-300x174.jpg 300w\" sizes=\"(max-width: 722px) 100vw, 722px\" \/><p id=\"caption-attachment-113571\" class=\"wp-caption-text\">Hugo Ponce, acad\u00e9mico de la Facultad, record\u00f3 el sentido de pertenencia que genera estar en la competencia<\/p><\/div>\n<p>&nbsp;<\/p>\n<p>El acad\u00e9mico precis\u00f3 que el temario completo para concursar est\u00e1 en la convocatoria, a su vez disponible en el sitio <em>web<\/em> oficial de la Facultad de F\u00edsica.<\/p>\n<p>Destac\u00f3 que el apoyo de los estudiantes es primordial dado que tienen un contacto m\u00e1s cercano con los alumnos de bachillerato, \u201ceso es algo muy valioso y siempre se requiere ese apoyo para conformar un equipo\u201d.<\/p>\n<p>Desde hace 31 a\u00f1os la UV, a trav\u00e9s de la Facultad de F\u00edsica, se ha sumado a este esfuerzo que se basa en fomentar en los j\u00f3venes veracruzanos el inter\u00e9s por la f\u00edsica y adem\u00e1s encauzar intereses y talentos de los estudiantes que pueden interesarse en estudiar f\u00edsica a nivel licenciatura.<\/p>\n<p>\u201cLa convocatoria se lanz\u00f3 hace unos d\u00edas y contempla fases eliminatorias, posteriormente hay un periodo de capacitaci\u00f3n de los estudiantes en la Facultad y luego la evaluaci\u00f3n final, que permite integrar una delegaci\u00f3n de Veracruz que nos representar\u00e1 en el certamen nacional que se efectuar\u00e1 en noviembre.\u201d<\/p>\n<p>Reychel Machorro coment\u00f3 que su inter\u00e9s por colaborar surgi\u00f3 \u201cporque me interesa mucho la docencia, entonces este tipo de eventos me acercan un poco a ver c\u00f3mo funciona ese mundo\u201d.<\/p>\n<p>Mencion\u00f3 que ella compiti\u00f3 en una edici\u00f3n y conoce c\u00f3mo se vive una olimpiada, \u201cpor lo que deseo aportar aunque sea un poquito, siento que puedo ayudar\u201d.<\/p>\n<p>&nbsp;<\/p>\n<div id=\"attachment_113572\" style=\"width: 732px\" class=\"wp-caption aligncenter\"><img aria-describedby=\"caption-attachment-113572\" decoding=\"async\" loading=\"lazy\" class=\"size-full wp-image-113572\" src=\"https:\/\/www.uv.mx\/prensa\/files\/2022\/04\/07042022-DAVID-Estudiantes-y-academicos-sobre-Olimpiada-Estatal-de-Fisica-3.jpg\" alt=\"\" width=\"722\" height=\"416\" srcset=\"https:\/\/www.uv.mx\/prensa\/files\/2022\/04\/07042022-DAVID-Estudiantes-y-academicos-sobre-Olimpiada-Estatal-de-Fisica-3.jpg 722w, https:\/\/www.uv.mx\/prensa\/files\/2022\/04\/07042022-DAVID-Estudiantes-y-academicos-sobre-Olimpiada-Estatal-de-Fisica-3-300x173.jpg 300w\" sizes=\"(max-width: 722px) 100vw, 722px\" \/><p id=\"caption-attachment-113572\" class=\"wp-caption-text\">Reychel Machorro dijo que su inter\u00e9s por colaborar se basa en su deseo de enfocarse a la docencia<\/p><\/div>\n<p>&nbsp;<\/p>\n<p>En su preparaci\u00f3n para la competencia record\u00f3 que \u201cera un poco chocante porque me sacaban de clases para centrarme nada m\u00e1s en f\u00edsica, pero eso me ayud\u00f3 bastante porque me di cuenta de que me gustaba mucho y que era algo a lo que yo me quer\u00eda dedicar\u201d.<\/p>\n<p>Por su parte, Carlos Alexis Barrios expres\u00f3 que se interes\u00f3 en participar por dos temas: realizar su servicio social y porque compiti\u00f3 en la Olimpiada 2016, \u201cya tuve esa aproximaci\u00f3n con la Facultad por primera vez, por ello me interes\u00e9 en apoyar a los siguientes participantes, que espero salgan de Xalapa\u201d.<\/p>\n<p>El universitario explic\u00f3 que combinar\u00e1 su tiempo de vacaciones con preparar los materiales que servir\u00e1n para asesorar a los concursantes.<\/p>\n<p>\u201cQuisiera preparar algunos ejercicios que sirvan como ejemplos, algunos de car\u00e1cter ilustrativo para dar la introducci\u00f3n de alg\u00fan tema y por \u00faltimo plantearles un problema un poquito m\u00e1s dif\u00edcil, pero no salirnos del temario de la olimpiada; quiero que much\u00edsima gente se interese en la f\u00edsica d\u00e1ndoles ejemplos muy buenos. A muchos estudiantes les gusta cuando les hablan del universo; entonces, dependiendo de los intereses que presenta cada generaci\u00f3n, aproximarme para que se den cuenta que la f\u00edsica es bonita y no es como la han pintado todo este tiempo\u201d, afirm\u00f3.<\/p>\n<p>Irving Quezada reconoci\u00f3 que siempre tuvo el inter\u00e9s de participar en la olimpiada, pero no se logr\u00f3 porque en su instituci\u00f3n era percibida como una competencia y no como una ampliaci\u00f3n de sus conocimientos.<\/p>\n<p>&nbsp;<\/p>\n<div id=\"attachment_113573\" style=\"width: 732px\" class=\"wp-caption aligncenter\"><img aria-describedby=\"caption-attachment-113573\" decoding=\"async\" loading=\"lazy\" class=\"size-full wp-image-113573\" src=\"https:\/\/www.uv.mx\/prensa\/files\/2022\/04\/07042022-DAVID-Estudiantes-y-academicos-sobre-Olimpiada-Estatal-de-Fisica-4.jpg\" alt=\"\" width=\"722\" height=\"432\" srcset=\"https:\/\/www.uv.mx\/prensa\/files\/2022\/04\/07042022-DAVID-Estudiantes-y-academicos-sobre-Olimpiada-Estatal-de-Fisica-4.jpg 722w, https:\/\/www.uv.mx\/prensa\/files\/2022\/04\/07042022-DAVID-Estudiantes-y-academicos-sobre-Olimpiada-Estatal-de-Fisica-4-300x180.jpg 300w\" sizes=\"(max-width: 722px) 100vw, 722px\" \/><p id=\"caption-attachment-113573\" class=\"wp-caption-text\">Carlos Bello dijo que trabajar\u00e1 en los contenidos con los que entrenar\u00e1 a los j\u00f3venes durante las vacaciones<\/p><\/div>\n<p>&nbsp;<\/p>\n<p>\u201cRealmente el objetivo de la olimpiada, como yo veo, es despertar a\u00fan m\u00e1s el inter\u00e9s de los estudiantes por la f\u00edsica y para que los j\u00f3venes lo disfruten; tengo muchas cosas que podr\u00eda aportar, especialmente en el tema de los problemas, como mencion\u00f3 mi compa\u00f1era, nosotros dos hemos estado viendo problemas que podr\u00edamos presentar; sin embargo, poco a poco nos estamos dando cuenta qu\u00e9 es lo que un estudiante de preparatoria podr\u00eda resolver y ahora mismo estamos tratando de darle ese enfoque y no en \u2018formulazos\u2019, como usualmente se dice cuando se requieren conceptos complejos para la resoluci\u00f3n de los problemas\u201d.<\/p>\n<p>Finalmente, Hugo Ponce reconoci\u00f3 y agradeci\u00f3 el apoyo que los universitarios brindan a\u00f1o con a\u00f1o al evento y record\u00f3: \u201cEs justo lo que ellos est\u00e1n diciendo, al tener poco tiempo de estar en la Universidad, a\u00fan recuerdan el nivel que ten\u00edan en bachillerato y eso a nosotros como profesores nos ayuda a ir homogeneizando, porque a veces nosotros planteamos problemas de otra complejidad\u201d.<\/p>\n<p>Ponce Flores record\u00f3 que la olimpiada genera un sentido de pertenencia que tambi\u00e9n experiment\u00f3, \u201cyo tambi\u00e9n lo viv\u00ed participando cuando era joven y eso genera una comunidad y un sentido de pertenencia para los j\u00f3venes. El decir: yo pertenezco a la Olimpiada de F\u00edsica es un sentimiento que a esa edad es muy importante para todos, y el que ellos sientan que representan a su escuela en las diferentes fases, locales, estatales y nacionales, es un orgullo. Lo principal es generar esta vocaci\u00f3n\u201d.<\/p>\n<p>&nbsp;<\/p>\n<div id=\"attachment_113574\" style=\"width: 732px\" class=\"wp-caption aligncenter\"><img aria-describedby=\"caption-attachment-113574\" decoding=\"async\" loading=\"lazy\" class=\"size-full wp-image-113574\" src=\"https:\/\/www.uv.mx\/prensa\/files\/2022\/04\/07042022-DAVID-Estudiantes-y-academicos-sobre-Olimpiada-Estatal-de-Fisica-5.jpg\" alt=\"\" width=\"722\" height=\"414\" srcset=\"https:\/\/www.uv.mx\/prensa\/files\/2022\/04\/07042022-DAVID-Estudiantes-y-academicos-sobre-Olimpiada-Estatal-de-Fisica-5.jpg 722w, https:\/\/www.uv.mx\/prensa\/files\/2022\/04\/07042022-DAVID-Estudiantes-y-academicos-sobre-Olimpiada-Estatal-de-Fisica-5-300x172.jpg 300w\" sizes=\"(max-width: 722px) 100vw, 722px\" \/><p id=\"caption-attachment-113574\" class=\"wp-caption-text\">Irving Quezada dijo que trabaja en la elaboraci\u00f3n de problemas que est\u00e9n a nivel adecuado a los alumnos de bachillerato<\/p><\/div>\n","protected":false},"excerpt":{"rendered":"<p>En su XXXI edici\u00f3n, nuevamente alumnos y profesores de la Facultad de F\u00edsica de la Universidad Veracruzana unir\u00e1n esfuerzos para entrenar a los j\u00f3venes bachilleres<\/p>\n","protected":false},"author":1869,"featured_media":113575,"comment_status":"closed","ping_status":"closed","sticky":false,"template":"","format":"standard","meta":[],"categories":[45,47],"tags":[],"_links":{"self":[{"href":"https:\/\/www.uv.mx\/prensa\/wp-json\/wp\/v2\/posts\/113569"}],"collection":[{"href":"https:\/\/www.uv.mx\/prensa\/wp-json\/wp\/v2\/posts"}],"about":[{"href":"https:\/\/www.uv.mx\/prensa\/wp-json\/wp\/v2\/types\/post"}],"author":[{"embeddable":true,"href":"https:\/\/www.uv.mx\/prensa\/wp-json\/wp\/v2\/users\/1869"}],"replies":[{"embeddable":true,"href":"https:\/\/www.uv.mx\/prensa\/wp-json\/wp\/v2\/comments?post=113569"}],"version-history":[{"count":1,"href":"https:\/\/www.uv.mx\/prensa\/wp-json\/wp\/v2\/posts\/113569\/revisions"}],"predecessor-version":[{"id":113623,"href":"https:\/\/www.uv.mx\/prensa\/wp-json\/wp\/v2\/posts\/113569\/revisions\/113623"}],"wp:featuredmedia":[{"embeddable":true,"href":"https:\/\/www.uv.mx\/prensa\/wp-json\/wp\/v2\/media\/113575"}],"wp:attachment":[{"href":"https:\/\/www.uv.mx\/prensa\/wp-json\/wp\/v2\/media?parent=113569"}],"wp:term":[{"taxonomy":"category","embeddable":true,"href":"https:\/\/www.uv.mx\/prensa\/wp-json\/wp\/v2\/categories?post=113569"},{"taxonomy":"post_tag","embeddable":true,"href":"https:\/\/www.uv.mx\/prensa\/wp-json\/wp\/v2\/tags?post=113569"}],"curies":[{"name":"wp","href":"https:\/\/api.w.org\/{rel}","templated":true}]}}