{"id":114209,"date":"2022-04-26T19:37:31","date_gmt":"2022-04-27T00:37:31","guid":{"rendered":"https:\/\/www.uv.mx\/prensa\/?p=114209"},"modified":"2022-04-27T12:19:43","modified_gmt":"2022-04-27T17:19:43","slug":"mariachi-universitario-ofrecio-concierto-en-la-sala-anexa-de-tlaqna","status":"publish","type":"post","link":"https:\/\/www.uv.mx\/prensa\/cultura\/mariachi-universitario-ofrecio-concierto-en-la-sala-anexa-de-tlaqna\/","title":{"rendered":"Mariachi Universitario ofreci\u00f3 concierto en la Sala Anexa de Tlaqn\u00e1"},"content":{"rendered":"<ul class=\"ul1\">\n<li class=\"li1\"><i>\u201cEl canon ranchero: de <\/i>Las ma\u00f1anitas<i> a <\/i>La ley de monte<i>\u201d, se titul\u00f3 el concierto realizado el domingo 24 de abril<\/i><\/li>\n<li class=\"li1\"><i>Participaron estudiantes de la Facultad de M\u00fasica y del Centro de Iniciaci\u00f3n Musical Infantil<\/i><b><i><\/i><\/b><\/li>\n<\/ul>\n<p>&nbsp;<\/p>\n<p>&nbsp;<\/p>\n<div id=\"attachment_114210\" style=\"width: 732px\" class=\"wp-caption alignnone\"><img aria-describedby=\"caption-attachment-114210\" decoding=\"async\" loading=\"lazy\" class=\"size-full wp-image-114210\" src=\"https:\/\/www.uv.mx\/prensa\/files\/2022\/04\/260422-MARIACHI-UNIVERSITARIO-1-100k.jpg\" alt=\"El Mariachi Universitario se present\u00f3 el domingo 24 de abril en la Sala Anexa de Tlaqn\u00e1, Centro Cultural\" width=\"722\" height=\"481\" srcset=\"https:\/\/www.uv.mx\/prensa\/files\/2022\/04\/260422-MARIACHI-UNIVERSITARIO-1-100k.jpg 722w, https:\/\/www.uv.mx\/prensa\/files\/2022\/04\/260422-MARIACHI-UNIVERSITARIO-1-100k-300x200.jpg 300w\" sizes=\"(max-width: 722px) 100vw, 722px\" \/><p id=\"caption-attachment-114210\" class=\"wp-caption-text\">El Mariachi Universitario se present\u00f3 el domingo 24 de abril en la Sala Anexa de Tlaqn\u00e1, Centro Cultural<\/p><\/div>\n<p>&nbsp;<\/p>\n<p class=\"p1\"><b><i>Claudia Peralta V\u00e1zquez<\/i><\/b><\/p>\n<p class=\"p1\"><b><i>Fotos: Cortes\u00eda de Difusi\u00f3n Cultural<\/i><\/b><\/p>\n<p class=\"p1\"><b><i>26\/04\/2022, Xalapa, Ver.- <\/i><\/b>El Mariachi Universitario, adscrito a la <a href=\"https:\/\/www.uv.mx\/difusioncultural\/\">Direcci\u00f3n General de Difusi\u00f3n Cultural<\/a> de la Universidad Veracruzana (UV), deleit\u00f3 e inspir\u00f3 al p\u00fablico xalape\u00f1o al interpretar un programa de m\u00fasica regional mexicana como parte del concierto titulado <i>El canon ranchero: de<\/i> Las ma\u00f1anitas <i>a<\/i> La ley de monte, realizado el domingo 24 de abril en la Sala Anexa de Tlaqn\u00e1, Centro Cultural.<\/p>\n<p class=\"p1\">Bajo la direcci\u00f3n de Jorge Iv\u00e1n Velasco, la agrupaci\u00f3n comparti\u00f3 el escenario con cantantes invitados, todos ellos estudiantes de la Facultad de M\u00fasica y del Centro de Iniciaci\u00f3n Musical Infantil (CIMI).<\/p>\n<p class=\"p1\">Antes de la presentaci\u00f3n, Alfonso Colorado Hern\u00e1ndez, director general de Difusi\u00f3n Cultural, ofreci\u00f3 una charla al p\u00fablico sobre la trascendencia de la m\u00fasica mexicana a trav\u00e9s del tiempo y el espacio, y del impacto de autores e int\u00e9rpretes como: Lola Beltr\u00e1n, Pedro Infante, Jorge Negrete, Juan Gabriel, entre otros, figuras internacionales que tuvieron difusi\u00f3n mundial.<\/p>\n<p class=\"p1\">Con un lleno total del recinto universitario, el concierto inici\u00f3 con <i>Las ma\u00f1anitas<\/i>, acto seguido el Mariachi Universitario y j\u00f3venes egresados de la Facultad de M\u00fasica y algunos en formaci\u00f3n<span class=\"Apple-converted-space\">\u00a0 <\/span>interpretaron <i>Cocula<\/i>, de Manuel Esper\u00f3n y Ernesto Cort\u00e1zar; <i>Paloma negra<\/i> y <i>Cucurrucuc\u00fa<\/i> <i>paloma<\/i>, de Tom\u00e1s M\u00e9ndez.<\/p>\n<div id=\"attachment_114211\" style=\"width: 732px\" class=\"wp-caption aligncenter\"><img aria-describedby=\"caption-attachment-114211\" decoding=\"async\" loading=\"lazy\" class=\"size-full wp-image-114211\" src=\"https:\/\/www.uv.mx\/prensa\/files\/2022\/04\/260422-MARIACHI-UNIVERSITARIO-2-100k.jpg\" alt=\"Estudiantes de la Facultad de M\u00fasica y del CIMI deleitaron a los asistentes con melod\u00edas de compositores mexicanos\" width=\"722\" height=\"481\" srcset=\"https:\/\/www.uv.mx\/prensa\/files\/2022\/04\/260422-MARIACHI-UNIVERSITARIO-2-100k.jpg 722w, https:\/\/www.uv.mx\/prensa\/files\/2022\/04\/260422-MARIACHI-UNIVERSITARIO-2-100k-300x200.jpg 300w\" sizes=\"(max-width: 722px) 100vw, 722px\" \/><p id=\"caption-attachment-114211\" class=\"wp-caption-text\">Estudiantes de la Facultad de M\u00fasica y del CIMI deleitaron a los asistentes con melod\u00edas de compositores mexicanos<\/p><\/div>\n<p>&nbsp;<\/p>\n<p class=\"p3\">El Mariachi Universitario, fundado en 2004 por H\u00e9ctor Guerrero, despert\u00f3 la emoci\u00f3n del p\u00fablico multigeneracional, que aplaudi\u00f3 y enton\u00f3 al un\u00edsono las canciones: <i>Cien a\u00f1os<\/i>, de Rub\u00e9n Flores y Alberto Ra\u00fal Cervantes Gonz\u00e1lez; <i>Fue un placer conocerte<\/i>, de Alberto Aguilera Valadez, y <i>Anillo de compromiso<\/i>, de Cuco S\u00e1nchez.<\/p>\n<p class=\"p3\">Tambi\u00e9n, un popurr\u00ed con melod\u00edas como: <i>Un viejo amor<\/i>, <i>Madrigal<\/i>, <i>La borrachita<\/i>, <i>Caballo prieto azabache<\/i>, <i>La ley del monte<\/i>, <i>La cama de piedra<\/i>, <i>La farsante<\/i>, <i>Sombras<\/i>, <i>Las Isabeles<\/i>, <i>Se me olvid\u00f3 otra vez<\/i> y <i>Si nos dejan<\/i>.<\/p>\n<p class=\"p3\">Por parte de la Facultad de M\u00fasica participaron como solistas invitados: Jorge Ignacio Rodr\u00edguez Gaona, Rodrigo Alejandro Montiel D\u00e1vila, Grethel Alejandra Palmeros Amor, Ra\u00fal de Jes\u00fas Pardo Rodr\u00edguez, Yayoi Guadalupe Koasicha Mart\u00ednez y \u00c1ngel Gabriel L\u00f3pez Contreras.<\/p>\n<p class=\"p3\">El programa concluy\u00f3 con la actuaci\u00f3n de Vanina del Mar Alonso Cabral, alumna del CIMI, quien cant\u00f3 <i>La mochila azul<\/i> y <i>El piojo y la pulga<\/i>. Posteriormente, el Mariachi Universitario invit\u00f3 a integrantes del p\u00fablico a entonar en el escenario algunas de las melod\u00edas de su repertorio.<\/p>\n<div id=\"attachment_114212\" style=\"width: 732px\" class=\"wp-caption aligncenter\"><img aria-describedby=\"caption-attachment-114212\" decoding=\"async\" loading=\"lazy\" class=\"size-full wp-image-114212\" src=\"https:\/\/www.uv.mx\/prensa\/files\/2022\/04\/260422-MARIACHI-UNIVERSITARIO-3-100k.jpg\" alt=\"Iv\u00e1n Velasco, director del Mariachi Universitario, agradeci\u00f3 la asistencia a este concierto\" width=\"722\" height=\"481\" srcset=\"https:\/\/www.uv.mx\/prensa\/files\/2022\/04\/260422-MARIACHI-UNIVERSITARIO-3-100k.jpg 722w, https:\/\/www.uv.mx\/prensa\/files\/2022\/04\/260422-MARIACHI-UNIVERSITARIO-3-100k-300x200.jpg 300w\" sizes=\"(max-width: 722px) 100vw, 722px\" \/><p id=\"caption-attachment-114212\" class=\"wp-caption-text\">Iv\u00e1n Velasco, director del Mariachi Universitario, agradeci\u00f3 la asistencia a este concierto<\/p><\/div>\n<p>&nbsp;<\/p>\n<p class=\"p3\">Por su parte, Jorge Iv\u00e1n Velasco agradeci\u00f3 la asistencia de los espectadores y de los solistas de la Facultad de M\u00fasica, instituci\u00f3n con la que esperan mantener la vinculaci\u00f3n a trav\u00e9s del arte musical.<\/p>\n<p class=\"p3\"><b>M\u00fasica mexicana ha traspasado la barrera del idioma<br \/>\n<\/b>En la pl\u00e1tica previa, Alfonso Colorado expres\u00f3 la singularidad y diversidad del canon ranchero, pues no requiere \u00fanicamente del mariachi o del atuendo que lo caracteriza, \u201cse han involucrado otros g\u00e9neros, eso ocurre cuando un producto se vuelve cultural, hegem\u00f3nico a nivel internacional y empieza a mutar, a transformarse y a adoptar nuevas formas, a ser global\u201d.<\/p>\n<p class=\"p3\">Dijo que el canon es un conjunto de obras conocidas que se tocan normalmente, con un alto prestigio, son ampliamente difundidas y conforman la base de lo que se considera la visi\u00f3n hist\u00f3rica de un g\u00e9nero para estudiarlo y conocerlo.<\/p>\n<p class=\"p3\">Destac\u00f3 que figuras relacionadas con este g\u00e9nero traspasaron la barrera del idioma, presentaron su repertorio y fueron ovacionadas en escenarios de otros continentes.<\/p>\n<div id=\"attachment_114213\" style=\"width: 732px\" class=\"wp-caption aligncenter\"><img aria-describedby=\"caption-attachment-114213\" decoding=\"async\" loading=\"lazy\" class=\"size-full wp-image-114213\" src=\"https:\/\/www.uv.mx\/prensa\/files\/2022\/04\/260422-MARIACHI-UNIVERSITARIO-4-100k.jpg\" alt=\"Alfonso Colorado Hern\u00e1ndez, director general de Difusi\u00f3n Cultural, ofreci\u00f3 una charla al p\u00fablico sobre el canon ranchero\" width=\"722\" height=\"481\" srcset=\"https:\/\/www.uv.mx\/prensa\/files\/2022\/04\/260422-MARIACHI-UNIVERSITARIO-4-100k.jpg 722w, https:\/\/www.uv.mx\/prensa\/files\/2022\/04\/260422-MARIACHI-UNIVERSITARIO-4-100k-300x200.jpg 300w\" sizes=\"(max-width: 722px) 100vw, 722px\" \/><p id=\"caption-attachment-114213\" class=\"wp-caption-text\">Alfonso Colorado Hern\u00e1ndez, director general de Difusi\u00f3n Cultural, ofreci\u00f3 una charla al p\u00fablico sobre el canon ranchero<\/p><\/div>\n<p>&nbsp;<\/p>\n<p class=\"p3\">Lo anterior da una idea de la enorme repercusi\u00f3n, importancia y<span class=\"Apple-converted-space\">\u00a0 <\/span>car\u00e1cter de mitos que tienen esas figuras, canciones, piezas, g\u00e9nero, corriente art\u00edstica y cultural.<\/p>\n<p class=\"p3\">Tambi\u00e9n, destac\u00f3 la renovaci\u00f3n generacional en cuanto al gusto por la m\u00fasica del mariachi, \u201ceso es muy importante, no s\u00f3lo es hist\u00f3rico o un prestigio de hace d\u00e9cadas\u201d.<\/p>\n<p class=\"p3\">En ese contexto, mencion\u00f3 los inicios de la m\u00fasica mexicana en los a\u00f1os veinte, en el contexto de la Revoluci\u00f3n Mexicana y, posteriormente, en el cine nacional.<\/p>\n","protected":false},"excerpt":{"rendered":"<p>Bajo la direcci\u00f3n de Jorge Iv\u00e1n Velasco, la agrupaci\u00f3n comparti\u00f3 el escenario con cantantes invitados, todos ellos estudiantes de la Facultad de M\u00fasica y del Centro de Iniciaci\u00f3n Musical Infantil (CIMI).<\/p>\n","protected":false},"author":1775,"featured_media":114210,"comment_status":"closed","ping_status":"closed","sticky":false,"template":"","format":"standard","meta":[],"categories":[11],"tags":[681,4060,203,4163,895,743,1442,730,7259,2247,7258],"_links":{"self":[{"href":"https:\/\/www.uv.mx\/prensa\/wp-json\/wp\/v2\/posts\/114209"}],"collection":[{"href":"https:\/\/www.uv.mx\/prensa\/wp-json\/wp\/v2\/posts"}],"about":[{"href":"https:\/\/www.uv.mx\/prensa\/wp-json\/wp\/v2\/types\/post"}],"author":[{"embeddable":true,"href":"https:\/\/www.uv.mx\/prensa\/wp-json\/wp\/v2\/users\/1775"}],"replies":[{"embeddable":true,"href":"https:\/\/www.uv.mx\/prensa\/wp-json\/wp\/v2\/comments?post=114209"}],"version-history":[{"count":1,"href":"https:\/\/www.uv.mx\/prensa\/wp-json\/wp\/v2\/posts\/114209\/revisions"}],"predecessor-version":[{"id":114273,"href":"https:\/\/www.uv.mx\/prensa\/wp-json\/wp\/v2\/posts\/114209\/revisions\/114273"}],"wp:featuredmedia":[{"embeddable":true,"href":"https:\/\/www.uv.mx\/prensa\/wp-json\/wp\/v2\/media\/114210"}],"wp:attachment":[{"href":"https:\/\/www.uv.mx\/prensa\/wp-json\/wp\/v2\/media?parent=114209"}],"wp:term":[{"taxonomy":"category","embeddable":true,"href":"https:\/\/www.uv.mx\/prensa\/wp-json\/wp\/v2\/categories?post=114209"},{"taxonomy":"post_tag","embeddable":true,"href":"https:\/\/www.uv.mx\/prensa\/wp-json\/wp\/v2\/tags?post=114209"}],"curies":[{"name":"wp","href":"https:\/\/api.w.org\/{rel}","templated":true}]}}