{"id":114435,"date":"2022-05-01T08:00:43","date_gmt":"2022-05-01T13:00:43","guid":{"rendered":"https:\/\/www.uv.mx\/prensa\/?p=114435"},"modified":"2022-05-03T11:11:26","modified_gmt":"2022-05-03T16:11:26","slug":"estudiante-uv-destaco-en-el-premio-citibanamex-atanasio-g-saravia","status":"publish","type":"post","link":"https:\/\/www.uv.mx\/prensa\/banner\/estudiante-uv-destaco-en-el-premio-citibanamex-atanasio-g-saravia\/","title":{"rendered":"Estudiante UV destac\u00f3 en el Premio <em>Citibanamex<\/em> \u201cAtanasio G. Saravia\u201d"},"content":{"rendered":"<ul class=\"ul1\">\n<li class=\"li1\"><i>Con la tesis para obtener el grado de Licenciado en Historia: \u201cPor la noble causa del campesino organizado. La formaci\u00f3n del ejido Allende, Papantla, Veracruz, 1900-1970\u201d<\/i><\/li>\n<li class=\"li1\"><i>A la fecha, estudia la Maestr\u00eda en Historia Contempor\u00e1nea, tambi\u00e9n en la Facultad de Historia<\/i><\/li>\n<\/ul>\n<p>&nbsp;<\/p>\n<div id=\"attachment_114437\" style=\"width: 732px\" class=\"wp-caption aligncenter\"><img aria-describedby=\"caption-attachment-114437\" decoding=\"async\" loading=\"lazy\" class=\"size-full wp-image-114437\" src=\"https:\/\/www.uv.mx\/prensa\/files\/2022\/04\/290422-KARINA-Brehnis-Daniel-Xochihua-1-100k.jpg\" alt=\"\u201cEs una responsabilidad social y un agradecimiento a los campesinos que han hecho la historia\u201d\" width=\"722\" height=\"542\" srcset=\"https:\/\/www.uv.mx\/prensa\/files\/2022\/04\/290422-KARINA-Brehnis-Daniel-Xochihua-1-100k.jpg 722w, https:\/\/www.uv.mx\/prensa\/files\/2022\/04\/290422-KARINA-Brehnis-Daniel-Xochihua-1-100k-300x225.jpg 300w\" sizes=\"(max-width: 722px) 100vw, 722px\" \/><p id=\"caption-attachment-114437\" class=\"wp-caption-text\">\u201cEs una responsabilidad social y un agradecimiento a los campesinos que han hecho la historia\u201d<\/p><\/div>\n<p>&nbsp;<\/p>\n<p class=\"p1\"><b><i>Karina de la Paz Reyes D\u00edaz<\/i><\/b><\/p>\n<p class=\"p1\"><b><i>Fotos: Cortes\u00eda de Brehnis Daniel Xochihua<\/i><\/b><\/p>\n<p class=\"p1\"><b><i>02\/05\/2022, Xalapa, Ver.-<\/i><\/b> Brehnis Daniel Xochihua Garc\u00eda siempre tuvo la inquietud de conocer sus or\u00edgenes familiares y de la comunidad en la que naci\u00f3. El ingreso a la <a href=\"https:\/\/www.uv.mx\/historia\/\" target=\"_blank\" rel=\"noopener\">Facultad de Historia<\/a> de la Universidad Veracruzana (UV) le ha mostrado c\u00f3mo lograrlo y su tesis de licenciatura no s\u00f3lo le permiti\u00f3 saber de qu\u00e9 manera se conform\u00f3 el ejido en el que creci\u00f3, sino hacerse acreedor a una menci\u00f3n honor\u00edfica en el Premio \u201cAtanasio G. Saravia\u201d, uno de los m\u00e1s importantes del \u00e1rea de historia a nivel nacional.<\/p>\n<p class=\"p3\">El 26 de abril se entreg\u00f3 el XIX Premio <i>Citibanamex<\/i> \u201cAtanasio G. Saravia\u201d de Historia Regional Mexicana 2020-2021 y en esta edici\u00f3n se otorgaron cinco distinciones, 12 menciones honor\u00edficas y dos reconocimientos especiales.<\/p>\n<p class=\"p3\">Brehnis Daniel Xochihua recibi\u00f3 menci\u00f3n honor\u00edfica en la categor\u00eda Tesis de Licenciatura, con el trabajo titulado \u201cPor la noble causa del campesino organizado. La formaci\u00f3n del ejido Allende, Papantla, Veracruz, 1900-1970\u201d.<\/p>\n<p class=\"p3\">Al respecto, el hoy estudiante de la Maestr\u00eda en Historia Contempor\u00e1nea, posgrado tambi\u00e9n adscrito a la Facultad de Historia de la UV, comparti\u00f3: \u201cEstoy muy contento. Principalmente, es una responsabilidad social y un agradecimiento a los campesinos que han hecho la historia que yo estoy cont\u00e1ndoles. Estoy haciendo difusi\u00f3n del trabajo para que conozcan su historia, aporten, haya un di\u00e1logo\u201d.<\/p>\n<p class=\"p3\">El prop\u00f3sito del certamen bienal \u2013se lee en las bases de la convocatoria\u2013 \u201ces contribuir al reconocimiento de quienes se dedican al estudio de la historia regional mexicana y a fomentar la investigaci\u00f3n sobre temas referidos al particular\u201d.<\/p>\n<p class=\"p3\">En el caso del estudiante de la UV, investig\u00f3 siete d\u00e9cadas del siglo XX sobre el origen y desarrollo del ejido Allende, ubicado en el municipio de Papantla. La tesis fue dirigida por el acad\u00e9mico de la Facultad de Historia y coordinador de la Maestr\u00eda en Historia Contempor\u00e1nea, Hubonor Ayala Flores.<\/p>\n<div id=\"attachment_114438\" style=\"width: 732px\" class=\"wp-caption aligncenter\"><img aria-describedby=\"caption-attachment-114438\" decoding=\"async\" loading=\"lazy\" class=\"size-full wp-image-114438\" src=\"https:\/\/www.uv.mx\/prensa\/files\/2022\/04\/290422-KARINA-Brehnis-Daniel-Xochihua-2-100k.jpg\" alt=\"Su tesis pone en evidencia c\u00f3mo una poblaci\u00f3n pas\u00f3 de ser arrendataria a conformar el ejido Allende, que se aprecia en la imagen\" width=\"722\" height=\"481\" srcset=\"https:\/\/www.uv.mx\/prensa\/files\/2022\/04\/290422-KARINA-Brehnis-Daniel-Xochihua-2-100k.jpg 722w, https:\/\/www.uv.mx\/prensa\/files\/2022\/04\/290422-KARINA-Brehnis-Daniel-Xochihua-2-100k-300x200.jpg 300w\" sizes=\"(max-width: 722px) 100vw, 722px\" \/><p id=\"caption-attachment-114438\" class=\"wp-caption-text\">Su tesis evidencia c\u00f3mo una poblaci\u00f3n pas\u00f3 de ser arrendataria a conformar el ejido Allende, que se aprecia en la imagen<\/p><\/div>\n<p>&nbsp;<\/p>\n<p class=\"p3\">En el documento cita desde los antecedentes del ejido y llega hasta las nuevas generaciones y orden parcelario (1850-1990). Incluso, el quinto y \u00faltimo cap\u00edtulo recoge pasajes de la vida cotidiana, correspondiente al periodo 1935-1970.<\/p>\n<p class=\"p3\">A decir de Brehnis Daniel Xochihua, se trata de la historia de una comunidad \u201cpeque\u00f1ita\u201d \u2013con alrededor de mil habitantes, actualmente\u2013 y su impacto en la regi\u00f3n; as\u00ed como a la inversa, lo que pasaba en \u00e9sta y c\u00f3mo repercuti\u00f3 en la fundaci\u00f3n de aqu\u00e9lla.<\/p>\n<p class=\"p3\">Tambi\u00e9n, continu\u00f3, el documento pone en evidencia c\u00f3mo una poblaci\u00f3n pas\u00f3 de ser arrendataria de la entonces Hacienda San Miguel del Rinc\u00f3n (o Joloapan) a ejidataria de una parte del mismo lugar; y que pese a las diferencias culturales \u2013pues las familias proven\u00edan de distintas geograf\u00edas y grupos culturales\u2013 tuvieron en com\u00fan el inter\u00e9s por la tierra.<\/p>\n<p class=\"p3\">Incluso, expone las din\u00e1micas agropecuarias que ha experimentado ese ejido: la milpa, el potrero y el naranjal, que es el cultivo predominante en la actualidad.<\/p>\n<p class=\"p1\"><b>Un archivo, un patrimonio cultural<br \/>\n<\/b>El lugar no fue elegido al azar pues Brehnis Daniel Xochihua Garc\u00eda es originario de esa comunidad, cuyos tatarabuelos, tatarabuelas y otras familias contribuyeron a fundar a principios del siglo pasado.<\/p>\n<p class=\"p3\">\u201cEl aporte que puedo resaltar de mi trabajo es la consulta de fuentes del Archivo del Comisariado Ejidal de Allende \u2013que no es municipal ni oficial\u2013 y la historia oral, las vivencias de los mismos pobladores que est\u00e1n plasmadas en el texto\u201d, destac\u00f3 en la entrevista el tambi\u00e9n m\u00fasico tradicional.<\/p>\n<p class=\"p3\">Es decir, varias fueron las fuentes de informaci\u00f3n para el desarrollo de esta tesis, como la Mapoteca \u201cManuel Orozco y Berra\u201d, el Archivo General del Estado de Veracruz, incluso el Archivo General de la Naci\u00f3n, pero el historiador en ciernes tuvo como principal fuente el archivo citado l\u00edneas arriba, mismo que la propia comunidad integr\u00f3 y para su resguardo ha pasado de mano en mano al comisariado ejidal en turno.<\/p>\n<div id=\"attachment_114444\" style=\"width: 732px\" class=\"wp-caption aligncenter\"><img aria-describedby=\"caption-attachment-114444\" decoding=\"async\" loading=\"lazy\" class=\"size-full wp-image-114444\" src=\"https:\/\/www.uv.mx\/prensa\/files\/2022\/04\/290422-KARINA-Brehnis-Daniel-Xochihua-3a-100k.jpg\" alt=\"La principal fuente de informaci\u00f3n del universitario fue el archivo que la propia comunidad integr\u00f3 y ha conservado\" width=\"722\" height=\"345\" srcset=\"https:\/\/www.uv.mx\/prensa\/files\/2022\/04\/290422-KARINA-Brehnis-Daniel-Xochihua-3a-100k.jpg 722w, https:\/\/www.uv.mx\/prensa\/files\/2022\/04\/290422-KARINA-Brehnis-Daniel-Xochihua-3a-100k-300x143.jpg 300w\" sizes=\"(max-width: 722px) 100vw, 722px\" \/><p id=\"caption-attachment-114444\" class=\"wp-caption-text\">La principal fuente de informaci\u00f3n del universitario fue el archivo que la propia comunidad integr\u00f3 y ha conservado<\/p><\/div>\n<p>&nbsp;<\/p>\n<p class=\"p3\">Se trata de la documentaci\u00f3n que da cuenta de las labores de gesti\u00f3n de esa comunidad ante las autoridades competentes, para obtener el certificado ejidal.<\/p>\n<p class=\"p3\">Consiste en m\u00e1s de cinco mil documentos, entre oficios, solicitudes, resoluciones, denuncias, recibos de pago y m\u00e1s, que eran guardadas en maletas de viaje. Jos\u00e9 Melito L\u00f3pez, comisariado ejidal en el tiempo que Brehnis Daniel Xochihua realizaba su tesis, le permiti\u00f3 al universitario consultarlo, ordenarlo, catalogarlo y digitalizarlo.<\/p>\n<p class=\"p3\">Incluso, autoridades ejidales y Brehnis Daniel Xochihua le asignaron un nombre: Archivo Hist\u00f3rico del Comisariado Ejidal de Ignacio Allende, Papantla.<\/p>\n<p class=\"p3\">\u201cCon tal actividad, fui concibiendo la idea de realizar la tesis de licenciatura con base en informaci\u00f3n de este archivo\u201d, narra en su documento recepcional.<\/p>\n<p class=\"p1\">En sus conclusiones, el universitario destaca que hacen falta m\u00e1s estudios hist\u00f3rico-sociales sobre la comunidad Allende, espec\u00edficamente de las \u00faltimas cuatro d\u00e9cadas, cuando el agotamiento del sistema ejidal y la migraci\u00f3n al norte del pa\u00eds o a los Estados Unidos han marcado y cambiado los patrones de vida de esa comunidad campesina.<\/p>\n<p class=\"p1\">En su investigaci\u00f3n de posgrado el universitario da continuidad al tema, pero en t\u00e9rminos m\u00e1s regionales, sobre la entonces Hacienda San Miguel del Rinc\u00f3n.<\/p>\n","protected":false},"excerpt":{"rendered":"<p>Brehnis Daniel Xochihua recibi\u00f3 menci\u00f3n honor\u00edfica en la categor\u00eda Tesis de Licenciatura, con: \u201cPor la noble causa del campesino organizado. La formaci\u00f3n del ejido Allende, Papantla, Veracruz, 1900-1970\u201d<\/p>\n","protected":false},"author":1775,"featured_media":114441,"comment_status":"closed","ping_status":"closed","sticky":false,"template":"","format":"standard","meta":[],"categories":[61],"tags":[7305,7303,7304,247,7307,4015,777,5354,721,7306],"_links":{"self":[{"href":"https:\/\/www.uv.mx\/prensa\/wp-json\/wp\/v2\/posts\/114435"}],"collection":[{"href":"https:\/\/www.uv.mx\/prensa\/wp-json\/wp\/v2\/posts"}],"about":[{"href":"https:\/\/www.uv.mx\/prensa\/wp-json\/wp\/v2\/types\/post"}],"author":[{"embeddable":true,"href":"https:\/\/www.uv.mx\/prensa\/wp-json\/wp\/v2\/users\/1775"}],"replies":[{"embeddable":true,"href":"https:\/\/www.uv.mx\/prensa\/wp-json\/wp\/v2\/comments?post=114435"}],"version-history":[{"count":1,"href":"https:\/\/www.uv.mx\/prensa\/wp-json\/wp\/v2\/posts\/114435\/revisions"}],"predecessor-version":[{"id":114612,"href":"https:\/\/www.uv.mx\/prensa\/wp-json\/wp\/v2\/posts\/114435\/revisions\/114612"}],"wp:featuredmedia":[{"embeddable":true,"href":"https:\/\/www.uv.mx\/prensa\/wp-json\/wp\/v2\/media\/114441"}],"wp:attachment":[{"href":"https:\/\/www.uv.mx\/prensa\/wp-json\/wp\/v2\/media?parent=114435"}],"wp:term":[{"taxonomy":"category","embeddable":true,"href":"https:\/\/www.uv.mx\/prensa\/wp-json\/wp\/v2\/categories?post=114435"},{"taxonomy":"post_tag","embeddable":true,"href":"https:\/\/www.uv.mx\/prensa\/wp-json\/wp\/v2\/tags?post=114435"}],"curies":[{"name":"wp","href":"https:\/\/api.w.org\/{rel}","templated":true}]}}