{"id":114601,"date":"2022-05-02T22:27:01","date_gmt":"2022-05-03T03:27:01","guid":{"rendered":"https:\/\/www.uv.mx\/prensa\/?p=114601"},"modified":"2022-05-03T14:20:35","modified_gmt":"2022-05-03T19:20:35","slug":"el-municipio-de-agua-dulce-dono-terreno-a-la-uv","status":"publish","type":"post","link":"https:\/\/www.uv.mx\/prensa\/banner\/el-municipio-de-agua-dulce-dono-terreno-a-la-uv\/","title":{"rendered":"El municipio de Agua Dulce don\u00f3 terreno a la UV"},"content":{"rendered":"<p><a href=\"https:\/\/www.uv.mx\/comunicacionuv\/files\/2022\/05\/Fotonota-02052022-El-municipio-de-Agua-Dulce-dono\u0301-terreno-a-la-UV.pdf\" target=\"_blank\" rel=\"noopener\"><img decoding=\"async\" loading=\"lazy\" class=\"size-full wp-image-114602 aligncenter\" src=\"https:\/\/www.uv.mx\/prensa\/files\/2022\/05\/Fotonota-02052022-El-municipio-de-Agua-Dulce-dono\u0301-terreno-a-la-UV.jpg\" alt=\"\" width=\"1200\" height=\"1200\" srcset=\"https:\/\/www.uv.mx\/prensa\/files\/2022\/05\/Fotonota-02052022-El-municipio-de-Agua-Dulce-dono\u0301-terreno-a-la-UV.jpg 1200w, https:\/\/www.uv.mx\/prensa\/files\/2022\/05\/Fotonota-02052022-El-municipio-de-Agua-Dulce-dono\u0301-terreno-a-la-UV-300x300.jpg 300w, https:\/\/www.uv.mx\/prensa\/files\/2022\/05\/Fotonota-02052022-El-municipio-de-Agua-Dulce-dono\u0301-terreno-a-la-UV-1024x1024.jpg 1024w, https:\/\/www.uv.mx\/prensa\/files\/2022\/05\/Fotonota-02052022-El-municipio-de-Agua-Dulce-dono\u0301-terreno-a-la-UV-150x150.jpg 150w, https:\/\/www.uv.mx\/prensa\/files\/2022\/05\/Fotonota-02052022-El-municipio-de-Agua-Dulce-dono\u0301-terreno-a-la-UV-768x768.jpg 768w, https:\/\/www.uv.mx\/prensa\/files\/2022\/05\/Fotonota-02052022-El-municipio-de-Agua-Dulce-dono\u0301-terreno-a-la-UV-120x120.jpg 120w, https:\/\/www.uv.mx\/prensa\/files\/2022\/05\/Fotonota-02052022-El-municipio-de-Agua-Dulce-dono\u0301-terreno-a-la-UV-360x360.jpg 360w\" sizes=\"(max-width: 1200px) 100vw, 1200px\" \/><\/a><\/p>\n","protected":false},"excerpt":{"rendered":"<p>El Congreso del Estado autoriz\u00f3 al ayuntamiento de Agua Dulce la donaci\u00f3n de una fracci\u00f3n de terreno con una extensi\u00f3n de 17,729.20 metros cuadrados, con 846.50 metros cuadrados de construcci\u00f3n, ubicados en la colonia Miguel Hidalgo de la cabecera municipal, a favor de la Universidad Veracruzana, para la instalaci\u00f3n y funcionamiento de un <i>campus<\/i> en ese municipio.<\/p>\n","protected":false},"author":1775,"featured_media":114603,"comment_status":"closed","ping_status":"closed","sticky":false,"template":"","format":"standard","meta":[],"categories":[6596,61],"tags":[7339,1051,7338,6237,7340],"_links":{"self":[{"href":"https:\/\/www.uv.mx\/prensa\/wp-json\/wp\/v2\/posts\/114601"}],"collection":[{"href":"https:\/\/www.uv.mx\/prensa\/wp-json\/wp\/v2\/posts"}],"about":[{"href":"https:\/\/www.uv.mx\/prensa\/wp-json\/wp\/v2\/types\/post"}],"author":[{"embeddable":true,"href":"https:\/\/www.uv.mx\/prensa\/wp-json\/wp\/v2\/users\/1775"}],"replies":[{"embeddable":true,"href":"https:\/\/www.uv.mx\/prensa\/wp-json\/wp\/v2\/comments?post=114601"}],"version-history":[{"count":1,"href":"https:\/\/www.uv.mx\/prensa\/wp-json\/wp\/v2\/posts\/114601\/revisions"}],"predecessor-version":[{"id":114674,"href":"https:\/\/www.uv.mx\/prensa\/wp-json\/wp\/v2\/posts\/114601\/revisions\/114674"}],"wp:featuredmedia":[{"embeddable":true,"href":"https:\/\/www.uv.mx\/prensa\/wp-json\/wp\/v2\/media\/114603"}],"wp:attachment":[{"href":"https:\/\/www.uv.mx\/prensa\/wp-json\/wp\/v2\/media?parent=114601"}],"wp:term":[{"taxonomy":"category","embeddable":true,"href":"https:\/\/www.uv.mx\/prensa\/wp-json\/wp\/v2\/categories?post=114601"},{"taxonomy":"post_tag","embeddable":true,"href":"https:\/\/www.uv.mx\/prensa\/wp-json\/wp\/v2\/tags?post=114601"}],"curies":[{"name":"wp","href":"https:\/\/api.w.org\/{rel}","templated":true}]}}