{"id":114666,"date":"2022-05-03T14:55:04","date_gmt":"2022-05-03T19:55:04","guid":{"rendered":"https:\/\/www.uv.mx\/prensa\/?p=114666"},"modified":"2022-05-03T14:55:04","modified_gmt":"2022-05-03T19:55:04","slug":"uv-y-coveicydet-fortaleceran-investigacion-y-el-desarrollo-tecnologico","status":"publish","type":"post","link":"https:\/\/www.uv.mx\/prensa\/banner\/uv-y-coveicydet-fortaleceran-investigacion-y-el-desarrollo-tecnologico\/","title":{"rendered":"UV y <i>Coveicydet<\/i> fortalecer\u00e1n investigaci\u00f3n y el desarrollo tecnol\u00f3gico\u00a0"},"content":{"rendered":"<p>&nbsp;<\/p>\n<ul>\n<li data-leveltext=\"\uf0b7\" data-font=\"Symbol\" data-listid=\"2\" data-aria-posinset=\"1\" data-aria-level=\"1\"><i><span data-contrast=\"auto\">El rector Mart\u00edn Aguilar S\u00e1nchez y Darwin Mayorga Cruz, titular del <\/span><\/i><span data-contrast=\"auto\">Coveicydet<\/span><i><span data-contrast=\"auto\">, suscribieron convenio general de colaboraci\u00f3n<\/span><\/i><span data-ccp-props=\"{&quot;201341983&quot;:0,&quot;335559739&quot;:160,&quot;335559740&quot;:240}\">\u00a0<\/span><\/li>\n<li data-leveltext=\"\uf0b7\" data-font=\"Symbol\" data-listid=\"2\" data-aria-posinset=\"2\" data-aria-level=\"1\"><i><span data-contrast=\"auto\">Ambas instancias buscan dise\u00f1ar una red para la intervenci\u00f3n social y la democratizaci\u00f3n del conocimiento<\/span><\/i><span data-ccp-props=\"{&quot;201341983&quot;:0,&quot;335559739&quot;:160,&quot;335559740&quot;:240}\">\u00a0<\/span><\/li>\n<\/ul>\n<p><span data-ccp-props=\"{&quot;201341983&quot;:0,&quot;335559739&quot;:160,&quot;335559740&quot;:240}\">\u00a0<\/span><\/p>\n<div id=\"attachment_114670\" style=\"width: 732px\" class=\"wp-caption aligncenter\"><img aria-describedby=\"caption-attachment-114670\" decoding=\"async\" loading=\"lazy\" class=\"size-full wp-image-114670\" src=\"https:\/\/www.uv.mx\/prensa\/files\/2022\/05\/030522-UV-COVEICYDET-1.jpg\" alt=\"\" width=\"722\" height=\"451\" srcset=\"https:\/\/www.uv.mx\/prensa\/files\/2022\/05\/030522-UV-COVEICYDET-1.jpg 722w, https:\/\/www.uv.mx\/prensa\/files\/2022\/05\/030522-UV-COVEICYDET-1-300x187.jpg 300w, https:\/\/www.uv.mx\/prensa\/files\/2022\/05\/030522-UV-COVEICYDET-1-200x125.jpg 200w\" sizes=\"(max-width: 722px) 100vw, 722px\" \/><p id=\"caption-attachment-114670\" class=\"wp-caption-text\">Mart\u00edn Aguilar S\u00e1nchez y Darwin Mayorga Cruz, tras la firma del convenio general de colaboraci\u00f3n<\/p><\/div>\n<p><span data-ccp-props=\"{&quot;201341983&quot;:0,&quot;335559739&quot;:160,&quot;335559740&quot;:240}\">\u00a0<\/span><\/p>\n<p><b><i><span data-contrast=\"auto\">Claudia Peralta V\u00e1zquez<\/span><\/i><\/b><span data-ccp-props=\"{&quot;201341983&quot;:0,&quot;335559739&quot;:160,&quot;335559740&quot;:240}\">\u00a0<\/span><\/p>\n<p><b><i><span data-contrast=\"auto\">Fotos: Luis Fernando Fern\u00e1ndez Carrillo<\/span><\/i><\/b><span data-ccp-props=\"{&quot;201341983&quot;:0,&quot;335559739&quot;:160,&quot;335559740&quot;:240}\">\u00a0<\/span><\/p>\n<p><b><i><span data-contrast=\"auto\">03\/05\/2022, Xalapa, Ver.- <\/span><\/i><\/b><span data-contrast=\"auto\">La<\/span> <span data-contrast=\"auto\">Universidad Veracruzana (UV) y el Consejo Veracruzano de Investigaci\u00f3n Cient\u00edfica y Desarrollo Tecnol\u00f3gico (<\/span><i><span data-contrast=\"auto\">Coveicydet<\/span><\/i><span data-contrast=\"auto\">) del Gobierno del Estado de Veracruz renovaron la alianza de colaboraci\u00f3n que desde 2019 mantienen, en apoyo de la investigaci\u00f3n cient\u00edfica y el desarrollo tecnol\u00f3gico.<\/span><span data-ccp-props=\"{&quot;201341983&quot;:0,&quot;335559739&quot;:160,&quot;335559740&quot;:240}\">\u00a0<\/span><\/p>\n<p><span data-contrast=\"auto\">El compromiso qued\u00f3 signado en el<\/span><span data-contrast=\"auto\"> convenio general de colaboraci\u00f3n suscrito entre el rector de la UV, Mart\u00edn Aguilar S\u00e1nchez, y el director general del <\/span><i><span data-contrast=\"auto\">Coveicydet<\/span><\/i><span data-contrast=\"auto\">, Darwin Mayorga Cruz, en un acto celebrado este martes en la Sala de Juntas de Rector\u00eda.<\/span><span data-ccp-props=\"{&quot;201341983&quot;:0,&quot;335559739&quot;:160,&quot;335559740&quot;:240}\">\u00a0<\/span><\/p>\n<p><span data-contrast=\"auto\">Por parte de la UV atestiguaron el acuerdo: Elena Rustri\u00e1n Portilla, secretaria Acad\u00e9mica; Marisol Luna Leal, Abogada General; Juan Ortiz Escamilla, director general de Investigaciones; Edgar Gonz\u00e1lez Gaudiano, director general de la Unidad de Estudios de Posgrado, y Norma Trujillo B\u00e1ez, directora general de Comunicaci\u00f3n Universitaria.<\/span><span data-ccp-props=\"{&quot;201341983&quot;:0,&quot;335559739&quot;:160,&quot;335559740&quot;:240}\">\u00a0<\/span><\/p>\n<p><span data-contrast=\"auto\">Luego de la firma del documento, el Rector sostuvo que esta acci\u00f3n dar\u00e1 un renovado impulso a la investigaci\u00f3n cient\u00edfica y al desarrollo tecnol\u00f3gico producido por ambas instituciones, y dise\u00f1ar\u00e1 una red de colaboraci\u00f3n para la intervenci\u00f3n social y la democratizaci\u00f3n del conocimiento.<\/span><span data-ccp-props=\"{&quot;201341983&quot;:0,&quot;335559739&quot;:160,&quot;335559740&quot;:240}\">\u00a0<\/span><\/p>\n<p>&nbsp;<\/p>\n<div id=\"attachment_114671\" style=\"width: 732px\" class=\"wp-caption aligncenter\"><img aria-describedby=\"caption-attachment-114671\" decoding=\"async\" loading=\"lazy\" class=\"size-full wp-image-114671\" src=\"https:\/\/www.uv.mx\/prensa\/files\/2022\/05\/030522-UV-COVEICYDET-2.jpg\" alt=\"\" width=\"722\" height=\"346\" srcset=\"https:\/\/www.uv.mx\/prensa\/files\/2022\/05\/030522-UV-COVEICYDET-2.jpg 722w, https:\/\/www.uv.mx\/prensa\/files\/2022\/05\/030522-UV-COVEICYDET-2-300x144.jpg 300w\" sizes=\"(max-width: 722px) 100vw, 722px\" \/><p id=\"caption-attachment-114671\" class=\"wp-caption-text\">Autoridades de la UV y del <em>Coveicydet<\/em> celebraron la renovaci\u00f3n de su alianza en materia de desarrollo cient\u00edfico y tecnol\u00f3gico<\/p><\/div>\n<p>&nbsp;<\/p>\n<p><span data-contrast=\"auto\">Se trata de generar sinergias basadas en pr\u00e1cticas y relaciones reticulares que estimulen la emergencia de una morfolog\u00eda cient\u00edfica y tecnol\u00f3gica m\u00e1s abierta, horizontal y distribuidora de lo que ha venido siendo lo habitual, dijo Aguilar S\u00e1nchez.<\/span><span data-ccp-props=\"{&quot;201341983&quot;:0,&quot;335559739&quot;:160,&quot;335559740&quot;:240}\">\u00a0<\/span><\/p>\n<p><span data-contrast=\"auto\">Confi\u00f3, adem\u00e1s, en que a partir de este convenio se logre articular un proyecto de investigaci\u00f3n y de innovaci\u00f3n tecnol\u00f3gica de gran alcance, ambicioso y diverso, apuntalado por las nuevas pr\u00e1cticas de expresi\u00f3n, de escritura y de creaci\u00f3n que emergen de las aulas de las facultades, institutos y centros de investigaci\u00f3n de esta casa de estudios.<\/span><span data-ccp-props=\"{&quot;201341983&quot;:0,&quot;335559739&quot;:160,&quot;335559740&quot;:240}\">\u00a0<\/span><\/p>\n<p><span data-contrast=\"auto\">Tambi\u00e9n subray\u00f3 que la evoluci\u00f3n del estado de Veracruz en las \u00faltimas d\u00e9cadas y su creciente expansi\u00f3n en casi todas las esferas de la vida, tanto social, econ\u00f3micas, pol\u00edticas y culturales, han puesto a la investigaci\u00f3n en un primer plano del debate contempor\u00e1neo.<\/span><span data-ccp-props=\"{&quot;201341983&quot;:0,&quot;335559739&quot;:160,&quot;335559740&quot;:240}\">\u00a0<\/span><\/p>\n<p><span data-contrast=\"auto\">De ah\u00ed el impulso y apoyo a la producci\u00f3n cient\u00edfica, las relaciones de proximidad entre la comunidad cient\u00edfica veracruzana, de asociaci\u00f3n entre la investigaci\u00f3n y la toma de decisiones, de presencia e impacto social en el que se insertan las academias y las instituciones del saber.<\/span><span data-ccp-props=\"{&quot;201341983&quot;:0,&quot;335559739&quot;:160,&quot;335559740&quot;:240}\">\u00a0<\/span><\/p>\n<p>&nbsp;<\/p>\n<div id=\"attachment_114672\" style=\"width: 732px\" class=\"wp-caption aligncenter\"><img aria-describedby=\"caption-attachment-114672\" decoding=\"async\" loading=\"lazy\" class=\"size-full wp-image-114672\" src=\"https:\/\/www.uv.mx\/prensa\/files\/2022\/05\/030522-UV-COVEICYDET-3.jpg\" alt=\"\" width=\"722\" height=\"482\" srcset=\"https:\/\/www.uv.mx\/prensa\/files\/2022\/05\/030522-UV-COVEICYDET-3.jpg 722w, https:\/\/www.uv.mx\/prensa\/files\/2022\/05\/030522-UV-COVEICYDET-3-300x200.jpg 300w\" sizes=\"(max-width: 722px) 100vw, 722px\" \/><p id=\"caption-attachment-114672\" class=\"wp-caption-text\">El Rector de la UV confi\u00f3 en la articulaci\u00f3n de un proyecto de investigaci\u00f3n y de innovaci\u00f3n tecnol\u00f3gica entre ambas instancias<\/p><\/div>\n<p>&nbsp;<\/p>\n<p><span data-contrast=\"auto\">Sin embargo, al preguntar que si de todo lo anterior se saca el mejor provecho de la investigaci\u00f3n y la tecnolog\u00eda para beneficio de los habitantes del estado de Veracruz, Mart\u00edn Aguilar afirm\u00f3 categ\u00f3ricamente que este acuerdo tiene toda la intenci\u00f3n de hacerlo.<\/span><span data-ccp-props=\"{&quot;201341983&quot;:0,&quot;335559739&quot;:160,&quot;335559740&quot;:240}\">\u00a0<\/span><\/p>\n<p><span data-contrast=\"auto\">Por su parte, Darwin Mayorga record\u00f3 que en 2019 la UV y el <\/span><i><span data-contrast=\"auto\">Coveicydet<\/span><\/i><span data-contrast=\"auto\"> suscribieron un primer convenio general de colaboraci\u00f3n para fomentar la generaci\u00f3n de apoyos acad\u00e9micos y destinar recursos financieros a la comunidad universitaria, buscando el fortalecimiento de las capacidades de los estudiantes, el desarrollo y maduraci\u00f3n tecnol\u00f3gica de los proyectos realizados por investigadores.<\/span><span data-ccp-props=\"{&quot;201341983&quot;:0,&quot;335559731&quot;:708,&quot;335559739&quot;:160,&quot;335559740&quot;:240}\">\u00a0<\/span><\/p>\n<p><span data-contrast=\"auto\">\u201cHoy, este nuevo convenio da fe de la continuidad de nuestro esp\u00edritu solidario y del rec\u00edproco apoyo en diversas tem\u00e1ticas; refrendamos nuestro compromiso para la consecuci\u00f3n de los mutuos objetivos y metas en beneficio de la educaci\u00f3n, la investigaci\u00f3n cient\u00edfica, el desarrollo tecnol\u00f3gico y la innovaci\u00f3n en el estado de Veracruz.\u201d<\/span><span data-ccp-props=\"{&quot;201341983&quot;:0,&quot;335559739&quot;:160,&quot;335559740&quot;:240}\">\u00a0<\/span><\/p>\n<p><span data-contrast=\"auto\">Entre los objetivos del mismo sobresalen las bases generales de las relaciones de colaboraci\u00f3n entre ambos organismos respecto al fomento, impulso, coordinaci\u00f3n y apoyo de las acciones institucionales de docencia, investigaci\u00f3n cient\u00edfica, desarrollo tecnol\u00f3gico, innovaci\u00f3n, transferencia de tecnolog\u00eda y registro de patentes.<\/span><span data-ccp-props=\"{&quot;201341983&quot;:0,&quot;335559731&quot;:708,&quot;335559739&quot;:160,&quot;335559740&quot;:240}\">\u00a0<\/span><\/p>\n<p>&nbsp;<\/p>\n<div id=\"attachment_114673\" style=\"width: 732px\" class=\"wp-caption aligncenter\"><img aria-describedby=\"caption-attachment-114673\" decoding=\"async\" loading=\"lazy\" class=\"size-full wp-image-114673\" src=\"https:\/\/www.uv.mx\/prensa\/files\/2022\/05\/030522-UV-COVEICYDET-4.jpg\" alt=\"\" width=\"722\" height=\"482\" srcset=\"https:\/\/www.uv.mx\/prensa\/files\/2022\/05\/030522-UV-COVEICYDET-4.jpg 722w, https:\/\/www.uv.mx\/prensa\/files\/2022\/05\/030522-UV-COVEICYDET-4-300x200.jpg 300w\" sizes=\"(max-width: 722px) 100vw, 722px\" \/><p id=\"caption-attachment-114673\" class=\"wp-caption-text\">El acto de la firma del acuerdo reuni\u00f3 a autoridades de la UV y del <em>Coveicydet<\/em> en la Sala de Juntas de Rector\u00eda<\/p><\/div>\n<p>&nbsp;<\/p>\n<p><span data-contrast=\"auto\">Adem\u00e1s, de difusi\u00f3n y extensi\u00f3n de la cultura, servicio social, proyectos productivos e intercambio administrativo, contrataci\u00f3n de servicios, consultor\u00edas, programas conjuntos de formaci\u00f3n, actualizaci\u00f3n de personal y estudiantes, y asesor\u00edas espec\u00edficas para el mejoramiento de las \u00e1reas prioritarias que competen a la UV y al <\/span><i><span data-contrast=\"auto\">Coveicydet<\/span><\/i><span data-contrast=\"auto\">.<\/span><span data-ccp-props=\"{&quot;201341983&quot;:0,&quot;335559731&quot;:708,&quot;335559739&quot;:160,&quot;335559740&quot;:240}\">\u00a0<\/span><\/p>\n<p><span data-contrast=\"auto\">\u201cLos que suscribimos este convenio tenemos la convicci\u00f3n de seguir trabajando codo a codo y comprometidos con la pol\u00edtica de justicia social y derecho universal a la educaci\u00f3n, impulsada por los gobiernos federal y estatal\u201d, puntualiz\u00f3.<\/span><span data-ccp-props=\"{&quot;201341983&quot;:0,&quot;335559731&quot;:708,&quot;335559739&quot;:160,&quot;335559740&quot;:240}\">\u00a0<\/span><\/p>\n<p><span data-contrast=\"auto\">En tanto, Juan Ortiz celebr\u00f3 esta nueva etapa de colaboraci\u00f3n entre ambas instancias, despu\u00e9s de dos administraciones estatales para las que la investigaci\u00f3n cient\u00edfica no fue una prioridad que coadyuvara en la soluci\u00f3n de los problemas de la entidad.<\/span><span data-ccp-props=\"{&quot;201341983&quot;:0,&quot;335559731&quot;:708,&quot;335559739&quot;:160,&quot;335559740&quot;:240}\">\u00a0<\/span><\/p>\n<p><span data-contrast=\"auto\">\u201cLos complejos problemas del estado no son de f\u00e1cil soluci\u00f3n y requieren de la intervenci\u00f3n de actores de diversa \u00edndole como: los tres niveles de gobierno, la sociedad civil, las universidades como la UV, para la realizaci\u00f3n de proyectos de investigaci\u00f3n inter, multi y transdisciplinaria.\u201d<\/span><span data-ccp-props=\"{&quot;201341983&quot;:0,&quot;335559739&quot;:160,&quot;335559740&quot;:240}\">\u00a0<\/span><\/p>\n<p>&nbsp;<\/p>\n<div id=\"attachment_114668\" style=\"width: 732px\" class=\"wp-caption aligncenter\"><img aria-describedby=\"caption-attachment-114668\" decoding=\"async\" loading=\"lazy\" class=\"size-full wp-image-114668\" src=\"https:\/\/www.uv.mx\/prensa\/files\/2022\/05\/030522-UV-COVEICYDET-5.jpg\" alt=\"\" width=\"722\" height=\"482\" srcset=\"https:\/\/www.uv.mx\/prensa\/files\/2022\/05\/030522-UV-COVEICYDET-5.jpg 722w, https:\/\/www.uv.mx\/prensa\/files\/2022\/05\/030522-UV-COVEICYDET-5-300x200.jpg 300w\" sizes=\"(max-width: 722px) 100vw, 722px\" \/><p id=\"caption-attachment-114668\" class=\"wp-caption-text\">Darwin Mayorga Cruz, director general del <em>Coveicydet<\/em><\/p><\/div>\n<p>&nbsp;<\/p>\n<p><span data-contrast=\"auto\">Asegur\u00f3 que la Universidad no es ajena en el abordaje de este tipo de problem\u00e1ticas, pues ya lo ha hecho con anterioridad.<\/span><span data-ccp-props=\"{&quot;201341983&quot;:0,&quot;335559739&quot;:160,&quot;335559740&quot;:240}\">\u00a0<\/span><\/p>\n<p><span data-contrast=\"auto\">\u201cLa UV, en su car\u00e1cter de universidad p\u00fablica, tiene y est\u00e1 en condiciones de asumir el reto que demanda la humanidad en general y los veracruzanos en lo particular.\u201d<\/span><span data-ccp-props=\"{&quot;201341983&quot;:0,&quot;335559731&quot;:708,&quot;335559739&quot;:160,&quot;335559740&quot;:240}\">\u00a0<\/span><\/p>\n<p><span data-contrast=\"auto\">Ante el tiempo hist\u00f3rico que se vive, dijo, se necesita de la participaci\u00f3n de cient\u00edficos para el desarrollo de estudios que permitan plantear alternativas de soluci\u00f3n a problemas concretos.<\/span><span data-ccp-props=\"{&quot;201341983&quot;:0,&quot;335559731&quot;:708,&quot;335559739&quot;:160,&quot;335559740&quot;:240}\">\u00a0<\/span><\/p>\n<p><span data-contrast=\"auto\">Reiter\u00f3 que la m\u00e1xima casa de estudios ha sido pionera en esta materia y cuenta con un experimentado grupo de cient\u00edficos de diversas disciplinas. De igual manera, posee una infraestructura en laboratorios para el desarrollo de los mismos.<\/span><span data-ccp-props=\"{&quot;201341983&quot;:0,&quot;335559731&quot;:708,&quot;335559739&quot;:160,&quot;335559740&quot;:240}\">\u00a0<\/span><\/p>\n<p><span data-contrast=\"auto\">\u201cEn la UV se cubren todas las \u00e1reas del conocimiento: ingenier\u00eda, ciencias agrobiol\u00f3gicas, m\u00e9dicas, biol\u00f3gicas, econ\u00f3micas, sociales, human\u00edsticas y computacionales, entre otras.\u201d<\/span><span data-ccp-props=\"{&quot;201341983&quot;:0,&quot;335559731&quot;:708,&quot;335559739&quot;:160,&quot;335559740&quot;:240}\">\u00a0<\/span><\/p>\n<p><span data-contrast=\"auto\">Por parte del <\/span><i><span data-contrast=\"auto\">Coveicydet,<\/span><\/i><span data-contrast=\"auto\"> estuvieron: Alejandra L\u00f3pez Vidal, secretaria T\u00e9cnica; Diana Laura Rodr\u00edguez, consultora de Vinculaci\u00f3n; Ofelia Lizzet Rivera Basilio, consultora Jur\u00eddica; Sergio Del Valle M\u00e9ndez, jefe de la Divisi\u00f3n de Desarrollo Tecnol\u00f3gico, y Joel Nicol\u00e1s Mart\u00ednez L\u00f3pez, titular de la Divisi\u00f3n de Desarrollo Cient\u00edfico.<\/span><span data-ccp-props=\"{&quot;201341983&quot;:0,&quot;335559731&quot;:708,&quot;335559739&quot;:160,&quot;335559740&quot;:240}\">\u00a0<\/span><\/p>\n<p><span data-ccp-props=\"{&quot;201341983&quot;:0,&quot;335559739&quot;:160,&quot;335559740&quot;:240}\">\u00a0<\/span><\/p>\n<div id=\"attachment_114669\" style=\"width: 732px\" class=\"wp-caption aligncenter\"><img aria-describedby=\"caption-attachment-114669\" decoding=\"async\" loading=\"lazy\" class=\"size-full wp-image-114669\" src=\"https:\/\/www.uv.mx\/prensa\/files\/2022\/05\/030522-UV-COVEICYDET-6.jpg\" alt=\"\" width=\"722\" height=\"429\" srcset=\"https:\/\/www.uv.mx\/prensa\/files\/2022\/05\/030522-UV-COVEICYDET-6.jpg 722w, https:\/\/www.uv.mx\/prensa\/files\/2022\/05\/030522-UV-COVEICYDET-6-300x178.jpg 300w\" sizes=\"(max-width: 722px) 100vw, 722px\" \/><p id=\"caption-attachment-114669\" class=\"wp-caption-text\">Juan Ortiz Escamilla, director general de Investigaciones de la UV<\/p><\/div>\n","protected":false},"excerpt":{"rendered":"<p>Sus autoridades, Mart\u00edn Aguilar S\u00e1nchez y Darwin Mayorga Cruz,\u00a0firmaron un convenio general en la Sala de Juntas de Rector\u00eda<\/p>\n","protected":false},"author":1869,"featured_media":114685,"comment_status":"closed","ping_status":"closed","sticky":false,"template":"","format":"standard","meta":[],"categories":[61],"tags":[],"_links":{"self":[{"href":"https:\/\/www.uv.mx\/prensa\/wp-json\/wp\/v2\/posts\/114666"}],"collection":[{"href":"https:\/\/www.uv.mx\/prensa\/wp-json\/wp\/v2\/posts"}],"about":[{"href":"https:\/\/www.uv.mx\/prensa\/wp-json\/wp\/v2\/types\/post"}],"author":[{"embeddable":true,"href":"https:\/\/www.uv.mx\/prensa\/wp-json\/wp\/v2\/users\/1869"}],"replies":[{"embeddable":true,"href":"https:\/\/www.uv.mx\/prensa\/wp-json\/wp\/v2\/comments?post=114666"}],"version-history":[{"count":1,"href":"https:\/\/www.uv.mx\/prensa\/wp-json\/wp\/v2\/posts\/114666\/revisions"}],"predecessor-version":[{"id":114691,"href":"https:\/\/www.uv.mx\/prensa\/wp-json\/wp\/v2\/posts\/114666\/revisions\/114691"}],"wp:featuredmedia":[{"embeddable":true,"href":"https:\/\/www.uv.mx\/prensa\/wp-json\/wp\/v2\/media\/114685"}],"wp:attachment":[{"href":"https:\/\/www.uv.mx\/prensa\/wp-json\/wp\/v2\/media?parent=114666"}],"wp:term":[{"taxonomy":"category","embeddable":true,"href":"https:\/\/www.uv.mx\/prensa\/wp-json\/wp\/v2\/categories?post=114666"},{"taxonomy":"post_tag","embeddable":true,"href":"https:\/\/www.uv.mx\/prensa\/wp-json\/wp\/v2\/tags?post=114666"}],"curies":[{"name":"wp","href":"https:\/\/api.w.org\/{rel}","templated":true}]}}