{"id":114763,"date":"2022-05-07T08:00:53","date_gmt":"2022-05-07T13:00:53","guid":{"rendered":"https:\/\/www.uv.mx\/prensa\/?p=114763"},"modified":"2022-05-06T12:06:42","modified_gmt":"2022-05-06T17:06:42","slug":"el-cambio-climatico-tema-de-la-escuela-internacional-de-verano-issuv-2022","status":"publish","type":"post","link":"https:\/\/www.uv.mx\/prensa\/eventos\/el-cambio-climatico-tema-de-la-escuela-internacional-de-verano-issuv-2022\/","title":{"rendered":"El cambio clim\u00e1tico, tema de la Escuela Internacional de Verano-ISSUV-2022\u00a0"},"content":{"rendered":"<p>&nbsp;<\/p>\n<ul>\n<li data-leveltext=\"\u25cf\" data-font=\"\" data-listid=\"1\" data-aria-posinset=\"1\" data-aria-level=\"1\"><i><span data-contrast=\"auto\">Del 20 al 24 de junio en la USBI; habr\u00e1 talleres, conferencias, paneles y un cine foro dirigidos a estudiantes, acad\u00e9micos y sociedad en general<\/span><\/i><span data-ccp-props=\"{&quot;201341983&quot;:0,&quot;335559740&quot;:240}\">\u00a0<\/span><\/li>\n<li data-leveltext=\"\u25cf\" data-font=\"\" data-listid=\"1\" data-aria-posinset=\"2\" data-aria-level=\"1\"><i><span data-contrast=\"auto\">Participar\u00e1n expertos mexicanos que forman parte del Grupo Intergubernamental de Expertos sobre el Cambio Clim\u00e1tico de las Naciones Unidas<\/span><\/i><span data-ccp-props=\"{&quot;201341983&quot;:0,&quot;335559740&quot;:240}\">\u00a0<\/span><\/li>\n<\/ul>\n<p><span data-ccp-props=\"{&quot;201341983&quot;:0,&quot;335559740&quot;:240}\">\u00a0<\/span><\/p>\n<p><img decoding=\"async\" loading=\"lazy\" class=\"aligncenter size-full wp-image-114766\" src=\"https:\/\/www.uv.mx\/prensa\/files\/2022\/05\/03052022-DAVID-Carlos-Welsh-sobre-la-ISSUV-2022-de-Cambio-Climatico-1.jpg\" alt=\"\" width=\"722\" height=\"368\" srcset=\"https:\/\/www.uv.mx\/prensa\/files\/2022\/05\/03052022-DAVID-Carlos-Welsh-sobre-la-ISSUV-2022-de-Cambio-Climatico-1.jpg 722w, https:\/\/www.uv.mx\/prensa\/files\/2022\/05\/03052022-DAVID-Carlos-Welsh-sobre-la-ISSUV-2022-de-Cambio-Climatico-1-300x153.jpg 300w\" sizes=\"(max-width: 722px) 100vw, 722px\" \/><\/p>\n<p>&nbsp;<\/p>\n<p>&nbsp;<\/p>\n<div id=\"attachment_114767\" style=\"width: 732px\" class=\"wp-caption aligncenter\"><img aria-describedby=\"caption-attachment-114767\" decoding=\"async\" loading=\"lazy\" class=\"size-full wp-image-114767\" src=\"https:\/\/www.uv.mx\/prensa\/files\/2022\/05\/03052022-DAVID-Carlos-Welsh-sobre-la-ISSUV-2022-de-Cambio-Climatico-2.jpg\" alt=\"\" width=\"722\" height=\"339\" srcset=\"https:\/\/www.uv.mx\/prensa\/files\/2022\/05\/03052022-DAVID-Carlos-Welsh-sobre-la-ISSUV-2022-de-Cambio-Climatico-2.jpg 722w, https:\/\/www.uv.mx\/prensa\/files\/2022\/05\/03052022-DAVID-Carlos-Welsh-sobre-la-ISSUV-2022-de-Cambio-Climatico-2-300x141.jpg 300w\" sizes=\"(max-width: 722px) 100vw, 722px\" \/><p id=\"caption-attachment-114767\" class=\"wp-caption-text\">Carlos Welsh, investigador del CCT, destac\u00f3 la invitaci\u00f3n a estudiantes, trabajadores y acad\u00e9micos, as\u00ed como a la sociedad en general para asistir a la ISSUV 2022<\/p><\/div>\n<p><span data-ccp-props=\"{&quot;201341983&quot;:0,&quot;335559740&quot;:240}\">\u00a0<\/span><\/p>\n<p><b><i><span data-contrast=\"auto\">David Sandoval Rodr\u00edguez<\/span><\/i><\/b><span data-ccp-props=\"{&quot;201341983&quot;:0,&quot;335559740&quot;:240}\">\u00a0<\/span><\/p>\n<p><b><i><span data-contrast=\"auto\">Fotos: Cortes\u00eda de la DGRI<\/span><\/i><\/b><span data-ccp-props=\"{&quot;201341983&quot;:0,&quot;335559740&quot;:240}\">\u00a0<\/span><\/p>\n<p><b><i><span data-contrast=\"auto\">0<\/span><\/i><\/b><b><i><span data-contrast=\"auto\">7<\/span><\/i><\/b><b><i><span data-contrast=\"auto\">\/05\/2022, Xalapa, Ver.-<\/span><\/i><\/b><span data-contrast=\"auto\"> La tercera edici\u00f3n de la Escuela Internacional de Verano de la Universidad Veracruzana (UV) (ISSUV) se efectuar\u00e1 del lunes 20 al viernes 24 de junio y tiene como tema \u201cEl cambio clim\u00e1tico est\u00e1 aqu\u00ed\u201d.<\/span><span data-ccp-props=\"{&quot;201341983&quot;:0,&quot;335559740&quot;:240}\">\u00a0<\/span><\/p>\n<p><span data-contrast=\"auto\">Carlos Welsh Rodr\u00edguez, acad\u00e9mico e investigador del Centro de Ciencias de la Tierra (CCT) de la UV, dio a conocer los detalles de la ISSUV y destac\u00f3 que el evento regresa en modalidad h\u00edbrida, es decir, habr\u00e1 conferencias virtuales y la mayor\u00eda de los eventos <\/span><span data-contrast=\"auto\">se realizar\u00e1n<\/span><span data-contrast=\"auto\"> en la Unidad de Servicios Bibliotecarios y de Informaci\u00f3n (USBI), por lo cual se invita a estudiantes, acad\u00e9micos y comunidad universitaria, as\u00ed como al p\u00fablico en general a participar y dialogar con los especialistas.<\/span><span data-ccp-props=\"{&quot;201341983&quot;:0,&quot;335559731&quot;:720,&quot;335559740&quot;:240}\">\u00a0<\/span><\/p>\n<p><span data-contrast=\"auto\">La Escuela Internacional de Verano (ISS, por sus siglas en ingl\u00e9s), plante\u00f3 Welsh Rodr\u00edguez, \u201ces un gran esfuerzo institucional coordinado por la Direcci\u00f3n General de Relaciones Internacionales (DGRI) y est\u00e1 apoyada por tres entidades para darle sentido: la C\u00e1tedra UNESCO sobre Ciudadan\u00eda, Educaci\u00f3n y Sustentabilidad Ambiental; el Programa de Estudios de Cambio Clim\u00e1tico (PECCUV), y el Centro de Ciencias de la Tierra\u201d.<\/span><span data-ccp-props=\"{&quot;201341983&quot;:0,&quot;335559731&quot;:720,&quot;335559740&quot;:240}\">\u00a0<\/span><\/p>\n<p><span data-contrast=\"auto\">El acad\u00e9mico dijo que mediante la uni\u00f3n de las dependencias fue posible generar un contenido relevante y de nivel internacional que adem\u00e1s cumple con la pertinencia social del tema; \u201ces un enfoque de trabajo multidisciplinario en el que se van a tratar de discernir soluciones alternativas a este conflicto de car\u00e1cter global, lo primero que debemos decir es que la amenaza del cambio clim\u00e1tico es real y la estamos viviendo\u201d.<\/span><span data-ccp-props=\"{&quot;201341983&quot;:0,&quot;335559731&quot;:720,&quot;335559740&quot;:240}\">\u00a0<\/span><\/p>\n<p><span data-contrast=\"auto\">Precis\u00f3 que en esta ISSUV colaboran por primera vez un comit\u00e9 t\u00e9cnico acad\u00e9mico integrado por cuatro especialistas de la UV: Adalberto Tejeda Mart\u00ednez, pionero en los estudios de cambio clim\u00e1tico a nivel nacional; Edgar Gonz\u00e1lez Gaudiano, quien es un referente en temas ambientales y de cambio clim\u00e1tico; Irving Rafael M\u00e9ndez P\u00e9rez, coordinador del PECCUV, y el propio Welsh Rodr\u00edguez, quien ha sido revisor de las \u00faltimas tres ediciones del informe del Grupo Intergubernamental de Expertos sobre el Cambio Clim\u00e1tico (IPCC, por sus siglas en ingl\u00e9s) organismo de las Naciones Unidas.<\/span><span data-ccp-props=\"{&quot;201341983&quot;:0,&quot;335559740&quot;:240}\">\u00a0<\/span><\/p>\n<p><span data-contrast=\"auto\">El investigador describi\u00f3 la conformaci\u00f3n del programa de actividades que inician el lunes 20 de junio en jornadas matutina y vespertina, para finalizar el viernes 24.<\/span><span data-ccp-props=\"{&quot;201341983&quot;:0,&quot;335559731&quot;:720,&quot;335559740&quot;:240}\">\u00a0<\/span><\/p>\n<p><span data-contrast=\"auto\">Para enriquecer la discusi\u00f3n y el debate, tomando en cuenta que durante la pandemia se increment\u00f3 el consumo de materiales audiovisuales, se ha incluido un espacio de cine foro vespertino para el lunes 20 y martes 21, organizado y presentado por Rodrigo Z\u00e1rate Moedano, coordinador de la Especializaci\u00f3n en Estudios Cinematogr\u00e1ficos de la Facultad de Artes Pl\u00e1sticas.<\/span><span data-ccp-props=\"{&quot;201341983&quot;:0,&quot;335559731&quot;:720,&quot;335559740&quot;:240}\">\u00a0<\/span><\/p>\n<p><b><span data-contrast=\"auto\">Actividades del programa ISSUV 2022<\/span><\/b><span data-ccp-props=\"{&quot;201341983&quot;:0,&quot;335559740&quot;:240}\">\u00a0<\/span><\/p>\n<p><span data-contrast=\"auto\">Welsh Rodr\u00edguez coment\u00f3 acerca de las actividades de cada d\u00eda de la semana as\u00ed como de los participantes de los distintos eventos que ser\u00e1n conferencias, talleres, mesa redonda y paneles.<\/span><span data-ccp-props=\"{&quot;201341983&quot;:0,&quot;335559740&quot;:240}\">\u00a0<\/span><\/p>\n<p><span data-contrast=\"auto\">El lunes 20 se tratar\u00e1 el tema \u201cEl cambio clim\u00e1tico: lo que es y lo que no es\u201d, porque, dijo, \u201cen el ciudadano promedio todav\u00eda persisten algunas confusiones respecto a qu\u00e9 elementos abarca el cambio clim\u00e1tico\u201d.<\/span><span data-ccp-props=\"{&quot;201341983&quot;:0,&quot;335559731&quot;:720,&quot;335559740&quot;:240}\">\u00a0<\/span><\/p>\n<p><span data-contrast=\"auto\">El inicio es con la conferencia \u201cPara comprender el cambio clim\u00e1tico\u201d, a cargo de Cecilia Conde \u00c1lvarez, acad\u00e9mica del Instituto de Ciencias de la Atm\u00f3sfera y del Cambio Clim\u00e1tico de la Universidad Nacional Aut\u00f3noma de M\u00e9xico (UNAM) y autora l\u00edder del Grupo II del IPCC.<\/span><span data-ccp-props=\"{&quot;201341983&quot;:0,&quot;335559731&quot;:720,&quot;335559740&quot;:240}\">\u00a0<\/span><\/p>\n<p><span data-contrast=\"auto\">Luego vendr\u00e1 el panel \u201cProblemas de la detecci\u00f3n y la atribuci\u00f3n del cambio clim\u00e1tico\u201d, con Jorge Luis V\u00e1zquez Aguirre, acad\u00e9mico de la UV representante para servicios clim\u00e1ticos ante la Organizaci\u00f3n Meteorol\u00f3gica Mundial, y Carlos Gay Garc\u00eda, investigador del Instituto de Ciencias de la Atm\u00f3sfera y Cambio Clim\u00e1tico de la UNAM y miembro del IPCC.<\/span><span data-ccp-props=\"{&quot;201341983&quot;:0,&quot;335559740&quot;:240}\">\u00a0<\/span><\/p>\n<p><span data-contrast=\"auto\">Por parte de la sociedad civil, Yusif Nava Assad, egresado de la UV y experto en construcci\u00f3n de escenarios del cambio clim\u00e1tico, impartir\u00e1 el taller \u201cGeneraci\u00f3n de escenarios clim\u00e1ticos para M\u00e9xico\u201d.<\/span><span data-ccp-props=\"{&quot;201341983&quot;:0,&quot;335559731&quot;:720,&quot;335559740&quot;:240}\">\u00a0<\/span><\/p>\n<p><span data-contrast=\"auto\">Para el martes 21 el tema ser\u00e1 \u201cPol\u00edtica internacional\u201d y busca abarcar los elementos pol\u00edticos a nivel global con la conferencia virtual \u201cEl cambio clim\u00e1tico desde la \u00f3ptica del IPCC\u201d, por Roberto S\u00e1nchez Rodr\u00edguez, vicepresidente del Grupo II del IPCC e investigador del Colegio de la Frontera Norte.<\/span><span data-ccp-props=\"{&quot;201341983&quot;:0,&quot;335559731&quot;:720,&quot;335559740&quot;:240}\">\u00a0<\/span><\/p>\n<p><span data-contrast=\"auto\">Posteriormente, se desarrollar\u00e1 el panel \u201cLas brechas entre pa\u00edses y el cambio clim\u00e1tico\u201d, a cargo de Henry Jim\u00e9nez Guanipa, del Centro Heidelberg para Am\u00e9rica Latina de la Universidad de Heidelberg y presidente de la Red Internacional sobre Cambio Clim\u00e1tico Energ\u00eda y Derechos Humanos (RICEDH), quien adem\u00e1s construy\u00f3 esta red desde la UV hace cuatro a\u00f1os.<\/span><span data-ccp-props=\"{&quot;201341983&quot;:0,&quot;335559731&quot;:720,&quot;335559740&quot;:240}\">\u00a0<\/span><\/p>\n<p><span data-contrast=\"auto\">El mi\u00e9rcoles 22 se hablar\u00e1 sobre \u201cPol\u00edtica nacional sobre el cambio clim\u00e1tico\u201d que inicia con la conferencia \u201cLas pol\u00edticas de desarrollo vs. las de cambio clim\u00e1tico en M\u00e9xico\u201d, por Jos\u00e9 Clemente Rueda Abad, acad\u00e9mico del Programa de Cambio Clim\u00e1tico de la UNAM.<\/span><span data-ccp-props=\"{&quot;201341983&quot;:0,&quot;335559731&quot;:720,&quot;335559740&quot;:240}\">\u00a0<\/span><\/p>\n<p><span data-contrast=\"auto\">\u00a0A continuaci\u00f3n se abordar\u00e1n los \u201cRetos de la legislaci\u00f3n mexicana e internacional sobre cambio clim\u00e1tico\u201d con Carlos Gay, de la UNAM, y Mar Araluce Maria Custodio, experta en derecho ambiental y catedr\u00e1tica de la Facultad de Derecho de la Escola Superior Dom Helder Camara de Brasil.<\/span><span data-ccp-props=\"{&quot;201341983&quot;:0,&quot;335559731&quot;:720,&quot;335559740&quot;:240}\">\u00a0<\/span><\/p>\n<p><span data-contrast=\"auto\">Tambi\u00e9n se impartir\u00e1 el taller \u201cRevisi\u00f3n de la legislaci\u00f3n federal y local en cambio clim\u00e1tico\u201d, a cargo de Tania Garc\u00eda L\u00f3pez, acad\u00e9mica de la UV experta en pol\u00edtica y derecho ambiental.<\/span><span data-ccp-props=\"{&quot;201341983&quot;:0,&quot;335559731&quot;:720,&quot;335559740&quot;:240}\">\u00a0<\/span><\/p>\n<p><span data-contrast=\"auto\">El jueves 23 ser\u00e1 dedicado a \u201cEducaci\u00f3n y ciudadan\u00eda\u201d y su prop\u00f3sito es conocer \u201cd\u00f3nde estamos y qu\u00e9 debemos hacer con acciones desde lo local que impacten en lo global\u201d, apunt\u00f3 el entrevistado.<\/span><span data-ccp-props=\"{&quot;201341983&quot;:0,&quot;335559731&quot;:720,&quot;335559740&quot;:240}\">\u00a0<\/span><\/p>\n<p><span data-contrast=\"auto\">Y habr\u00e1 una conferencia, \u201cPsicolog\u00eda, educaci\u00f3n y ciudadan\u00eda ante el cambio clim\u00e1tico\u201d, por Annamaria Lammel, acad\u00e9mica de la Universit\u00e9 de Vincennes-Paris 8 y experta en temas de educaci\u00f3n relativas al cambio clim\u00e1tico.<\/span><span data-ccp-props=\"{&quot;201341983&quot;:0,&quot;335559731&quot;:720,&quot;335559740&quot;:240}\">\u00a0<\/span><\/p>\n<p><span data-contrast=\"auto\">Igualmente se realizar\u00e1 el panel \u201c\u00bfGeneraci\u00f3n de conciencia ciudadana o alarmismo ante el cambio clim\u00e1tico?\u201d con \u00c9dgar Gonz\u00e1lez Gaudiano y Adalberto Tejeda Mart\u00ednez, y el taller \u201cCiudadan\u00eda y educaci\u00f3n para el cambio clim\u00e1tico\u201d, a cargo de Laura Bello Benavides, titular de la Coordinaci\u00f3n Universitaria para la Sustentabilidad UV (<\/span><i><span data-contrast=\"auto\">CoSustenta<\/span><\/i><span data-contrast=\"auto\">).<\/span><span data-ccp-props=\"{&quot;201341983&quot;:0,&quot;335559731&quot;:720,&quot;335559740&quot;:240}\">\u00a0<\/span><\/p>\n<p><span data-contrast=\"auto\">Para concluir, el viernes 24 ser\u00e1 dedicado a la \u201cAcci\u00f3n por el clima\u201d y se discutir\u00e1n los Objetivos del Desarrollo Sostenible (ODS) de Naciones Unidas para \u201chacer una hoja de ruta sobre qu\u00e9 debemos hacer para enfrentarnos a este desaf\u00edo global\u201d.<\/span><span data-ccp-props=\"{&quot;201341983&quot;:0,&quot;335559731&quot;:720,&quot;335559740&quot;:240}\">\u00a0<\/span><\/p>\n<p><span data-contrast=\"auto\">Para ello, Welsh Rodr\u00edguez impartir\u00e1 la conferencia \u201cODS 13 Acci\u00f3n por el clima\u201d y en la que abordar\u00e1 \u201clas cosas como son aunque moleste, se\u00f1alarnos como universitarios d\u00f3nde estamos, hacia d\u00f3nde debemos ir y qu\u00e9 debemos hacer en el marco del Programa de Trabajo 2021-2025 de la UV\u201d.<\/span><span data-ccp-props=\"{&quot;201341983&quot;:0,&quot;335559731&quot;:720,&quot;335559740&quot;:240}\">\u00a0<\/span><\/p>\n<p><span data-contrast=\"auto\">A continuaci\u00f3n ser\u00e1 la mesa redonda \u201c\u00bfQu\u00e9 puedo hacer yo?\u201d, a cargo de Carolina Ochoa Mart\u00ednez, de la Maestr\u00eda en Ciencias de la Tierra UV; y el taller \u201cPerfil de resiliencia urbana\u201d, que impartir\u00e1 Ana Cecilia Travieso Bello, acad\u00e9mica del programa educativo de Geograf\u00eda, que lo ha facilitado en 20 ayuntamientos fuera de la entidad y ser\u00e1 la primera vez que se imparta en la regi\u00f3n.<\/span><\/p>\n","protected":false},"excerpt":{"rendered":"<p>El evento regresa en modalidad h\u00edbrida, es decir, habr\u00e1 conferencias virtuales y la mayor\u00eda de los eventos se realizar\u00e1n en la Unidad de Servicios Bibliotecarios y de Informaci\u00f3n (USBI)\u00a0<\/p>\n","protected":false},"author":1869,"featured_media":114766,"comment_status":"closed","ping_status":"closed","sticky":false,"template":"","format":"standard","meta":[],"categories":[47,61],"tags":[],"_links":{"self":[{"href":"https:\/\/www.uv.mx\/prensa\/wp-json\/wp\/v2\/posts\/114763"}],"collection":[{"href":"https:\/\/www.uv.mx\/prensa\/wp-json\/wp\/v2\/posts"}],"about":[{"href":"https:\/\/www.uv.mx\/prensa\/wp-json\/wp\/v2\/types\/post"}],"author":[{"embeddable":true,"href":"https:\/\/www.uv.mx\/prensa\/wp-json\/wp\/v2\/users\/1869"}],"replies":[{"embeddable":true,"href":"https:\/\/www.uv.mx\/prensa\/wp-json\/wp\/v2\/comments?post=114763"}],"version-history":[{"count":1,"href":"https:\/\/www.uv.mx\/prensa\/wp-json\/wp\/v2\/posts\/114763\/revisions"}],"predecessor-version":[{"id":114932,"href":"https:\/\/www.uv.mx\/prensa\/wp-json\/wp\/v2\/posts\/114763\/revisions\/114932"}],"wp:featuredmedia":[{"embeddable":true,"href":"https:\/\/www.uv.mx\/prensa\/wp-json\/wp\/v2\/media\/114766"}],"wp:attachment":[{"href":"https:\/\/www.uv.mx\/prensa\/wp-json\/wp\/v2\/media?parent=114763"}],"wp:term":[{"taxonomy":"category","embeddable":true,"href":"https:\/\/www.uv.mx\/prensa\/wp-json\/wp\/v2\/categories?post=114763"},{"taxonomy":"post_tag","embeddable":true,"href":"https:\/\/www.uv.mx\/prensa\/wp-json\/wp\/v2\/tags?post=114763"}],"curies":[{"name":"wp","href":"https:\/\/api.w.org\/{rel}","templated":true}]}}