{"id":114889,"date":"2022-05-06T10:28:06","date_gmt":"2022-05-06T15:28:06","guid":{"rendered":"https:\/\/www.uv.mx\/prensa\/?p=114889"},"modified":"2022-05-06T13:00:29","modified_gmt":"2022-05-06T18:00:29","slug":"por-mi-dedicacion-destaque-en-el-ceneval-egresado","status":"publish","type":"post","link":"https:\/\/www.uv.mx\/prensa\/banner\/por-mi-dedicacion-destaque-en-el-ceneval-egresado\/","title":{"rendered":"Por mi dedicaci\u00f3n destaqu\u00e9 en el <em>Ceneval<\/em>: egresado"},"content":{"rendered":"<ul class=\"ul1\">\n<li class=\"li1\"><i>Eric Javier Ruiz Alarc\u00f3n estudi\u00f3 la Licenciatura en Administraci\u00f3n de la UV<\/i><\/li>\n<li class=\"li1\"><i>Fue acreedor al Premio <\/i>Ceneval<i> al Desempe\u00f1o de Excelencia-EGEL<span class=\"Apple-converted-space\">\u00a0<\/span><\/i><\/li>\n<\/ul>\n<p>&nbsp;<\/p>\n<div id=\"attachment_114890\" style=\"width: 732px\" class=\"wp-caption aligncenter\"><img aria-describedby=\"caption-attachment-114890\" decoding=\"async\" loading=\"lazy\" class=\"size-full wp-image-114890\" src=\"https:\/\/www.uv.mx\/prensa\/files\/2022\/05\/040522-CARLOS-Eric-Premio-Ceneval-100k.jpg\" alt=\"Eric Javier Ruiz Alarc\u00f3n\" width=\"722\" height=\"542\" srcset=\"https:\/\/www.uv.mx\/prensa\/files\/2022\/05\/040522-CARLOS-Eric-Premio-Ceneval-100k.jpg 722w, https:\/\/www.uv.mx\/prensa\/files\/2022\/05\/040522-CARLOS-Eric-Premio-Ceneval-100k-300x225.jpg 300w\" sizes=\"(max-width: 722px) 100vw, 722px\" \/><p id=\"caption-attachment-114890\" class=\"wp-caption-text\">Eric Javier Ruiz Alarc\u00f3n<\/p><\/div>\n<p>&nbsp;<\/p>\n<p class=\"p1\"><b><i>Texto y fotos: Carlos Hugo Hermida Rosales<\/i><\/b><\/p>\n<p class=\"p1\"><b><i>06\/05\/2022, Xalapa, Ver.-<\/i><\/b> Eric Javier Ruiz Alarc\u00f3n, egresado de la <a href=\"https:\/\/www.uv.mx\/veracruz\/adtusi\/\" target=\"_blank\" rel=\"noopener\">Licenciatura en Administraci\u00f3n<\/a> de la Universidad Veracruzana (UV), afirm\u00f3 que todo lo que construy\u00f3 a lo largo de su formaci\u00f3n acad\u00e9mica le permiti\u00f3 ser reconocido por el Centro Nacional de Evaluaci\u00f3n para la Educaci\u00f3n Superior (<i>Ceneval<\/i>).<\/p>\n<p class=\"p3\">\u201cSi pusiste dedicaci\u00f3n al cursar tu carrera universitaria, es muy dif\u00edcil salir con un puntaje bajo en el Examen General para el Egreso de la Licenciatura (EGEL)\u201d, asegur\u00f3.<span class=\"Apple-converted-space\">\u00a0<\/span><\/p>\n<p class=\"p3\">En una ceremonia realizada el 2 de mayo en Tlaqn\u00e1, Centro Cultural, autoridades de la UV homenajearon a quienes obtuvieron el Premio <i>Ceneval<\/i> al Desempe\u00f1o de Excelencia-EGEL, que les fue otorgado por alcanzar un resultado sobresaliente \u2013entre mil 200 y mil 300 puntos\u2013 en todas las \u00e1reas que integran el EGEL.<span class=\"Apple-converted-space\">\u00a0<\/span><\/p>\n<p class=\"p3\">Eric Ruiz mencion\u00f3 que a lo largo de los cuatro a\u00f1os que dur\u00f3 su licenciatura obtuvo mucho conocimiento y aprendizaje sobre la administraci\u00f3n, disciplina muy completa que tiene una importancia fundamental para las empresas en el mundo actual.<span class=\"Apple-converted-space\">\u00a0<\/span><\/p>\n<p class=\"p3\">Comparti\u00f3 que el \u00e1rea financiera se volvi\u00f3 de sus favoritas, pues si bien al principio es compleja, una vez que se le entiende es dif\u00edcil no agarrarle el gusto.<span class=\"Apple-converted-space\">\u00a0<\/span><\/p>\n<p class=\"p3\"><span class=\"Apple-converted-space\">\u00a0<\/span>El joven, quien ahora cursa el segundo semestre de la Maestr\u00eda en Gesti\u00f3n de Recursos Humanos, Trabajo y Organizaciones, adscrita a la Facultad de Ciencias Administrativas y Sociales, destac\u00f3 la gran calidad de los docentes de la Licenciatura en Administraci\u00f3n y afirm\u00f3 que su plan de estudios es muy completo y bien estructurado.<span class=\"Apple-converted-space\">\u00a0<\/span><\/p>\n<p class=\"p3\">\u201cLa carrera universitaria de Administraci\u00f3n es hermosa, me encuentro muy contento y satisfecho por haberla elegido\u201d, concluy\u00f3.<span class=\"Apple-converted-space\">\u00a0<\/span><\/p>\n","protected":false},"excerpt":{"rendered":"<p>\u201cSi pusiste dedicaci\u00f3n al cursar tu carrera universitaria, es muy dif\u00edcil salir con un puntaje bajo en el Examen General para el Egreso de la Licenciatura (EGEL)\u201d, asegur\u00f3 <\/p>\n","protected":false},"author":1775,"featured_media":114891,"comment_status":"closed","ping_status":"closed","sticky":false,"template":"","format":"standard","meta":[],"categories":[61],"tags":[4161,170,3572,868,7399,6157],"_links":{"self":[{"href":"https:\/\/www.uv.mx\/prensa\/wp-json\/wp\/v2\/posts\/114889"}],"collection":[{"href":"https:\/\/www.uv.mx\/prensa\/wp-json\/wp\/v2\/posts"}],"about":[{"href":"https:\/\/www.uv.mx\/prensa\/wp-json\/wp\/v2\/types\/post"}],"author":[{"embeddable":true,"href":"https:\/\/www.uv.mx\/prensa\/wp-json\/wp\/v2\/users\/1775"}],"replies":[{"embeddable":true,"href":"https:\/\/www.uv.mx\/prensa\/wp-json\/wp\/v2\/comments?post=114889"}],"version-history":[{"count":1,"href":"https:\/\/www.uv.mx\/prensa\/wp-json\/wp\/v2\/posts\/114889\/revisions"}],"predecessor-version":[{"id":114933,"href":"https:\/\/www.uv.mx\/prensa\/wp-json\/wp\/v2\/posts\/114889\/revisions\/114933"}],"wp:featuredmedia":[{"embeddable":true,"href":"https:\/\/www.uv.mx\/prensa\/wp-json\/wp\/v2\/media\/114891"}],"wp:attachment":[{"href":"https:\/\/www.uv.mx\/prensa\/wp-json\/wp\/v2\/media?parent=114889"}],"wp:term":[{"taxonomy":"category","embeddable":true,"href":"https:\/\/www.uv.mx\/prensa\/wp-json\/wp\/v2\/categories?post=114889"},{"taxonomy":"post_tag","embeddable":true,"href":"https:\/\/www.uv.mx\/prensa\/wp-json\/wp\/v2\/tags?post=114889"}],"curies":[{"name":"wp","href":"https:\/\/api.w.org\/{rel}","templated":true}]}}