{"id":115120,"date":"2022-05-11T14:11:54","date_gmt":"2022-05-11T19:11:54","guid":{"rendered":"https:\/\/www.uv.mx\/prensa\/?p=115120"},"modified":"2022-05-11T14:11:54","modified_gmt":"2022-05-11T19:11:54","slug":"uv-entrego-a-angeles-cruz-sanchez-la-medalla-manuel-suarez-trujillo","status":"publish","type":"post","link":"https:\/\/www.uv.mx\/prensa\/banner\/uv-entrego-a-angeles-cruz-sanchez-la-medalla-manuel-suarez-trujillo\/","title":{"rendered":"UV entreg\u00f3 a \u00c1ngeles Cruz S\u00e1nchez la Medalla \u201cManuel Su\u00e1rez Trujillo\u201d\u00a0"},"content":{"rendered":"<p>&nbsp;<\/p>\n<ul>\n<li data-leveltext=\"\uf0b7\" data-font=\"Symbol\" data-listid=\"6\" data-aria-posinset=\"1\" data-aria-level=\"1\"><i><span data-contrast=\"auto\">Curs\u00f3 la Licenciatura en Ense\u00f1anza del Ingl\u00e9s en modalidad virtual<\/span><\/i><span data-ccp-props=\"{}\">\u00a0<\/span><\/li>\n<li data-leveltext=\"\uf0b7\" data-font=\"Symbol\" data-listid=\"6\" data-aria-posinset=\"2\" data-aria-level=\"1\"><i><span data-contrast=\"auto\">El reconocimiento se entrega a egresados que obtienen un promedio general de 100\u202fpor ciento en su carrera universitaria<\/span><\/i><span data-ccp-props=\"{}\">\u00a0<\/span><\/li>\n<\/ul>\n<p><span data-ccp-props=\"{}\">\u00a0<\/span><\/p>\n<div id=\"attachment_115121\" style=\"width: 732px\" class=\"wp-caption aligncenter\"><img aria-describedby=\"caption-attachment-115121\" decoding=\"async\" loading=\"lazy\" class=\"size-full wp-image-115121\" src=\"https:\/\/www.uv.mx\/prensa\/files\/2022\/05\/060622-CARLOS-Angeles-Cruz.jpg\" alt=\"\" width=\"722\" height=\"473\" srcset=\"https:\/\/www.uv.mx\/prensa\/files\/2022\/05\/060622-CARLOS-Angeles-Cruz.jpg 722w, https:\/\/www.uv.mx\/prensa\/files\/2022\/05\/060622-CARLOS-Angeles-Cruz-300x197.jpg 300w\" sizes=\"(max-width: 722px) 100vw, 722px\" \/><p id=\"caption-attachment-115121\" class=\"wp-caption-text\">Mar\u00eda de los \u00c1ngeles Cruz S\u00e1nchez<\/p><\/div>\n<p><span data-ccp-props=\"{}\">\u00a0<\/span><\/p>\n<p><b><i><span data-contrast=\"auto\">Carlos Hugo Hermida Rosales<\/span><\/i><\/b><span data-ccp-props=\"{}\">\u00a0<\/span><\/p>\n<p><b><i><span data-contrast=\"auto\">Foto: Omar Portilla Palacios<\/span><\/i><\/b><span data-ccp-props=\"{}\">\u00a0<\/span><\/p>\n<p><b><i><span data-contrast=\"auto\">11<\/span><\/i><\/b><b><i><span data-contrast=\"auto\">\/05\/2022. Xalapa, Ver<\/span><\/i><\/b><span data-contrast=\"auto\">. \u201cEl ingl\u00e9s es un idioma fascinante pues permite comunicarte con millones de personas en el mundo y te abre la puerta a la cultura de muchos pa\u00edses\u201d, asegur\u00f3 Mar\u00eda de los \u00c1ngeles Cruz S\u00e1nchez, quien fue reconocida por la Universidad Veracruzana (UV) con la Medalla al M\u00e9rito Estudiantil\u202f\u201cManuel Su\u00e1rez Trujillo\u201d.<\/span><span data-ccp-props=\"{}\">\u00a0<\/span><\/p>\n<p><span data-contrast=\"auto\">El galard\u00f3n le fue otorgado por egresar de la Licenciatura en Ense\u00f1anza del Ingl\u00e9s, modalidad virtual, con un promedio general de 100 en oportunidad de evaluaci\u00f3n ordinaria de primera inscripci\u00f3n.<\/span><span data-ccp-props=\"{&quot;335559731&quot;:708}\">\u00a0<\/span><\/p>\n<p><span data-contrast=\"auto\">\u00c1ngeles Cruz relat\u00f3 que cursar este plan de estudios no fue sencillo, <\/span><span data-contrast=\"auto\">porque todas las experiencias educativas ten\u00edan su grado de complejidad, y al llevarlas en l\u00ednea se lleg\u00f3 a sentir sola en alg\u00fan momento del camino.\u00a0<\/span><span data-ccp-props=\"{&quot;335559731&quot;:708}\">\u00a0<\/span><\/p>\n<p><span data-contrast=\"auto\">Su proyecto de experiencia recepcional signific\u00f3 un gran reto que afirm\u00f3 \u201cvolver\u00eda a repetir otra vez\u201d, ya que en \u00e9l adapt\u00f3 el uso de <\/span><i><span data-contrast=\"auto\">blogs<\/span><\/i><span data-contrast=\"auto\"> para que estudiantes de preparatoria de bajos recursos tuvieran acceso a clases de ingl\u00e9s a distancia.\u00a0<\/span><span data-ccp-props=\"{&quot;335559731&quot;:708}\">\u00a0<\/span><\/p>\n<p><span data-contrast=\"auto\">La <\/span><span data-contrast=\"auto\">egresada<\/span><span data-contrast=\"auto\"> comparti\u00f3 <\/span><span data-contrast=\"auto\">que <\/span><span data-contrast=\"auto\">le encantar\u00eda conocer pa\u00edses angloparlantes como Estados Unidos e Inglaterra, mencion\u00f3 que planea continuar su preparaci\u00f3n acad\u00e9mica con el ingreso a una maestr\u00eda o doctorado que le ayuden a especializarse a\u00fan m<\/span><span data-contrast=\"auto\">\u00e1s en la ense\u00f1anza del ingl\u00e9s<\/span><span data-contrast=\"auto\">.<\/span><span data-ccp-props=\"{&quot;335559731&quot;:708}\">\u00a0<\/span><\/p>\n<p><span data-contrast=\"auto\">\u201cMe gustar\u00eda publicar mis investigaciones e innovar con la did\u00e1ctica y estrategias de aprendizaje\u201d, puntualiz\u00f3.\u00a0<\/span><span data-ccp-props=\"{&quot;335559731&quot;:708}\">\u00a0<\/span><\/p>\n<p><span data-contrast=\"auto\">A<\/span><span data-contrast=\"auto\">gradeci\u00f3 a la UV por el reconocimiento otorgado y a su mam\u00e1 por apoyarla en todo momento, lo cual fue trascendental para que terminara su formaci\u00f3n con \u00e9xito.\u00a0<\/span><span data-ccp-props=\"{&quot;335559731&quot;:708}\">\u00a0<\/span><\/p>\n<p><span data-contrast=\"auto\">Anim\u00f3 a los estudiantes a brindarse al m\u00e1ximo y a seguir su vocaci\u00f3n al decidir qu\u00e9 carrera cursar, porque as\u00ed toda su etapa en la Universidad ser\u00e1 m\u00e1s placentera y no requerir\u00e1n de mucho esfuerzo para concluirla.<\/span><\/p>\n","protected":false},"excerpt":{"rendered":"<p>El galard\u00f3n le fue otorgado por egresar de la Licenciatura en Ense\u00f1anza del Ingl\u00e9s, modalidad virtual, con un promedio general de 100 en oportunidad de evaluaci\u00f3n ordinaria de primera inscripci\u00f3n<\/p>\n","protected":false},"author":1869,"featured_media":115122,"comment_status":"closed","ping_status":"closed","sticky":false,"template":"","format":"standard","meta":[],"categories":[61],"tags":[],"_links":{"self":[{"href":"https:\/\/www.uv.mx\/prensa\/wp-json\/wp\/v2\/posts\/115120"}],"collection":[{"href":"https:\/\/www.uv.mx\/prensa\/wp-json\/wp\/v2\/posts"}],"about":[{"href":"https:\/\/www.uv.mx\/prensa\/wp-json\/wp\/v2\/types\/post"}],"author":[{"embeddable":true,"href":"https:\/\/www.uv.mx\/prensa\/wp-json\/wp\/v2\/users\/1869"}],"replies":[{"embeddable":true,"href":"https:\/\/www.uv.mx\/prensa\/wp-json\/wp\/v2\/comments?post=115120"}],"version-history":[{"count":1,"href":"https:\/\/www.uv.mx\/prensa\/wp-json\/wp\/v2\/posts\/115120\/revisions"}],"predecessor-version":[{"id":115132,"href":"https:\/\/www.uv.mx\/prensa\/wp-json\/wp\/v2\/posts\/115120\/revisions\/115132"}],"wp:featuredmedia":[{"embeddable":true,"href":"https:\/\/www.uv.mx\/prensa\/wp-json\/wp\/v2\/media\/115122"}],"wp:attachment":[{"href":"https:\/\/www.uv.mx\/prensa\/wp-json\/wp\/v2\/media?parent=115120"}],"wp:term":[{"taxonomy":"category","embeddable":true,"href":"https:\/\/www.uv.mx\/prensa\/wp-json\/wp\/v2\/categories?post=115120"},{"taxonomy":"post_tag","embeddable":true,"href":"https:\/\/www.uv.mx\/prensa\/wp-json\/wp\/v2\/tags?post=115120"}],"curies":[{"name":"wp","href":"https:\/\/api.w.org\/{rel}","templated":true}]}}