{"id":115184,"date":"2022-05-12T15:03:02","date_gmt":"2022-05-12T20:03:02","guid":{"rendered":"https:\/\/www.uv.mx\/prensa\/?p=115184"},"modified":"2022-05-13T17:26:02","modified_gmt":"2022-05-13T22:26:02","slug":"teatro-la-caja-ya-tiene-cartelera-regular","status":"publish","type":"post","link":"https:\/\/www.uv.mx\/prensa\/cultura\/teatro-la-caja-ya-tiene-cartelera-regular\/","title":{"rendered":"Teatro La Caja ya tiene cartelera regular"},"content":{"rendered":"<ul class=\"ul1\">\n<li class=\"li1\"><i>Hay que potenciar la cultura teatral de Xalapa: Luis Mario Moncada<\/i><\/li>\n<\/ul>\n<p>&nbsp;<\/p>\n<div id=\"attachment_115185\" style=\"width: 732px\" class=\"wp-caption aligncenter\"><img aria-describedby=\"caption-attachment-115185\" decoding=\"async\" loading=\"lazy\" class=\"size-full wp-image-115185\" src=\"https:\/\/www.uv.mx\/prensa\/files\/2022\/05\/09052022-KARINA-Luis-Mario-Moncada-100k.jpg\" alt=\"Para informarse de la actividad de este foro teatral consulte: www.facebook.com\/TeatroLaCajaUV\" width=\"722\" height=\"476\" srcset=\"https:\/\/www.uv.mx\/prensa\/files\/2022\/05\/09052022-KARINA-Luis-Mario-Moncada-100k.jpg 722w, https:\/\/www.uv.mx\/prensa\/files\/2022\/05\/09052022-KARINA-Luis-Mario-Moncada-100k-300x198.jpg 300w\" sizes=\"(max-width: 722px) 100vw, 722px\" \/><p id=\"caption-attachment-115185\" class=\"wp-caption-text\">Para informarse de la actividad de este foro teatral consulte: www.facebook.com\/TeatroLaCajaUV<\/p><\/div>\n<p>&nbsp;<\/p>\n<p class=\"p1\"><b><i>Karina de la Paz Reyes D\u00edaz<\/i><\/b><\/p>\n<p class=\"p1\"><b><i>Foto: Omar Portilla Palacios<\/i><\/b><\/p>\n<p class=\"p1\"><b><i>12\/05\/2022, Xalapa, Ver.-<\/i><\/b> Tras m\u00e1s de dos a\u00f1os de vivir una situaci\u00f3n dif\u00edcil y de complicada resoluci\u00f3n: la pandemia por la COVID-19, el <a href=\"https:\/\/www.uv.mx\/orteuv\/teatro-la-caja-uv\/\" target=\"_blank\" rel=\"noopener\">Teatro La Caja<\/a> retom\u00f3 actividades y ofrece al p\u00fablico una cartelera regular todos los fines de semana, anunci\u00f3 Luis Mario Moncada, director art\u00edstico de la Organizaci\u00f3n Teatral de la Universidad Veracruzana (<i>Orteuv<\/i>).<\/p>\n<p class=\"p1\">El tambi\u00e9n dramaturgo, actor, docente, investigador y gestor cultural, se pronunci\u00f3 por recuperar y potenciar la cultura teatral que distingue a Xalapa.<\/p>\n<p class=\"p1\">Record\u00f3 que en el periodo m\u00e1s complicado de la pandemia por la COVID-19, que implic\u00f3 aislamiento social, la vida sigui\u00f3 de otras maneras y en el teatro descubrieron, \u201cpara bien o para mal\u201d, otros formatos de presentaci\u00f3n.<\/p>\n<p class=\"p3\">\u201cAlgunos muy crudos y que se sosten\u00edan s\u00f3lo por la buena voluntad de que quer\u00edamos seguir haciendo cosas, aunque ten\u00edamos una precariedad tecnol\u00f3gica, incluso del manejo del lenguaje audiovisual. Al mismo tiempo, hubo hallazgos muy interesantes y sorprendentes que mantuvieron a la gente reunida a trav\u00e9s de los canales en Internet.\u201d<\/p>\n<p class=\"p3\">Sin embargo, con el paso del tiempo fue inevitable que el p\u00fablico mostrara inter\u00e9s en volver a las calles y, naturalmente, a la actividad cultural presencial, lo cual es una de las distinciones de esta ciudad capital.<\/p>\n<p class=\"p3\">A prop\u00f3sito, el entrevistado subray\u00f3 la gran oferta cultural que hay en Xalapa, particularmente en el \u00e1mbito teatral. Es m\u00e1s, cit\u00f3 el art\u00edculo de Alejandra Serrano Rodr\u00edguez: <a href=\"https:\/\/investigacionteatral.uv.mx\/index.php\/investigacionteatral\/article\/download\/2605\/4531?inline=1\"><span class=\"s1\">Xalapa, capital teatral de M\u00e9xico<\/span><\/a>.<\/p>\n<p class=\"p3\">En el primer p\u00e1rrafo de la conclusi\u00f3n del art\u00edculo aludido se lee: \u201cA partir de la informaci\u00f3n presentada y en relaci\u00f3n con la densidad poblacional, podemos afirmar que Xalapa es la ciudad con mayor actividad y movimiento teatral del pa\u00eds; es decir, es la capital teatral del pa\u00eds. Si aceptamos esta afirmaci\u00f3n habr\u00eda que repensar las pol\u00edticas culturales del estado y las convocatorias federales que contin\u00faan acentuando la brecha econ\u00f3mica entre las producciones de Xalapa y las de la Ciudad de M\u00e9xico, a pesar de que, porcentualmente hablando, la productividad de las obras en Xalapa es mayor\u201d.<\/p>\n<p class=\"p1\">Basta citar dos ejemplos de la actividad que se desarrolla en el Teatro La Caja recientemente: del 6 al 8 de mayo se present\u00f3 <i>Tesoros<\/i>, de Karla Piedra, bajo la direcci\u00f3n de Mart\u00edn P\u00e9rez. Una obra de teatro que busca visibilizar el trabajo de los colectivos de b\u00fasqueda en el pa\u00eds, as\u00ed como rendir un homenaje a todas las madres que dedican su vida a buscar a sus hijos hasta el fin del mundo.<\/p>\n<p class=\"p1\">Adem\u00e1s, del 13 al 15 de mayo har\u00e1 lo propio <i>Variaciones Meyerhold<\/i>, que presenta Roberto Enr\u00edquez, cuyos horarios ser\u00e1n: viernes 20:00 horas, s\u00e1bado 19:00 y domingo 18:00. Se trata de una versi\u00f3n libre de la obra de Eduardo Pavlovsky y texto de Jorge Dubatti.<\/p>\n<p class=\"p1\">Las anteriores son s\u00f3lo una muestra de lo que presenta la <i>Orteuv<\/i>, tratando de recuperar el tiempo que los teatros han estado cerrados.<\/p>\n<p class=\"p1\">Para informarse de la actividad de este foro teatral consulte: <a href=\"http:\/\/www.facebook.com\/TeatroLaCajaUV\"><span class=\"s1\">www.facebook.com\/TeatroLaCajaUV<\/span><\/a><\/p>\n","protected":false},"excerpt":{"rendered":"<p>Para informarse de la actividad de este foro teatral consulte: www.facebook.com\/TeatroLaCajaUV<\/p>\n","protected":false},"author":1775,"featured_media":115185,"comment_status":"closed","ping_status":"closed","sticky":false,"template":"","format":"standard","meta":[],"categories":[11],"tags":[7430,7431,4015,1868,6462,6133,180,2260],"_links":{"self":[{"href":"https:\/\/www.uv.mx\/prensa\/wp-json\/wp\/v2\/posts\/115184"}],"collection":[{"href":"https:\/\/www.uv.mx\/prensa\/wp-json\/wp\/v2\/posts"}],"about":[{"href":"https:\/\/www.uv.mx\/prensa\/wp-json\/wp\/v2\/types\/post"}],"author":[{"embeddable":true,"href":"https:\/\/www.uv.mx\/prensa\/wp-json\/wp\/v2\/users\/1775"}],"replies":[{"embeddable":true,"href":"https:\/\/www.uv.mx\/prensa\/wp-json\/wp\/v2\/comments?post=115184"}],"version-history":[{"count":1,"href":"https:\/\/www.uv.mx\/prensa\/wp-json\/wp\/v2\/posts\/115184\/revisions"}],"predecessor-version":[{"id":115393,"href":"https:\/\/www.uv.mx\/prensa\/wp-json\/wp\/v2\/posts\/115184\/revisions\/115393"}],"wp:featuredmedia":[{"embeddable":true,"href":"https:\/\/www.uv.mx\/prensa\/wp-json\/wp\/v2\/media\/115185"}],"wp:attachment":[{"href":"https:\/\/www.uv.mx\/prensa\/wp-json\/wp\/v2\/media?parent=115184"}],"wp:term":[{"taxonomy":"category","embeddable":true,"href":"https:\/\/www.uv.mx\/prensa\/wp-json\/wp\/v2\/categories?post=115184"},{"taxonomy":"post_tag","embeddable":true,"href":"https:\/\/www.uv.mx\/prensa\/wp-json\/wp\/v2\/tags?post=115184"}],"curies":[{"name":"wp","href":"https:\/\/api.w.org\/{rel}","templated":true}]}}