{"id":115226,"date":"2022-05-14T08:00:36","date_gmt":"2022-05-14T13:00:36","guid":{"rendered":"https:\/\/www.uv.mx\/prensa\/?p=115226"},"modified":"2022-05-18T14:28:15","modified_gmt":"2022-05-18T19:28:15","slug":"max-invita-a-facultades-de-la-uv-a-tomar-clases-en-el-recinto","status":"publish","type":"post","link":"https:\/\/www.uv.mx\/prensa\/banner\/max-invita-a-facultades-de-la-uv-a-tomar-clases-en-el-recinto\/","title":{"rendered":"MAX invita a facultades de la UV a tomar clases en el recinto"},"content":{"rendered":"<ul class=\"ul1\">\n<li class=\"li1\"><i>Comunidad docente y alumnado de la Universidad Veracruzana, y de las otras instituciones educativas, deben solicitar informes en el Museo de Antropolog\u00eda de Xalapa<\/i><\/li>\n<\/ul>\n<p>&nbsp;<\/p>\n<div id=\"attachment_115227\" style=\"width: 732px\" class=\"wp-caption aligncenter\"><img aria-describedby=\"caption-attachment-115227\" decoding=\"async\" loading=\"lazy\" class=\"size-full wp-image-115227\" src=\"https:\/\/www.uv.mx\/prensa\/files\/2022\/05\/11052022-DAVID-ADICIONAL-Director-del-MAX-invita-a-facultades-de-la-UV-2-100k.jpg\" alt=\"Alfredo Delgado, director del MAX, invit\u00f3 a las comunidades de las facultades de la UV a visitar el museo\" width=\"722\" height=\"481\" srcset=\"https:\/\/www.uv.mx\/prensa\/files\/2022\/05\/11052022-DAVID-ADICIONAL-Director-del-MAX-invita-a-facultades-de-la-UV-2-100k.jpg 722w, https:\/\/www.uv.mx\/prensa\/files\/2022\/05\/11052022-DAVID-ADICIONAL-Director-del-MAX-invita-a-facultades-de-la-UV-2-100k-300x200.jpg 300w\" sizes=\"(max-width: 722px) 100vw, 722px\" \/><p id=\"caption-attachment-115227\" class=\"wp-caption-text\">Alfredo Delgado, director del MAX, invit\u00f3 a las comunidades de las facultades de la UV a visitar el museo<\/p><\/div>\n<p>&nbsp;<\/p>\n<p class=\"p1\"><b><i>David Sandoval Rodr\u00edguez<\/i><\/b><\/p>\n<p class=\"p1\"><b><i>Fotos: C\u00e9sar Pisil Ramos y p\u00e1gina de <\/i>Facebook <i>del MAX<\/i><\/b><\/p>\n<p class=\"p1\"><b><i>14\/05\/2022, Xalapa, Ver.-<\/i><\/b> Con el prop\u00f3sito de dinamizar las actividades del <a href=\"https:\/\/www.uv.mx\/max\/\" target=\"_blank\" rel=\"noopener\">Museo de Antropolog\u00eda<\/a> de Xalapa (MAX), su director<span class=\"Apple-converted-space\">\u00a0 <\/span>Alfredo Delgado Calder\u00f3n invita a profesores y estudiantes de las diversas facultades de la Universidad Veracruzana (UV) a visitar el recinto e inclusive solicitar la posibilidad de tomar clases al interior del emblem\u00e1tico espacio universitario.<\/p>\n<p class=\"p1\">El objetivo de acercar a la comunidad universitaria y al p\u00fablico en general contempla, tambi\u00e9n, que en pr\u00f3ximas fechas los habitantes de las localidades donde fueron encontradas algunas piezas resguardadas en el MAX visiten el museo y conozcan c\u00f3mo est\u00e1n conservadas.<\/p>\n<p class=\"p3\">\u201cLo que queremos es que la comunidad universitaria de las distintas facultades, no s\u00f3lo de la UV sino de otras universidades, nos visiten y puedan incluso tomar clases aqu\u00ed\u201d, apunt\u00f3 Delgado Calder\u00f3n, quien pidi\u00f3 a los interesados que, \u201cen lo inmediato hagan su solicitud a trav\u00e9s de la p\u00e1gina de <i>Facebook<\/i> (<a href=\"https:\/\/www.facebook.com\/museodeantropologiadexalapauv\"><span class=\"s1\">https:\/\/www.facebook.com\/museodeantropologiadexalapauv<\/span><\/a>) y se les dar\u00e1 respuesta\u201d.<\/p>\n<p class=\"p3\">Precis\u00f3 que por el momento se puede organizar una visita guiada y, en caso de que soliciten dar una clase en el recinto, se evaluar\u00e1 la posibilidad.<\/p>\n<p class=\"p3\">\u201cNos gustar\u00eda involucrar a las facultades y sus comunidades, para que auxilien en las exposiciones y tambi\u00e9n muestren sus puntos de vista, pues el museo pareciera est\u00e1tico y \u00fanicamente para los antrop\u00f3logos; pero, queremos destacar que es tambi\u00e9n parte de un proceso pedag\u00f3gico e invitamos a todas las facultades a que no solamente vengan a conocer, que incluso vengan a tomar clases al museo\u201d, subray\u00f3 el Director.<\/p>\n<p class=\"p3\">Como parte de la dinamizaci\u00f3n, se actualiza constantemente la p\u00e1gina de <i>Facebook<\/i> donde se mostrar\u00e1n las piezas, para generar inter\u00e9s y para que quienes no puedan acudir al MAX constaten que est\u00e1n bien resguardadas y puedan ver la informaci\u00f3n arqueol\u00f3gica e hist\u00f3rica que conllevan.<\/p>\n<p class=\"p3\">Aunado a esto, buscan compartir en la red social los testimonios de personas que trabajaron con los arque\u00f3logos, inclusive consider\u00f3 que algunos de ellos, que poseen material fotogr\u00e1fico y recuerdan la experiencia, podr\u00edan ser grabados para compartirse por <i>Facebook<\/i>.<\/p>\n<p class=\"p3\">Alfredo Delgado recalc\u00f3 que le gustar\u00eda recibir a personas provenientes de los alrededores de las zona arqueol\u00f3gicas El Taj\u00edn, San Lorenzo Tenochtitlan, Acayucan, Laguna de los Cerros, Corral Nuevo, Maltrata y de los alrededores de El Zapotal para que observen c\u00f3mo se exhiben y resguardan las piezas encontradas en sus localidades.<\/p>\n<p class=\"p3\">\u201cQueremos que haya una retroalimentaci\u00f3n en ambos sentidos porque en algunos casos las comunidades consideraron a las piezas como se\u00f1ores del monte, dioses del ma\u00edz o santos; sin embargo, nosotros como arque\u00f3logos las vemos de otra manera, por ello buscamos la retroalimentaci\u00f3n y principalmente que las comunidades vengan a conocer el patrimonio, porque algunas se sienten despojadas de sus piezas pero no podemos hacer un museo en cada comunidad donde aparece una; adem\u00e1s, aqu\u00ed est\u00e1n dignamente resguardadas\u201d, precis\u00f3.<\/p>\n<p class=\"p3\">No obstante, reconoci\u00f3 que para algunas personas el MAX puede parecer imponente y les coh\u00edbe, por ello no ingresan; en tal sentido, subray\u00f3 que el museo tiene el patrimonio de los veracruzanos en exhibici\u00f3n \u201cpara que lo disfruten y lo aprehendan de diferentes maneras, no s\u00f3lo de manera visual, que comprendan que estamos exponiendo procesos de largo plazo en los cuales se desarrollaron las culturas del Golfo de M\u00e9xico\u201d.<\/p>\n<p class=\"p3\">Por otro lado, entre los proyectos a mediano plazo explic\u00f3 que tienen planeado recibir a los arque\u00f3logos que trabajaron en las excavaciones de algunas piezas para que asistan al MAX y conversen con los visitantes y respondan sus preguntas. A\u00f1adi\u00f3 que ya hay varios interesados en charlar con las personas.<\/p>\n<p class=\"p3\">Otra de las acciones ya en marcha es la instalaci\u00f3n de c\u00f3digos QR en las piezas para que los visitantes puedan obtener mayor informaci\u00f3n a trav\u00e9s de sus dispositivos m\u00f3viles y se implementa el cobro con tarjeta en la taquilla, adem\u00e1s de que se trabaja en la venta de boletos electr\u00f3nicos.<\/p>\n<p class=\"p3\">De la misma manera, se tiene planeado involucrar a las distintas comunidades de m\u00fasicos y versadores para \u201cversarle\u201d a piezas destacadas como el altar de los chaneques, el pr\u00edncipe de la Cruz del Milagro o las cabezas colosales, dado que son parte de las leyendas y tradiciones de sus comunidades.<\/p>\n<p class=\"p1\">El horario de servicio del MAX es de martes a domingo, de 9:00 a 17:00 horas. Mayores informes sobre tarifas en el sitio oficial: <a href=\"https:\/\/www.uv.mx\/max\/\"><span class=\"s2\">https:\/\/www.uv.mx\/max\/<\/span><\/a> y en las redes sociales: @MuseoMAX<\/p>\n","protected":false},"excerpt":{"rendered":"<p>Se busca que habitantes de las comunidades de donde provienen las piezas visiten el museo y conversen con los arque\u00f3logos<\/p>\n","protected":false},"author":1775,"featured_media":115228,"comment_status":"closed","ping_status":"closed","sticky":false,"template":"","format":"standard","meta":[],"categories":[61],"tags":[4567,6263,1960,4159,1285,559,2283,102,1012,1280],"_links":{"self":[{"href":"https:\/\/www.uv.mx\/prensa\/wp-json\/wp\/v2\/posts\/115226"}],"collection":[{"href":"https:\/\/www.uv.mx\/prensa\/wp-json\/wp\/v2\/posts"}],"about":[{"href":"https:\/\/www.uv.mx\/prensa\/wp-json\/wp\/v2\/types\/post"}],"author":[{"embeddable":true,"href":"https:\/\/www.uv.mx\/prensa\/wp-json\/wp\/v2\/users\/1775"}],"replies":[{"embeddable":true,"href":"https:\/\/www.uv.mx\/prensa\/wp-json\/wp\/v2\/comments?post=115226"}],"version-history":[{"count":1,"href":"https:\/\/www.uv.mx\/prensa\/wp-json\/wp\/v2\/posts\/115226\/revisions"}],"predecessor-version":[{"id":115561,"href":"https:\/\/www.uv.mx\/prensa\/wp-json\/wp\/v2\/posts\/115226\/revisions\/115561"}],"wp:featuredmedia":[{"embeddable":true,"href":"https:\/\/www.uv.mx\/prensa\/wp-json\/wp\/v2\/media\/115228"}],"wp:attachment":[{"href":"https:\/\/www.uv.mx\/prensa\/wp-json\/wp\/v2\/media?parent=115226"}],"wp:term":[{"taxonomy":"category","embeddable":true,"href":"https:\/\/www.uv.mx\/prensa\/wp-json\/wp\/v2\/categories?post=115226"},{"taxonomy":"post_tag","embeddable":true,"href":"https:\/\/www.uv.mx\/prensa\/wp-json\/wp\/v2\/tags?post=115226"}],"curies":[{"name":"wp","href":"https:\/\/api.w.org\/{rel}","templated":true}]}}