{"id":115479,"date":"2022-05-17T14:02:35","date_gmt":"2022-05-17T19:02:35","guid":{"rendered":"https:\/\/www.uv.mx\/prensa\/?p=115479"},"modified":"2022-05-18T14:05:44","modified_gmt":"2022-05-18T19:05:44","slug":"educacion-salvacion-contra-los-males-que-aquejan-al-mundo-nora-basurto","status":"publish","type":"post","link":"https:\/\/www.uv.mx\/prensa\/banner\/educacion-salvacion-contra-los-males-que-aquejan-al-mundo-nora-basurto\/","title":{"rendered":"Educaci\u00f3n, salvaci\u00f3n contra los males que aquejan al mundo: Nora Basurto"},"content":{"rendered":"<p>&nbsp;<\/p>\n<ul>\n<li><em>La catedr\u00e1tica de la Escuela para Estudiantes Extranjeros fue reconocida con el Premio al Decano 2022<\/em><\/li>\n<li><em>\u201cDedico mi eterna gratitud a la UV y a la educaci\u00f3n p\u00fablica, laica y gratuita\u201d<\/em><\/li>\n<\/ul>\n<p>&nbsp;<\/p>\n<div id=\"attachment_115480\" style=\"width: 732px\" class=\"wp-caption aligncenter\"><img aria-describedby=\"caption-attachment-115480\" decoding=\"async\" loading=\"lazy\" class=\"size-full wp-image-115480\" src=\"https:\/\/www.uv.mx\/prensa\/files\/2022\/05\/170522-CARLOS-Nora-Basurto.jpg\" alt=\"\" width=\"722\" height=\"481\" srcset=\"https:\/\/www.uv.mx\/prensa\/files\/2022\/05\/170522-CARLOS-Nora-Basurto.jpg 722w, https:\/\/www.uv.mx\/prensa\/files\/2022\/05\/170522-CARLOS-Nora-Basurto-300x200.jpg 300w\" sizes=\"(max-width: 722px) 100vw, 722px\" \/><p id=\"caption-attachment-115480\" class=\"wp-caption-text\">Nora Margarita Basurto Santos<\/p><\/div>\n<p>&nbsp;<\/p>\n<p><strong><em>Carlos Hugo Hermida Rosales<\/em><\/strong><\/p>\n<p><strong><em>Fot\u00f3grafo: C\u00e9sar Pisil Ramos<\/em><\/strong><\/p>\n<p>&nbsp;<\/p>\n<p><strong><em>17\/05\/2022, Xalapa, Ver.-<\/em><\/strong> Para Nora Margarita Basurto Santos, investigadora y acad\u00e9mica de la <a href=\"https:\/\/www.uv.mx\/eee\/\" target=\"_blank\" rel=\"noopener\">Escuela para Estudiantes Extranjeros<\/a> (EEE), la Universidad Veracruzana (UV) representa la oportunidad de desarrollarse como docente y profesionista, el lugar en el que durante 41 a\u00f1os de trayectoria ha podido aprender mucho de todas y todos sus estudiantes.<\/p>\n<p>La catedr\u00e1tica fue reconocida el 16 de mayo con el Premio al Decano 2022, en una ceremonia realizada en la Sala Anexa de Tlaqn\u00e1, Centro Cultural.<\/p>\n<p>Nora Basurto comparti\u00f3 que comenz\u00f3 a laborar en la UV en 1981, al egresar de la Licenciatura en Lengua Inglesa, Lenguas Extranjeras, Literatura y Ling\u00fc\u00edstica de la Facultad de Idiomas.<\/p>\n<p>Aunque la idea original al concluir su formaci\u00f3n universitaria era desempe\u00f1arse como traductora o int\u00e9rprete, cuando a\u00fan estudiaba cubri\u00f3 interinatos en secundaria y preparatoria, y ello le hizo ver que deseaba ser docente, aunque no necesariamente en esos niveles educativos.<\/p>\n<p>El primer sitio en el que labor\u00f3 dentro de la UV fue en el Departamento de Lenguas Extranjeras (<em>Delex<\/em>) de la Facultad de Idiomas, donde impart\u00eda cinco horas de c\u00e1tedra a la semana; posteriormente se incorpor\u00f3 a la Licenciatura en Lengua Inglesa de esa entidad acad\u00e9mica.<\/p>\n<p>Despu\u00e9s realiz\u00f3 una Especializaci\u00f3n en Ense\u00f1anza del Ingl\u00e9s y la Master of Science (MSc), Teaching English en la Universidad Aston, y se certific\u00f3 como profesora en el extranjero, enfoc\u00e1ndose a dar clases m\u00e1s avanzadas.<\/p>\n<p>Nora Basurto declar\u00f3 que ser docente en la educaci\u00f3n superior conlleva una gran responsabilidad que implica brindar herramientas al alumnado para que entienda la disciplina que se ense\u00f1a, ayudarle y entusiasmarle a aprender m\u00e1s sobre el tema.<\/p>\n<p>\u201cLas y los estudiantes universitarios son adultos y tienen la capacidad intelectual de decidir qu\u00e9 es aquello que quieren hacer\u201d, asegur\u00f3.<\/p>\n<p>La catedr\u00e1tica afirm\u00f3 que la educaci\u00f3n \u2013formal e informal\u2013 es la salvaci\u00f3n contra los males que aquejan al mundo, y coment\u00f3 que las y los docentes deben mostrar a sus alumnos que es su obligaci\u00f3n enterarse de lo que ocurre en su entorno.<\/p>\n<p>\u201cSi los estudiantes ven que su maestro es emp\u00e1tico, estar\u00e1n dispuestos a desarrollar valores como tolerancia, responsabilidad y empat\u00eda\u201d, mencion\u00f3.<\/p>\n<p>Puntualiz\u00f3 que el profesor no tiene que ser una autoridad frente a sus pupilos, ya que su labor es apoyarlos para que descubran aquello que les gusta y as\u00ed puedan dise\u00f1ar su futuro. Adem\u00e1s de ser fuente de conocimiento y de informaci\u00f3n, debe tener la capacidad de retroalimentarse y aceptar errores.<\/p>\n<p>Nora Basurto manifest\u00f3 que le da mucha satisfacci\u00f3n haber sido galardonada con el Premio al Decano 2022 y mencion\u00f3 que este reconocimiento la hace consciente de la gran responsabilidad y compromiso que tiene como docente, profesora, investigadora y formadora de nuevas generaciones de estudiantes y maestros.<\/p>\n<p>Agradeci\u00f3 a la Universidad Veracruzana por darle la oportunidad de crecer, y de impactar positivamente a trav\u00e9s de la creaci\u00f3n de programas educativos.<\/p>\n<p>\u201cHubiera sido dif\u00edcil desarrollar mi trayectoria en otra instituci\u00f3n, por lo que dedico mi eterna gratitud a la UV y a la educaci\u00f3n p\u00fablica, laica y gratuita.\u201d<\/p>\n","protected":false},"excerpt":{"rendered":"<p>El profesor, adem\u00e1s de ser fuente de conocimiento y de informaci\u00f3n, debe tener la capacidad de retroalimentarse y aceptar errores, mencion\u00f3.<\/p>\n","protected":false},"author":1869,"featured_media":115482,"comment_status":"closed","ping_status":"closed","sticky":false,"template":"","format":"standard","meta":[],"categories":[61],"tags":[],"_links":{"self":[{"href":"https:\/\/www.uv.mx\/prensa\/wp-json\/wp\/v2\/posts\/115479"}],"collection":[{"href":"https:\/\/www.uv.mx\/prensa\/wp-json\/wp\/v2\/posts"}],"about":[{"href":"https:\/\/www.uv.mx\/prensa\/wp-json\/wp\/v2\/types\/post"}],"author":[{"embeddable":true,"href":"https:\/\/www.uv.mx\/prensa\/wp-json\/wp\/v2\/users\/1869"}],"replies":[{"embeddable":true,"href":"https:\/\/www.uv.mx\/prensa\/wp-json\/wp\/v2\/comments?post=115479"}],"version-history":[{"count":1,"href":"https:\/\/www.uv.mx\/prensa\/wp-json\/wp\/v2\/posts\/115479\/revisions"}],"predecessor-version":[{"id":115544,"href":"https:\/\/www.uv.mx\/prensa\/wp-json\/wp\/v2\/posts\/115479\/revisions\/115544"}],"wp:featuredmedia":[{"embeddable":true,"href":"https:\/\/www.uv.mx\/prensa\/wp-json\/wp\/v2\/media\/115482"}],"wp:attachment":[{"href":"https:\/\/www.uv.mx\/prensa\/wp-json\/wp\/v2\/media?parent=115479"}],"wp:term":[{"taxonomy":"category","embeddable":true,"href":"https:\/\/www.uv.mx\/prensa\/wp-json\/wp\/v2\/categories?post=115479"},{"taxonomy":"post_tag","embeddable":true,"href":"https:\/\/www.uv.mx\/prensa\/wp-json\/wp\/v2\/tags?post=115479"}],"curies":[{"name":"wp","href":"https:\/\/api.w.org\/{rel}","templated":true}]}}