{"id":115492,"date":"2022-05-21T08:00:57","date_gmt":"2022-05-21T13:00:57","guid":{"rendered":"https:\/\/www.uv.mx\/prensa\/?p=115492"},"modified":"2022-05-18T20:02:12","modified_gmt":"2022-05-19T01:02:12","slug":"estudiante-de-derecho-uv-recibio-titulo-embajador-mensajero-de-paz","status":"publish","type":"post","link":"https:\/\/www.uv.mx\/prensa\/banner\/estudiante-de-derecho-uv-recibio-titulo-embajador-mensajero-de-paz\/","title":{"rendered":"Alumna de Derecho UV recibi\u00f3 t\u00edtulo \u201cEmbajador Mensajero de Paz\u201d"},"content":{"rendered":"<ul class=\"ul1\">\n<li class=\"li1\"><em>En honor al desempe\u00f1o, excelencia y gesti\u00f3n a favor de la educaci\u00f3n y la cultura de paz en Latinoam\u00e9rica<\/em><\/li>\n<li class=\"li1\"><i>La pandemia y tomar clases en modalidad virtual no impidieron que destacara en el \u00e1mbito acad\u00e9mico<\/i><\/li>\n<\/ul>\n<p>&nbsp;<\/p>\n<div id=\"attachment_115493\" style=\"width: 732px\" class=\"wp-caption aligncenter\"><img aria-describedby=\"caption-attachment-115493\" decoding=\"async\" loading=\"lazy\" class=\"size-full wp-image-115493\" src=\"https:\/\/www.uv.mx\/prensa\/files\/2022\/05\/13052022-KARINA-Griseel-Guadalupe-Olarte-100k.jpg\" alt=\"En honor al desempe\u00f1o, excelencia y gesti\u00f3n a favor de la educaci\u00f3n y la cultura de paz en Latinoam\u00e9rica\" width=\"722\" height=\"481\" srcset=\"https:\/\/www.uv.mx\/prensa\/files\/2022\/05\/13052022-KARINA-Griseel-Guadalupe-Olarte-100k.jpg 722w, https:\/\/www.uv.mx\/prensa\/files\/2022\/05\/13052022-KARINA-Griseel-Guadalupe-Olarte-100k-300x200.jpg 300w\" sizes=\"(max-width: 722px) 100vw, 722px\" \/><p id=\"caption-attachment-115493\" class=\"wp-caption-text\">En honor al desempe\u00f1o, excelencia y gesti\u00f3n a favor de la educaci\u00f3n y la cultura de paz en Latinoam\u00e9rica<\/p><\/div>\n<p>&nbsp;<\/p>\n<p class=\"p1\"><b><i>Karina de la Paz Reyes D\u00edaz<\/i><\/b><\/p>\n<p class=\"p1\"><b><i>Fotos: Jos\u00e9 Rujiro Hern\u00e1ndez Temis<\/i><\/b><\/p>\n<p class=\"p1\"><b><i>21\/05\/2022, Xalapa, Ver.- <\/i><\/b>Grissel Guadalupe Olarte Luna, estudiante de la Facultad de Derecho de la Universidad Veracruzana (UV), recibi\u00f3 el t\u00edtulo \u201cEmbajador Mensajero de Paz\u201d, en honor al desempe\u00f1o, excelencia y gesti\u00f3n a favor de la educaci\u00f3n y la cultura de paz en Latinoam\u00e9rica.<\/p>\n<p class=\"p1\">Las instituciones que lo expidieron fueron: el Claustro Doctoral por la Paz del Corporativo de Inteligencia Educa (CIE), a trav\u00e9s de E-University, y el Centro Educativo de Veracruz \u201cSiglo XXI\u201d.<\/p>\n<p class=\"p1\">En entrevista, explic\u00f3 que todo surgi\u00f3 de la convocatoria del CEI a participar en el evento Educa Awards 2021, cuyas postulaciones deb\u00edan versar sobre la Agenda 2030 para el Desarrollo Sostenible de la Organizaci\u00f3n de las Nacionales Unidas (ONU).<\/p>\n<p class=\"p1\">La universitaria obtuvo una presea, lo cual implic\u00f3 que el comit\u00e9 organizador le diera seguimiento a su quehacer durante el a\u00f1o pasado y dado su buen desempe\u00f1o fue que le otorgaron el t\u00edtulo citado.<\/p>\n<p class=\"p3\">\u201cMe lleg\u00f3 un mensaje donde dec\u00eda que hab\u00eda sido seleccionada para ser \u2018Embajador Mensajero de Paz\u2019, por la trayectoria que hab\u00eda tenido en ese a\u00f1o\u201d, narr\u00f3.<\/p>\n<p class=\"p3\">Es preciso citar que Grissel Guadalupe Olarte es parte de diferentes organizaciones estudiantiles, como el grupo Semillero de Derecho Parlamentario y T\u00e9cnica Legislativa de su Facultad. Ah\u00ed, es titular de una secretar\u00eda de enlaces y servicios educativos ante instituciones de educaci\u00f3n superior, lo que le implica establecer contacto con instituciones del pa\u00eds en aras de desarrollar actividades.<\/p>\n<p class=\"p3\">Tambi\u00e9n, es parte del Club Rotaract, en su natal Poza Rica, donde desempe\u00f1a labor social a favor de personas en situaci\u00f3n de vulnerabilidad.<\/p>\n<p class=\"p3\">Adem\u00e1s, junto con Luc\u00eda Ortiz Mart\u00ednez, gan\u00f3 el <a href=\"https:\/\/www.uv.mx\/prensa\/banner\/alumnas-uv-ganan-primer-concurso-de-mediacion-y-conciliacion-estatal\/\"><span class=\"s1\">Primer Concurso de Mediaci\u00f3n y Conciliaci\u00f3n Penal<\/span><\/a> en el Estado de Veracruz.<\/p>\n<p class=\"p1\">Es tambi\u00e9n una estudiante convencida de que su generaci\u00f3n puede aportar a un gran cambio en la humanidad, y que el antes, durante y despu\u00e9s de una pandemia o la situaci\u00f3n social y econ\u00f3mica que se vive en el mundo lejos de frenarles, debe ser su motivaci\u00f3n.<\/p>\n<p class=\"p1\">\u201cConsidero que los temas negativos que nos afectan como ciudadanos es porque no nos integramos a actividades que pueden hacer el cambio a favor de nosotros mismos. Por eso trato de sumarme a diferentes organizaciones y actividades. Tambi\u00e9n da una satisfacci\u00f3n personal el saber que tus actividades est\u00e1n aportando un granito de arena a la sociedad.\u201d<\/p>\n<p class=\"p1\">Los dos a\u00f1os de pandemia propiciaron que Grissel Guadalupe concluyera la preparatoria y cursara tres ciclos de universidad en modalidad virtual, no obstante, procur\u00f3 que su formaci\u00f3n profesional no menguara.<\/p>\n<p class=\"p3\">\u201cEl hecho de que existiera una adversidad no fue un l\u00edmite para seguir con mis actividades. Considero que es adaptarnos y ahora que estamos regresando a lo presencial debemos seguir con muchas m\u00e1s ganas.\u201d<\/p>\n<p class=\"p3\">La universitaria invit\u00f3 a la comunidad UV para que participe en actividades fuera del aula, porque todo aporta a la formaci\u00f3n profesional. \u201cNo somos el futuro, somos el presente y considero que en nosotros est\u00e1 el cambio\u201d.<\/p>\n","protected":false},"excerpt":{"rendered":"<p>Se lo entregaron el Claustro Doctoral por la Paz del Corporativo de Inteligencia Educa (CIE), a trav\u00e9s de E-University, y el Centro Educativo de Veracruz \u201cSiglo XXI\u201d<\/p>\n","protected":false},"author":1775,"featured_media":115494,"comment_status":"closed","ping_status":"closed","sticky":false,"template":"","format":"standard","meta":[],"categories":[61],"tags":[1659,7540,7538,7536,7537,2269,7539,7542,7535,1442,524,7534,6767,4015,1661,7543,7541],"_links":{"self":[{"href":"https:\/\/www.uv.mx\/prensa\/wp-json\/wp\/v2\/posts\/115492"}],"collection":[{"href":"https:\/\/www.uv.mx\/prensa\/wp-json\/wp\/v2\/posts"}],"about":[{"href":"https:\/\/www.uv.mx\/prensa\/wp-json\/wp\/v2\/types\/post"}],"author":[{"embeddable":true,"href":"https:\/\/www.uv.mx\/prensa\/wp-json\/wp\/v2\/users\/1775"}],"replies":[{"embeddable":true,"href":"https:\/\/www.uv.mx\/prensa\/wp-json\/wp\/v2\/comments?post=115492"}],"version-history":[{"count":1,"href":"https:\/\/www.uv.mx\/prensa\/wp-json\/wp\/v2\/posts\/115492\/revisions"}],"predecessor-version":[{"id":115600,"href":"https:\/\/www.uv.mx\/prensa\/wp-json\/wp\/v2\/posts\/115492\/revisions\/115600"}],"wp:featuredmedia":[{"embeddable":true,"href":"https:\/\/www.uv.mx\/prensa\/wp-json\/wp\/v2\/media\/115494"}],"wp:attachment":[{"href":"https:\/\/www.uv.mx\/prensa\/wp-json\/wp\/v2\/media?parent=115492"}],"wp:term":[{"taxonomy":"category","embeddable":true,"href":"https:\/\/www.uv.mx\/prensa\/wp-json\/wp\/v2\/categories?post=115492"},{"taxonomy":"post_tag","embeddable":true,"href":"https:\/\/www.uv.mx\/prensa\/wp-json\/wp\/v2\/tags?post=115492"}],"curies":[{"name":"wp","href":"https:\/\/api.w.org\/{rel}","templated":true}]}}