{"id":115986,"date":"2022-05-24T12:35:43","date_gmt":"2022-05-24T17:35:43","guid":{"rendered":"https:\/\/www.uv.mx\/prensa\/?p=115986"},"modified":"2022-05-24T14:22:37","modified_gmt":"2022-05-24T19:22:37","slug":"historiadoras-uv-compartieron-avances-de-trabajos-doctorales","status":"publish","type":"post","link":"https:\/\/www.uv.mx\/prensa\/general\/historiadoras-uv-compartieron-avances-de-trabajos-doctorales\/","title":{"rendered":"Historiadoras UV compartieron avances de trabajos doctorales"},"content":{"rendered":"<ul class=\"ul1\">\n<li class=\"li1\"><i>Dentro del Primer Coloquio Transatl\u00e1ntico de Investigadores e Investigadoras Predoctorales<\/i><\/li>\n<li class=\"li1\"><span class=\"s2\"><i>Mar\u00eda del Rosario Juan Mendoza y Ana Luisa P\u00e9rez Sosa participaron en este encuentro<\/i><\/span><\/li>\n<li class=\"li1\"><i>Fue organizado por la universidad de Alcal\u00e1 de Henares, Espa\u00f1a, y Universidad de Toulouse II-Jean Jaur\u00e8s, Francia<\/i><\/li>\n<\/ul>\n<p>&nbsp;<\/p>\n<div id=\"attachment_115987\" style=\"width: 732px\" class=\"wp-caption aligncenter\"><img aria-describedby=\"caption-attachment-115987\" decoding=\"async\" loading=\"lazy\" class=\"size-full wp-image-115987\" src=\"https:\/\/www.uv.mx\/prensa\/files\/2022\/05\/230522-MESA-I-COLOQUIO-TRANSATLANTICO-1-100k.jpg\" alt=\"Mar\u00eda del Rosario Juan Mendoza, acad\u00e9mica de la UV, cursa el Doctorado en Historia Contempor\u00e1nea en la Universidad del Pa\u00eds Vasco\" width=\"722\" height=\"371\" srcset=\"https:\/\/www.uv.mx\/prensa\/files\/2022\/05\/230522-MESA-I-COLOQUIO-TRANSATLANTICO-1-100k.jpg 722w, https:\/\/www.uv.mx\/prensa\/files\/2022\/05\/230522-MESA-I-COLOQUIO-TRANSATLANTICO-1-100k-300x154.jpg 300w\" sizes=\"(max-width: 722px) 100vw, 722px\" \/><p id=\"caption-attachment-115987\" class=\"wp-caption-text\">Mar\u00eda del Rosario Juan Mendoza, acad\u00e9mica de la UV, cursa el Doctorado en Historia Contempor\u00e1nea en la Universidad del Pa\u00eds Vasco<\/p><\/div>\n<p>&nbsp;<\/p>\n<p class=\"p1\"><b><i>Claudia Peralta V\u00e1zquez<\/i><\/b><\/p>\n<p class=\"p1\"><b><i>Fotos: Luis Fernando Fern\u00e1ndez Carrillo<\/i><\/b><\/p>\n<p class=\"p1\"><b><i>24\/05\/2022, Xalapa, Ver.- <\/i><\/b><span class=\"s1\">Mar\u00eda del Rosario Juan Mendoza y Ana Luisa P\u00e9rez Sosa, acad\u00e9mica y egresada de la Universidad Veracruzana (UV), respectivamente, participaron en la Mesa I del Primer Coloquio Transatl\u00e1ntico de Investigadores e Investigadoras Predoctorales, el pasado 17 de mayo, en la que dieron a conocer los avances de sus proyectos doctorales.<\/span><\/p>\n<p class=\"p3\">Este evento, organizado por la Universidad de Alcal\u00e1 de Henares (UAH), Espa\u00f1a, y la Universidad de Toulouse II-Jean Jaur\u00e8s (UT2J), Francia, se desarroll\u00f3 de manera virtual del 17 al 19 de mayo. La UV intervino a trav\u00e9s del Seminario de Estudios Contempor\u00e1neos de la Regi\u00f3n Sur-Sureste de la <a href=\"https:\/\/www.uv.mx\/historia\/\" target=\"_blank\" rel=\"noopener\">Facultad de Historia<\/a>.<\/p>\n<p class=\"p4\">Durante esos tres d\u00edas, el foro congreg\u00f3 a 27 investigadores e investigadoras del Instituto Universitario de Investigaci\u00f3n en Estudios Latinoamericanos (IELAT) de la UAH, del Instituto Pluridisciplinario de Estudios de las Am\u00e9ricas de la UT2J y del Centro de Estudios Americanos adscrito a la Facultad de Artes Liberales de la Universidad \u201cAdolfo Ib\u00e1\u00f1ez\u201d (UAI), en Chile.<\/p>\n<p class=\"p4\">Mar\u00eda del Rosario Juan Mendoza, acad\u00e9mica de la Facultad de Historia, comparti\u00f3 los avances de su investigaci\u00f3n: \u201cLa ciudad de Veracruz en v\u00edsperas de la crisis financiera mundial de 1929\u201d, que desarrolla en el Doctorado en Historia Contempor\u00e1nea, de la Universidad del Pa\u00eds Vasco.<\/p>\n<p class=\"p4\">En la transmisi\u00f3n por <i>Zoom<\/i>, coment\u00f3 que se trata de un an\u00e1lisis del contexto geogr\u00e1fico, pol\u00edtico, econ\u00f3mico, social y cultural de la ciudad de Veracruz.<\/p>\n<p class=\"p4\">Uno de los objetivos de su trabajo es identificar la presencia peninsular en esta ciudad portuaria que tiene toda una tradici\u00f3n mercantil, colonial, y se constituy\u00f3 como uno de los puertos m\u00e1s representativos junto con el de Acapulco.<\/p>\n<p class=\"p4\">Al respecto, dijo que durante las \u00faltimas tres d\u00e9cadas del siglo XIX y tres primeras del XX, la ciudad de Veracruz propici\u00f3 el inter\u00e9s de la comunidad extranjera, entre ellos, espa\u00f1oles procedentes de diferentes regiones de la pen\u00ednsula ib\u00e9rica.<\/p>\n<p class=\"p4\">Para ello, se cuenta con una serie de datos que revelan el registro de la comunidad peninsular a trav\u00e9s de una inicial, para identificaci\u00f3n de migrantes hispanos que se encontraban en el puerto.<\/p>\n<p class=\"p4\">\u201cEsta revisi\u00f3n detenida de lo que es el censo en espec\u00edfico, ha permitido ir considerando la relevancia de ubicar los espacios de vivencia, estructura familiar, y reflexionar en torno al contexto migratorio y las distintas din\u00e1micas que se desarrollan.\u201d<\/p>\n<p class=\"p4\">Tambi\u00e9n visualiza que, hacia finales del siglo XIX, dentro del contexto europeo se da una explosi\u00f3n demogr\u00e1fica que va a propiciar el traslado de un n\u00famero significativo de poblaci\u00f3n hacia distintos espacios, entre ellos Am\u00e9rica Latina.<\/p>\n<p class=\"p4\">Todo este proceso de an\u00e1lisis llev\u00f3 a la investigadora a se\u00f1alar que en t\u00e9rminos migratorios habr\u00eda que contemplar toda la explosi\u00f3n demogr\u00e1fica presente.<\/p>\n<p class=\"p4\">Adem\u00e1s, a considerar que el traslado de quienes se ven en la necesidad de salir desde sus lugares de origen, estar\u00eda relacionado con lo que es parte de una tradici\u00f3n migratoria que se mantendr\u00e1 y desarrollar\u00e1 con caracter\u00edsticas muy propias en el contexto colonial, en el transcurso del siglo XIX y principios del XX.<\/p>\n<p class=\"p4\">Mar\u00eda del Rosario Juan dio a conocer algunas de las fuentes que sustentan dicha investigaci\u00f3n, entre ellas: los censos del Instituto Nacional de Estad\u00edstica y Geograf\u00eda (<i>Inegi<\/i>), de 1900 y 1930; el Registro Civil de 1920-1926; las actas de cabildo correspondientes a los a\u00f1os 1920-1930.<\/p>\n<p class=\"p4\">Tambi\u00e9n, el Archivo Notarial de Veracruz, Acervo fotogr\u00e1fico del estado de Veracruz, memorias e informes de gobernadores, y parte de la historiograf\u00eda mexicana y espa\u00f1ola que le permiti\u00f3 conocer el desarrollo de la poblaci\u00f3n en su conjunto, espec\u00edficamente de lo que son los procesos migratorios que tuvieron lugar a finales del siglo XIX y principios del XX.<\/p>\n<p class=\"p4\">\u201cEs una d\u00e9cada que me interesa examinar de forma m\u00e1s detenida, porque me permite comprender, para el caso mexicano, un contexto post-revolucionario.\u201d<\/p>\n<p class=\"p4\">En su exposici\u00f3n, Ana Luisa P\u00e9rez Sosa, quien cursa el cuarto semestre del Doctorado en Historia Moderna y Contempor\u00e1nea en el Instituto de Investigaciones \u201cDoctor Jos\u00e9 Mar\u00eda Luis Mora\u201d de la Ciudad de M\u00e9xico, destac\u00f3 la importancia de su investigaci\u00f3n: \u201cBanqueros e inspectores: El Banco Veracruzano 1943-1975\u201d.<\/p>\n<p class=\"p4\">La egresada de la Maestr\u00eda en Ciencias Sociales del Instituto de Investigaciones Hist\u00f3rico-Sociales (IIH-S) de la UV, detall\u00f3 algunos de los principales objetivos del estudio, basados en comprender y analizar los comportamientos de los banqueros dentro del sistema financiero mexicano, justo entre 1943 y 1975.<\/p>\n<p class=\"p3\">\u201cNosotros no podemos comprender el sistema financiero si no se comprende c\u00f3mo es que los involucrados interact\u00faan, se integran y finalmente tienen relaciones entre s\u00ed que les permiten concretar empresas.\u201d<\/p>\n<p class=\"p4\">Narr\u00f3 que, durante este periodo, el sistema financiero mexicano estaba en constantes cambios y en una reconfiguraci\u00f3n porque la intenci\u00f3n del Estado era institucionalizarlo y centralizarlo.<\/p>\n<p class=\"p4\">Con ello, pretend\u00eda lograr que el sistema financiero estuviera completamente regulado a partir de las operaciones, interacciones de esos grupos, y que la credibilidad partiera de reglamentaciones muy puntuales y no de las relaciones de los distintos involucrados.<\/p>\n<p class=\"p4\">Tambi\u00e9n buscaba ampliar el cr\u00e9dito, y destinarlo a un grupo m\u00e1s amplio de personas y no s\u00f3lo para la \u00e9lite.\u201cPor eso era importante que la credibilidad partiera de reglamentaciones y no de estas relaciones entre s\u00ed, lo cual no se logr\u00f3 del todo.\u201d Otro de los objetivos era constituir una red fuerte de bancos regionales que permitiera atender las necesidades espec\u00edficas de los espacios.<\/p>\n","protected":false},"excerpt":{"rendered":"<p>Fue realizado el Primer Coloquio Transatl\u00e1ntico de Investigadores e Investigadoras Predoctorales, organizado por la Universidad de Alcal\u00e1 de Henares y la Universidad de Toulouse II-Jean Jaur\u00e8s .<\/p>\n","protected":false},"author":1775,"featured_media":115987,"comment_status":"closed","ping_status":"closed","sticky":false,"template":"","format":"standard","meta":[],"categories":[1],"tags":[7615,4163,543,247,2343,6249,7614,7616,4437,3103,3012,7617,7618],"_links":{"self":[{"href":"https:\/\/www.uv.mx\/prensa\/wp-json\/wp\/v2\/posts\/115986"}],"collection":[{"href":"https:\/\/www.uv.mx\/prensa\/wp-json\/wp\/v2\/posts"}],"about":[{"href":"https:\/\/www.uv.mx\/prensa\/wp-json\/wp\/v2\/types\/post"}],"author":[{"embeddable":true,"href":"https:\/\/www.uv.mx\/prensa\/wp-json\/wp\/v2\/users\/1775"}],"replies":[{"embeddable":true,"href":"https:\/\/www.uv.mx\/prensa\/wp-json\/wp\/v2\/comments?post=115986"}],"version-history":[{"count":1,"href":"https:\/\/www.uv.mx\/prensa\/wp-json\/wp\/v2\/posts\/115986\/revisions"}],"predecessor-version":[{"id":116048,"href":"https:\/\/www.uv.mx\/prensa\/wp-json\/wp\/v2\/posts\/115986\/revisions\/116048"}],"wp:featuredmedia":[{"embeddable":true,"href":"https:\/\/www.uv.mx\/prensa\/wp-json\/wp\/v2\/media\/115987"}],"wp:attachment":[{"href":"https:\/\/www.uv.mx\/prensa\/wp-json\/wp\/v2\/media?parent=115986"}],"wp:term":[{"taxonomy":"category","embeddable":true,"href":"https:\/\/www.uv.mx\/prensa\/wp-json\/wp\/v2\/categories?post=115986"},{"taxonomy":"post_tag","embeddable":true,"href":"https:\/\/www.uv.mx\/prensa\/wp-json\/wp\/v2\/tags?post=115986"}],"curies":[{"name":"wp","href":"https:\/\/api.w.org\/{rel}","templated":true}]}}